{"id":13688,"date":"2023-06-29T15:29:00","date_gmt":"2023-06-29T19:29:00","guid":{"rendered":"https:\/\/caid.gob.do\/caid\/?p=13688"},"modified":"2023-09-15T10:24:05","modified_gmt":"2023-09-15T14:24:05","slug":"adeofa-y-caid-ampliaran-servicios-para-ninos-en-condiciones-especiales","status":"publish","type":"post","link":"https:\/\/caid.gob.do\/caid\/adeofa-y-caid-ampliaran-servicios-para-ninos-en-condiciones-especiales\/","title":{"rendered":"ADEOFA y CAID ampliar\u00e1n servicios para ni\u00f1os en condiciones especiales"},"content":{"rendered":"\n<p>La Asociaci\u00f3n Dominicana de Esposas de Oficiales de las Fuerzas Armadas (ADEOFA) y el Centro de Atenci\u00f3n Integral para la Discapacidad (CAID) firmaron un convenio que ampliar\u00e1 los servicios y la capacitaci\u00f3n de especialistas del Centro de Atenci\u00f3n Integral de las Fuerzas Armadas (CAIFFAA), a favor de ni\u00f1os con trastorno del espectro autista (TEA), par\u00e1lisis cerebral (PC) y s\u00edndrome de Down, entre otras condiciones especiales.<\/p>\n\n\n\n<figure class=\"wp-block-image size-full\"><img loading=\"lazy\" decoding=\"async\" width=\"4153\" height=\"3448\" src=\"https:\/\/caid.gob.do\/caid\/wp-content\/uploads\/P1070552-2.jpg\" alt=\"\" class=\"wp-image-13689\"\/><\/figure>\n\n\n\n<p>El convenio fue rubricado por la presidenta de la ADEOFA Wendy Santos de D\u00edaz y el presidente del Consejo Directivo del CAID, padre Jorge William Hern\u00e1ndez, quienes desde hace m\u00e1s de un a\u00f1o impulsan, junto a un equipo de profesionales del \u00e1rea, los programas del CAIFFAA., en la firma tambi\u00e9n particip\u00f3 el ministro de Defensa, teniente general Carlos Luciano D\u00edaz Morfa, ERD.<\/p>\n\n\n\n<p>La presidenta de ADEOFA, dijo que con este acuerdo el CAID formaliza la asesor\u00eda y asistencia t\u00e9cnica en materia de discapacidad, con un plan de acci\u00f3n que involucra infraestructura, servicios y capacitaci\u00f3n de los terapeutas civiles y militares del CAIFFAA, con diplomados en TEA que se imparten en el Instituto Tecnol\u00f3gico de Santo Domingo (INTEC).<\/p>\n\n\n\n<p>\u201cHoy, es un d\u00eda significativo, pues con este acuerdo ADEOFA-CAID, nacen nuevas esperanzas, estamos comprometidos a seguir trabajando arduamente para brindar la mejor atenci\u00f3n a los ni\u00f1os que asisten a nuestros centros, promoviendo su desarrollo, bienestar y felicidad\u201d, expres\u00f3 Santos de D\u00edaz.<\/p>\n\n\n\n<figure class=\"wp-block-video\"><video height=\"1080\" style=\"aspect-ratio: 1920 \/ 1080;\" width=\"1920\" controls poster=\"https:\/\/caid.gob.do\/caid\/wp-content\/uploads\/P1070572.jpg\" src=\"https:\/\/caid.gob.do\/caid\/wp-content\/uploads\/video-output-F8DB8930-FEC7-40A7-ACFE-E6197B74E887.mov\"><\/video><\/figure>\n\n\n\n<p>Desde su creaci\u00f3n, el CAIFFAA ha beneficiado m\u00e1s de 80 &nbsp;hijos de los &nbsp;miembros de las Fuerzas Armadas, que requieren de este tipo de atenciones a trav\u00e9s de un proceso que incluye el diagn\u00f3stico temprano, evaluaciones en los hospitales militares, as\u00ed como el acompa\u00f1amiento mediante terapia.<\/p>\n\n\n\n<p>Mientras que el presidente del CAID, Jorge Hern\u00e1ndez, dijo que \"este acuerdo, materializa meses previos de trabajo, ya con frutos compartidos y un itinerario de colaboraci\u00f3n ininterrumpida hacia el futuro, que nos llena de alegr\u00eda y esperanza, por ser un proyecto que armoniza con los esfuerzos del gobierno del presidente Luis Rodolfo Abinader Corona y ampl\u00eda la oferta de servicios a la infancia con discapacidad en todo el pa\u00eds\".<\/p>\n\n\n\n<p>Como parte del convenio, ADEOFA se compromete a crear programas de apoyo dirigido a padres con hijos con condici\u00f3n de discapacidad, as\u00ed como a gestionar los espacios necesarios para impartir charlas de orientaci\u00f3n&nbsp; familiar y apoyar los proyectos de ampliaci\u00f3n de las sedes del CAID.<\/p>\n\n\n\n<p>En el acto estuvieron presentes por parte del CAID el doctor Henry Rosa, director nacional; la encargada del departamento de Desarrollo de Servicios, Yahila de Pe\u00f1a; las encargadas de Cooperaci\u00f3n Internacional, Priscila Socorro, Norys V\u00e9lez, de Comunicaci\u00f3n, as\u00ed como las psic\u00f3logas cl\u00ednicas del CAIFFAA Alizamel Hern\u00e1ndez Montilla y Carolina Guti\u00e9rrez, ambas segundo teniente del Ej\u00e9rcito.<\/p>\n","protected":false},"excerpt":{"rendered":"<p>La Asociaci\u00f3n Dominicana de Esposas de Oficiales de las Fuerzas Armadas (ADEOFA) y el Centro de Atenci\u00f3n Integral para la Discapacidad (CAID) firmaron un convenio que ampliar\u00e1 los servicios y la capacitaci\u00f3n de especialistas del Centro de Atenci\u00f3n Integral de las Fuerzas Armadas (CAIFFAA), a favor de ni\u00f1os con trastorno del espectro autista (TEA), par\u00e1lisis cerebral (PC) y s\u00edndrome de Down, entre otras condiciones especiales.<\/p>\n","protected":false},"author":1,"featured_media":13689,"comment_status":"closed","ping_status":"closed","sticky":false,"template":"","format":"standard","meta":{"_acf_changed":false,"_jetpack_memberships_contains_paid_content":false,"footnotes":""},"categories":[3],"tags":[50],"class_list":["post-13688","post","type-post","status-publish","format-standard","has-post-thumbnail","hentry","category-noticias","tag-santo-domingo"],"acf":[],"yoast_head":"<!-- This site is optimized with the Yoast SEO plugin v27.0 - https:\/\/yoast.com\/product\/yoast-seo-wordpress\/ -->\r\n<title>ADEOFA y CAID ampliar\u00e1n servicios para ni\u00f1os en condiciones especiales - CAID<\/title>\r\n<meta name=\"robots\" content=\"index, follow, max-snippet:-1, max-image-preview:large, max-video-preview:-1\" \/>\r\n<link rel=\"canonical\" href=\"https:\/\/caid.gob.do\/caid\/adeofa-y-caid-ampliaran-servicios-para-ninos-en-condiciones-especiales\/\" \/>\r\n<meta property=\"og:locale\" content=\"es_ES\" \/>\r\n<meta property=\"og:type\" content=\"article\" \/>\r\n<meta property=\"og:title\" content=\"ADEOFA y CAID ampliar\u00e1n servicios para ni\u00f1os en condiciones especiales - CAID\" \/>\r\n<meta property=\"og:description\" content=\"La Asociaci\u00f3n Dominicana de Esposas de Oficiales de las Fuerzas Armadas (ADEOFA) y el Centro de Atenci\u00f3n Integral para la Discapacidad (CAID) firmaron un convenio que ampliar\u00e1 los servicios y la capacitaci\u00f3n de especialistas del Centro de Atenci\u00f3n Integral de las Fuerzas Armadas (CAIFFAA), a favor de ni\u00f1os con trastorno del espectro autista (TEA), par\u00e1lisis cerebral (PC) y s\u00edndrome de Down, entre otras condiciones especiales.\" \/>\r\n<meta property=\"og:url\" content=\"https:\/\/caid.gob.do\/caid\/adeofa-y-caid-ampliaran-servicios-para-ninos-en-condiciones-especiales\/\" \/>\r\n<meta property=\"og:site_name\" content=\"CAID\" \/>\r\n<meta property=\"article:publisher\" content=\"https:\/\/www.facebook.com\/redcaidrd\" \/>\r\n<meta property=\"article:published_time\" content=\"2023-06-29T19:29:00+00:00\" \/>\r\n<meta property=\"article:modified_time\" content=\"2023-09-15T14:24:05+00:00\" \/>\r\n<meta property=\"og:image\" content=\"https:\/\/caid.gob.do\/caid\/wp-content\/uploads\/P1070552-2.jpg\" \/>\r\n\t<meta property=\"og:image:width\" content=\"800\" \/>\r\n\t<meta property=\"og:image:height\" content=\"664\" \/>\r\n\t<meta property=\"og:image:type\" content=\"image\/jpeg\" \/>\r\n<meta name=\"author\" content=\"j.ortega\" \/>\r\n<meta name=\"twitter:card\" content=\"summary_large_image\" \/>\r\n<meta name=\"twitter:creator\" content=\"@CAIDRDO\" \/>\r\n<meta name=\"twitter:site\" content=\"@CAIDRDO\" \/>\r\n<meta name=\"twitter:label1\" content=\"Written by\" \/>\n\t<meta name=\"twitter:data1\" content=\"j.ortega\" \/>\n\t<meta name=\"twitter:label2\" content=\"Est. reading time\" \/>\n\t<meta name=\"twitter:data2\" content=\"3 minutos\" \/>\r\n<script type=\"application\/ld+json\" class=\"yoast-schema-graph\">{\"@context\":\"https:\/\/schema.org\",\"@graph\":[{\"@type\":\"Article\",\"@id\":\"https:\/\/caid.gob.do\/caid\/adeofa-y-caid-ampliaran-servicios-para-ninos-en-condiciones-especiales\/#article\",\"isPartOf\":{\"@id\":\"https:\/\/caid.gob.do\/caid\/adeofa-y-caid-ampliaran-servicios-para-ninos-en-condiciones-especiales\/\"},\"author\":{\"name\":\"j.ortega\",\"@id\":\"https:\/\/caid.gob.do\/caid\/#\/schema\/person\/eabe18a8e75d76804c0ab7a18828fb37\"},\"headline\":\"ADEOFA y CAID ampliar\u00e1n servicios para ni\u00f1os en condiciones especiales\",\"datePublished\":\"2023-06-29T19:29:00+00:00\",\"dateModified\":\"2023-09-15T14:24:05+00:00\",\"mainEntityOfPage\":{\"@id\":\"https:\/\/caid.gob.do\/caid\/adeofa-y-caid-ampliaran-servicios-para-ninos-en-condiciones-especiales\/\"},\"wordCount\":497,\"publisher\":{\"@id\":\"https:\/\/caid.gob.do\/caid\/#organization\"},\"image\":{\"@id\":\"https:\/\/caid.gob.do\/caid\/adeofa-y-caid-ampliaran-servicios-para-ninos-en-condiciones-especiales\/#primaryimage\"},\"thumbnailUrl\":\"https:\/\/caid.gob.do\/caid\/wp-content\/uploads\/P1070552-2.jpg\",\"keywords\":[\"Santo Domingo\"],\"articleSection\":[\"Noticias\"],\"inLanguage\":\"es-DO\"},{\"@type\":\"WebPage\",\"@id\":\"https:\/\/caid.gob.do\/caid\/adeofa-y-caid-ampliaran-servicios-para-ninos-en-condiciones-especiales\/\",\"url\":\"https:\/\/caid.gob.do\/caid\/adeofa-y-caid-ampliaran-servicios-para-ninos-en-condiciones-especiales\/\",\"name\":\"ADEOFA y CAID ampliar\u00e1n servicios para ni\u00f1os en condiciones especiales - CAID\",\"isPartOf\":{\"@id\":\"https:\/\/caid.gob.do\/caid\/#website\"},\"primaryImageOfPage\":{\"@id\":\"https:\/\/caid.gob.do\/caid\/adeofa-y-caid-ampliaran-servicios-para-ninos-en-condiciones-especiales\/#primaryimage\"},\"image\":{\"@id\":\"https:\/\/caid.gob.do\/caid\/adeofa-y-caid-ampliaran-servicios-para-ninos-en-condiciones-especiales\/#primaryimage\"},\"thumbnailUrl\":\"https:\/\/caid.gob.do\/caid\/wp-content\/uploads\/P1070552-2.jpg\",\"datePublished\":\"2023-06-29T19:29:00+00:00\",\"dateModified\":\"2023-09-15T14:24:05+00:00\",\"breadcrumb\":{\"@id\":\"https:\/\/caid.gob.do\/caid\/adeofa-y-caid-ampliaran-servicios-para-ninos-en-condiciones-especiales\/#breadcrumb\"},\"inLanguage\":\"es-DO\",\"potentialAction\":[{\"@type\":\"ReadAction\",\"target\":[\"https:\/\/caid.gob.do\/caid\/adeofa-y-caid-ampliaran-servicios-para-ninos-en-condiciones-especiales\/\"]}]},{\"@type\":\"ImageObject\",\"inLanguage\":\"es-DO\",\"@id\":\"https:\/\/caid.gob.do\/caid\/adeofa-y-caid-ampliaran-servicios-para-ninos-en-condiciones-especiales\/#primaryimage\",\"url\":\"https:\/\/caid.gob.do\/caid\/wp-content\/uploads\/P1070552-2.jpg\",\"contentUrl\":\"https:\/\/caid.gob.do\/caid\/wp-content\/uploads\/P1070552-2.jpg\",\"width\":4153,\"height\":3448},{\"@type\":\"BreadcrumbList\",\"@id\":\"https:\/\/caid.gob.do\/caid\/adeofa-y-caid-ampliaran-servicios-para-ninos-en-condiciones-especiales\/#breadcrumb\",\"itemListElement\":[{\"@type\":\"ListItem\",\"position\":1,\"name\":\"Est\u00e1s aqu\u00ed:\",\"item\":\"https:\/\/caid.gob.do\/caid\/\"},{\"@type\":\"ListItem\",\"position\":2,\"name\":\"Noticias\",\"item\":\"https:\/\/caid.gob.do\/caid\/category\/noticias\/\"},{\"@type\":\"ListItem\",\"position\":3,\"name\":\"ADEOFA y CAID ampliar\u00e1n servicios para ni\u00f1os en condiciones especiales\"}]},{\"@type\":\"WebSite\",\"@id\":\"https:\/\/caid.gob.do\/caid\/#website\",\"url\":\"https:\/\/caid.gob.do\/caid\/\",\"name\":\"CAID\",\"description\":\"Centro de Atenci\u00f3n Integral a la Discapacidad\",\"publisher\":{\"@id\":\"https:\/\/caid.gob.do\/caid\/#organization\"},\"potentialAction\":[{\"@type\":\"SearchAction\",\"target\":{\"@type\":\"EntryPoint\",\"urlTemplate\":\"https:\/\/caid.gob.do\/caid\/?s={search_term_string}\"},\"query-input\":{\"@type\":\"PropertyValueSpecification\",\"valueRequired\":true,\"valueName\":\"search_term_string\"}}],\"inLanguage\":\"es-DO\"},{\"@type\":\"Organization\",\"@id\":\"https:\/\/caid.gob.do\/caid\/#organization\",\"name\":\"Centro de Atenci\u00f3n Integral para la Discapacidad\",\"url\":\"https:\/\/caid.gob.do\/caid\/\",\"logo\":{\"@type\":\"ImageObject\",\"inLanguage\":\"es-DO\",\"@id\":\"https:\/\/caid.gob.do\/caid\/#\/schema\/logo\/image\/\",\"url\":\"https:\/\/caid.gob.do\/caid\/wp-content\/uploads\/CAID-LOGOS-EN-PNG_Mesa-de-trabajo-1-2-1024x505-1.png\",\"contentUrl\":\"https:\/\/caid.gob.do\/caid\/wp-content\/uploads\/CAID-LOGOS-EN-PNG_Mesa-de-trabajo-1-2-1024x505-1.png\",\"width\":1024,\"height\":505,\"caption\":\"Centro de Atenci\u00f3n Integral para la Discapacidad\"},\"image\":{\"@id\":\"https:\/\/caid.gob.do\/caid\/#\/schema\/logo\/image\/\"},\"sameAs\":[\"https:\/\/www.facebook.com\/redcaidrd\",\"https:\/\/x.com\/CAIDRDO\",\"https:\/\/www.instagram.com\/caidrd\/\",\"https:\/\/www.youtube.com\/channel\/UCLnt-fnRlxQdgJQwjgWkrCg\"]},{\"@type\":\"Person\",\"@id\":\"https:\/\/caid.gob.do\/caid\/#\/schema\/person\/eabe18a8e75d76804c0ab7a18828fb37\",\"name\":\"j.ortega\",\"image\":{\"@type\":\"ImageObject\",\"inLanguage\":\"es-DO\",\"@id\":\"https:\/\/caid.gob.do\/caid\/#\/schema\/person\/image\/\",\"url\":\"https:\/\/secure.gravatar.com\/avatar\/375f8cefc66fc63362d75424f6f727ddbbecd8c33b29ce1234841e4c4c30563f?s=96&d=mm&r=g\",\"contentUrl\":\"https:\/\/secure.gravatar.com\/avatar\/375f8cefc66fc63362d75424f6f727ddbbecd8c33b29ce1234841e4c4c30563f?s=96&d=mm&r=g\",\"caption\":\"j.ortega\"},\"sameAs\":[\"https:\/\/caid.gob.do\/caid\"],\"url\":\"https:\/\/caid.gob.do\/caid\/author\/j-ortega\/\"}]}<\/script>\r\n<!-- \/ Yoast SEO plugin. -->","yoast_head_json":{"title":"ADEOFA y CAID ampliar\u00e1n servicios para ni\u00f1os en condiciones especiales - CAID","robots":{"index":"index","follow":"follow","max-snippet":"max-snippet:-1","max-image-preview":"max-image-preview:large","max-video-preview":"max-video-preview:-1"},"canonical":"https:\/\/caid.gob.do\/caid\/adeofa-y-caid-ampliaran-servicios-para-ninos-en-condiciones-especiales\/","og_locale":"es_ES","og_type":"article","og_title":"ADEOFA y CAID ampliar\u00e1n servicios para ni\u00f1os en condiciones especiales - CAID","og_description":"La Asociaci\u00f3n Dominicana de Esposas de Oficiales de las Fuerzas Armadas (ADEOFA) y el Centro de Atenci\u00f3n Integral para la Discapacidad (CAID) firmaron un convenio que ampliar\u00e1 los servicios y la capacitaci\u00f3n de especialistas del Centro de Atenci\u00f3n Integral de las Fuerzas Armadas (CAIFFAA), a favor de ni\u00f1os con trastorno del espectro autista (TEA), par\u00e1lisis cerebral (PC) y s\u00edndrome de Down, entre otras condiciones especiales.","og_url":"https:\/\/caid.gob.do\/caid\/adeofa-y-caid-ampliaran-servicios-para-ninos-en-condiciones-especiales\/","og_site_name":"CAID","article_publisher":"https:\/\/www.facebook.com\/redcaidrd","article_published_time":"2023-06-29T19:29:00+00:00","article_modified_time":"2023-09-15T14:24:05+00:00","og_image":[{"url":"https:\/\/caid.gob.do\/caid\/wp-content\/uploads\/P1070552-2.jpg","width":800,"height":664,"type":"image\/jpeg"}],"author":"j.ortega","twitter_card":"summary_large_image","twitter_creator":"@CAIDRDO","twitter_site":"@CAIDRDO","twitter_misc":{"Written by":"j.ortega","Est. reading time":"3 minutos"},"schema":{"@context":"https:\/\/schema.org","@graph":[{"@type":"Article","@id":"https:\/\/caid.gob.do\/caid\/adeofa-y-caid-ampliaran-servicios-para-ninos-en-condiciones-especiales\/#article","isPartOf":{"@id":"https:\/\/caid.gob.do\/caid\/adeofa-y-caid-ampliaran-servicios-para-ninos-en-condiciones-especiales\/"},"author":{"name":"j.ortega","@id":"https:\/\/caid.gob.do\/caid\/#\/schema\/person\/eabe18a8e75d76804c0ab7a18828fb37"},"headline":"ADEOFA y CAID ampliar\u00e1n servicios para ni\u00f1os en condiciones especiales","datePublished":"2023-06-29T19:29:00+00:00","dateModified":"2023-09-15T14:24:05+00:00","mainEntityOfPage":{"@id":"https:\/\/caid.gob.do\/caid\/adeofa-y-caid-ampliaran-servicios-para-ninos-en-condiciones-especiales\/"},"wordCount":497,"publisher":{"@id":"https:\/\/caid.gob.do\/caid\/#organization"},"image":{"@id":"https:\/\/caid.gob.do\/caid\/adeofa-y-caid-ampliaran-servicios-para-ninos-en-condiciones-especiales\/#primaryimage"},"thumbnailUrl":"https:\/\/caid.gob.do\/caid\/wp-content\/uploads\/P1070552-2.jpg","keywords":["Santo Domingo"],"articleSection":["Noticias"],"inLanguage":"es-DO"},{"@type":"WebPage","@id":"https:\/\/caid.gob.do\/caid\/adeofa-y-caid-ampliaran-servicios-para-ninos-en-condiciones-especiales\/","url":"https:\/\/caid.gob.do\/caid\/adeofa-y-caid-ampliaran-servicios-para-ninos-en-condiciones-especiales\/","name":"ADEOFA y CAID ampliar\u00e1n servicios para ni\u00f1os en condiciones especiales - CAID","isPartOf":{"@id":"https:\/\/caid.gob.do\/caid\/#website"},"primaryImageOfPage":{"@id":"https:\/\/caid.gob.do\/caid\/adeofa-y-caid-ampliaran-servicios-para-ninos-en-condiciones-especiales\/#primaryimage"},"image":{"@id":"https:\/\/caid.gob.do\/caid\/adeofa-y-caid-ampliaran-servicios-para-ninos-en-condiciones-especiales\/#primaryimage"},"thumbnailUrl":"https:\/\/caid.gob.do\/caid\/wp-content\/uploads\/P1070552-2.jpg","datePublished":"2023-06-29T19:29:00+00:00","dateModified":"2023-09-15T14:24:05+00:00","breadcrumb":{"@id":"https:\/\/caid.gob.do\/caid\/adeofa-y-caid-ampliaran-servicios-para-ninos-en-condiciones-especiales\/#breadcrumb"},"inLanguage":"es-DO","potentialAction":[{"@type":"ReadAction","target":["https:\/\/caid.gob.do\/caid\/adeofa-y-caid-ampliaran-servicios-para-ninos-en-condiciones-especiales\/"]}]},{"@type":"ImageObject","inLanguage":"es-DO","@id":"https:\/\/caid.gob.do\/caid\/adeofa-y-caid-ampliaran-servicios-para-ninos-en-condiciones-especiales\/#primaryimage","url":"https:\/\/caid.gob.do\/caid\/wp-content\/uploads\/P1070552-2.jpg","contentUrl":"https:\/\/caid.gob.do\/caid\/wp-content\/uploads\/P1070552-2.jpg","width":4153,"height":3448},{"@type":"BreadcrumbList","@id":"https:\/\/caid.gob.do\/caid\/adeofa-y-caid-ampliaran-servicios-para-ninos-en-condiciones-especiales\/#breadcrumb","itemListElement":[{"@type":"ListItem","position":1,"name":"Est\u00e1s aqu\u00ed:","item":"https:\/\/caid.gob.do\/caid\/"},{"@type":"ListItem","position":2,"name":"Noticias","item":"https:\/\/caid.gob.do\/caid\/category\/noticias\/"},{"@type":"ListItem","position":3,"name":"ADEOFA y CAID ampliar\u00e1n servicios para ni\u00f1os en condiciones especiales"}]},{"@type":"WebSite","@id":"https:\/\/caid.gob.do\/caid\/#website","url":"https:\/\/caid.gob.do\/caid\/","name":"CAID","description":"Centro de Atenci\u00f3n Integral a la Discapacidad","publisher":{"@id":"https:\/\/caid.gob.do\/caid\/#organization"},"potentialAction":[{"@type":"SearchAction","target":{"@type":"EntryPoint","urlTemplate":"https:\/\/caid.gob.do\/caid\/?s={search_term_string}"},"query-input":{"@type":"PropertyValueSpecification","valueRequired":true,"valueName":"search_term_string"}}],"inLanguage":"es-DO"},{"@type":"Organization","@id":"https:\/\/caid.gob.do\/caid\/#organization","name":"Centro de Atenci\u00f3n Integral para la Discapacidad","url":"https:\/\/caid.gob.do\/caid\/","logo":{"@type":"ImageObject","inLanguage":"es-DO","@id":"https:\/\/caid.gob.do\/caid\/#\/schema\/logo\/image\/","url":"https:\/\/caid.gob.do\/caid\/wp-content\/uploads\/CAID-LOGOS-EN-PNG_Mesa-de-trabajo-1-2-1024x505-1.png","contentUrl":"https:\/\/caid.gob.do\/caid\/wp-content\/uploads\/CAID-LOGOS-EN-PNG_Mesa-de-trabajo-1-2-1024x505-1.png","width":1024,"height":505,"caption":"Centro de Atenci\u00f3n Integral para la Discapacidad"},"image":{"@id":"https:\/\/caid.gob.do\/caid\/#\/schema\/logo\/image\/"},"sameAs":["https:\/\/www.facebook.com\/redcaidrd","https:\/\/x.com\/CAIDRDO","https:\/\/www.instagram.com\/caidrd\/","https:\/\/www.youtube.com\/channel\/UCLnt-fnRlxQdgJQwjgWkrCg"]},{"@type":"Person","@id":"https:\/\/caid.gob.do\/caid\/#\/schema\/person\/eabe18a8e75d76804c0ab7a18828fb37","name":"j.ortega","image":{"@type":"ImageObject","inLanguage":"es-DO","@id":"https:\/\/caid.gob.do\/caid\/#\/schema\/person\/image\/","url":"https:\/\/secure.gravatar.com\/avatar\/375f8cefc66fc63362d75424f6f727ddbbecd8c33b29ce1234841e4c4c30563f?s=96&d=mm&r=g","contentUrl":"https:\/\/secure.gravatar.com\/avatar\/375f8cefc66fc63362d75424f6f727ddbbecd8c33b29ce1234841e4c4c30563f?s=96&d=mm&r=g","caption":"j.ortega"},"sameAs":["https:\/\/caid.gob.do\/caid"],"url":"https:\/\/caid.gob.do\/caid\/author\/j-ortega\/"}]}},"jetpack_featured_media_url":"https:\/\/caid.gob.do\/caid\/wp-content\/uploads\/P1070552-2.jpg","jetpack_sharing_enabled":true,"_links":{"self":[{"href":"https:\/\/caid.gob.do\/caid\/wp-json\/wp\/v2\/posts\/13688","targetHints":{"allow":["GET"]}}],"collection":[{"href":"https:\/\/caid.gob.do\/caid\/wp-json\/wp\/v2\/posts"}],"about":[{"href":"https:\/\/caid.gob.do\/caid\/wp-json\/wp\/v2\/types\/post"}],"author":[{"embeddable":true,"href":"https:\/\/caid.gob.do\/caid\/wp-json\/wp\/v2\/users\/1"}],"replies":[{"embeddable":true,"href":"https:\/\/caid.gob.do\/caid\/wp-json\/wp\/v2\/comments?post=13688"}],"version-history":[{"count":4,"href":"https:\/\/caid.gob.do\/caid\/wp-json\/wp\/v2\/posts\/13688\/revisions"}],"predecessor-version":[{"id":14043,"href":"https:\/\/caid.gob.do\/caid\/wp-json\/wp\/v2\/posts\/13688\/revisions\/14043"}],"wp:featuredmedia":[{"embeddable":true,"href":"https:\/\/caid.gob.do\/caid\/wp-json\/wp\/v2\/media\/13689"}],"wp:attachment":[{"href":"https:\/\/caid.gob.do\/caid\/wp-json\/wp\/v2\/media?parent=13688"}],"wp:term":[{"taxonomy":"category","embeddable":true,"href":"https:\/\/caid.gob.do\/caid\/wp-json\/wp\/v2\/categories?post=13688"},{"taxonomy":"post_tag","embeddable":true,"href":"https:\/\/caid.gob.do\/caid\/wp-json\/wp\/v2\/tags?post=13688"}],"curies":[{"name":"wp","href":"https:\/\/api.w.org\/{rel}","templated":true}]}}