{"id":13718,"date":"2023-07-21T12:56:11","date_gmt":"2023-07-21T16:56:11","guid":{"rendered":"https:\/\/caid.gob.do\/caid\/?p=13718"},"modified":"2023-07-31T15:34:08","modified_gmt":"2023-07-31T19:34:08","slug":"caid-san-juan-invita-al-4to-rally-por-la-inclusion","status":"publish","type":"post","link":"https:\/\/caid.gob.do\/caid\/caid-san-juan-invita-al-4to-rally-por-la-inclusion\/","title":{"rendered":"CAID San Juan invita al 4to. Rally por la Inclusi\u00f3n"},"content":{"rendered":"\n<p><em>El objetivo del rally es promover los derechos de las personas con discapacidad, visibilizar sus talentos y sensibilizar a autoridades, instituciones y a la poblaci\u00f3n en general.<\/em><\/p>\n\n\n\n<figure class=\"wp-block-image size-full\"><img loading=\"lazy\" decoding=\"async\" width=\"4765\" height=\"2937\" src=\"https:\/\/caid.gob.do\/caid\/wp-content\/uploads\/ROTATIVA450RALLY222.jpg\" alt=\"\" class=\"wp-image-13752\"\/><\/figure>\n\n\n\n<p>El Centro de Atenci\u00f3n Integral Para La Discapacidad (CAID) invita al 4to. Rally por la Inclusi\u00f3n, este a\u00f1o con el lema \u201cPor ti, por m\u00ed, por todos\u201d. El evento tendr\u00e1 lugar el&nbsp; s\u00e1bado 29 de julio a partir de las nueve de la ma\u00f1ana.<\/p>\n\n\n\n<p>El punto de partida es el local del Colegio M\u00e9dico Dominicano y terminar\u00e1 en el Estadio Hermanos Su\u00e1rez de esta ciudad.<\/p>\n\n\n\n<p>El objetivo del rally es promover los derechos de las personas con discapacidad, procurar medidas para su inclusi\u00f3n, visibilizar sus talentos, conectarles con instituciones de servicio especializados y sensibilizar a autoridades, instituciones p\u00fablicas, privadas, empresariales y a la poblaci\u00f3n en general.<\/p>\n\n\n\n<p>En la actividad participan familias usuarias del CAID, autoridades y personalidades (con y sin discapacidad), quienes recorren la ruta en sillas de ruedas, con muletas, andadores, bastones u otros dispositivos de apoyo, lo que les permite a los participantes sin discapacidad entender los obst\u00e1culos que deben enfrentar las personas con discapacidad.<\/p>\n\n\n\n<p>La jornada abrir\u00e1 con el himno nacional interpretado en lengua de se\u00f1as por j\u00f3venes estudiantes con discapacidad auditiva y cerrar\u00e1 en el bajo techo del estadio, con un partido de baloncesto sobre ruedas y un show art\u00edstico de personas con otras discapacidades.<\/p>\n\n\n\n<p>Varias instituciones del sector discapacidad colaboran con el montaje de este evento anual, entre ellas el Consejo Nacional de la Discapacidad (CONADIS), Asociaci\u00f3n Dominicana de Rehabilitaci\u00f3n (ADR), la Asociaci\u00f3n de Personas con Discapacidad F\u00edsico Motora, Inc. (ASODIFIMO), la Asociaci\u00f3n de Personas con Discapacidad de San Juan (APEDISANJ), Escuela de Sordos Frediry Sol\u00eds Mart\u00ednez, Fundaci\u00f3n Esperanza para Ni\u00f1os Especiales (FENE) y el Centro de Atenci\u00f3n a la Diversidad (CAD).<\/p>\n\n\n\n<p>Tambi\u00e9n colaboran instituciones gubernamentales, acad\u00e9micas y culturales as\u00ed como empresas de diversos sectores.<\/p>\n\n\n\n<figure class=\"wp-block-gallery has-nested-images columns-default is-cropped wp-block-gallery-1 is-layout-flex wp-block-gallery-is-layout-flex\">\n<figure class=\"wp-block-image size-large\"><img loading=\"lazy\" decoding=\"async\" width=\"1600\" height=\"1066\" data-id=\"13743\" src=\"https:\/\/caid.gob.do\/caid\/wp-content\/uploads\/juego20is.jpeg\" alt=\"\" class=\"wp-image-13743\"\/><\/figure>\n\n\n\n<figure class=\"wp-block-image size-large\"><img loading=\"lazy\" decoding=\"async\" width=\"1600\" height=\"1066\" data-id=\"13746\" src=\"https:\/\/caid.gob.do\/caid\/wp-content\/uploads\/4torally121.jpeg\" alt=\"\" class=\"wp-image-13746\"\/><\/figure>\n<\/figure>\n\n\n\n<p><strong>Historia del Rally por la Inclusi\u00f3n<\/strong><\/p>\n\n\n\n<p>El primer Rally por la Inclusi\u00f3n se efectu\u00f3 en el 2018, recibiendo el Sello RD Incluye, categor\u00eda Oro, otorgado por el Consejo Nacional para la Discapacidad (CONADIS), en reconocimiento a las buenas pr\u00e1cticas inclusivas en favor de las personas con discapacidad.<\/p>\n\n\n\n<p>Desde entonces, se ha consolidado como marca institucional CAID.<\/p>\n\n\n\n<p>Desde entonces, se ha consolidado como marca corporativa CAID.<\/p>\n","protected":false},"excerpt":{"rendered":"<p>El objetivo del rally es promover los derechos de las personas con discapacidad, visibilizar sus talentos y sensibilizar a autoridades, instituciones y a la poblaci\u00f3n en general.<\/p>\n","protected":false},"author":1,"featured_media":13757,"comment_status":"open","ping_status":"open","sticky":false,"template":"","format":"standard","meta":{"_acf_changed":false,"_jetpack_memberships_contains_paid_content":false,"footnotes":""},"categories":[3],"tags":[52],"class_list":["post-13718","post","type-post","status-publish","format-standard","has-post-thumbnail","hentry","category-noticias","tag-san-juan-de-la-maguana"],"acf":[],"yoast_head":"<!-- This site is optimized with the Yoast SEO plugin v27.0 - https:\/\/yoast.com\/product\/yoast-seo-wordpress\/ -->\r\n<title>CAID San Juan invita al 4to. Rally por la Inclusi\u00f3n - CAID<\/title>\r\n<meta name=\"robots\" content=\"index, follow, max-snippet:-1, max-image-preview:large, max-video-preview:-1\" \/>\r\n<link rel=\"canonical\" href=\"https:\/\/caid.gob.do\/caid\/caid-san-juan-invita-al-4to-rally-por-la-inclusion\/\" \/>\r\n<meta property=\"og:locale\" content=\"es_ES\" \/>\r\n<meta property=\"og:type\" content=\"article\" \/>\r\n<meta property=\"og:title\" content=\"CAID San Juan invita al 4to. Rally por la Inclusi\u00f3n - CAID\" \/>\r\n<meta property=\"og:description\" content=\"El objetivo del rally es promover los derechos de las personas con discapacidad, visibilizar sus talentos y sensibilizar a autoridades, instituciones y a la poblaci\u00f3n en general.\" \/>\r\n<meta property=\"og:url\" content=\"https:\/\/caid.gob.do\/caid\/caid-san-juan-invita-al-4to-rally-por-la-inclusion\/\" \/>\r\n<meta property=\"og:site_name\" content=\"CAID\" \/>\r\n<meta property=\"article:publisher\" content=\"https:\/\/www.facebook.com\/redcaidrd\" \/>\r\n<meta property=\"article:published_time\" content=\"2023-07-21T16:56:11+00:00\" \/>\r\n<meta property=\"article:modified_time\" content=\"2023-07-31T19:34:08+00:00\" \/>\r\n<meta property=\"og:image\" content=\"https:\/\/caid.gob.do\/caid\/wp-content\/uploads\/Nina-para-portada-de-web-version-movil.jpg\" \/>\r\n\t<meta property=\"og:image:width\" content=\"360\" \/>\r\n\t<meta property=\"og:image:height\" content=\"300\" \/>\r\n\t<meta property=\"og:image:type\" content=\"image\/jpeg\" \/>\r\n<meta name=\"author\" content=\"j.ortega\" \/>\r\n<meta name=\"twitter:card\" content=\"summary_large_image\" \/>\r\n<meta name=\"twitter:creator\" content=\"@CAIDRDO\" \/>\r\n<meta name=\"twitter:site\" content=\"@CAIDRDO\" \/>\r\n<meta name=\"twitter:label1\" content=\"Written by\" \/>\n\t<meta name=\"twitter:data1\" content=\"j.ortega\" \/>\n\t<meta name=\"twitter:label2\" content=\"Est. reading time\" \/>\n\t<meta name=\"twitter:data2\" content=\"3 minutos\" \/>\r\n<script type=\"application\/ld+json\" class=\"yoast-schema-graph\">{\"@context\":\"https:\/\/schema.org\",\"@graph\":[{\"@type\":\"Article\",\"@id\":\"https:\/\/caid.gob.do\/caid\/caid-san-juan-invita-al-4to-rally-por-la-inclusion\/#article\",\"isPartOf\":{\"@id\":\"https:\/\/caid.gob.do\/caid\/caid-san-juan-invita-al-4to-rally-por-la-inclusion\/\"},\"author\":{\"name\":\"j.ortega\",\"@id\":\"https:\/\/caid.gob.do\/caid\/#\/schema\/person\/eabe18a8e75d76804c0ab7a18828fb37\"},\"headline\":\"CAID San Juan invita al 4to. Rally por la Inclusi\u00f3n\",\"datePublished\":\"2023-07-21T16:56:11+00:00\",\"dateModified\":\"2023-07-31T19:34:08+00:00\",\"mainEntityOfPage\":{\"@id\":\"https:\/\/caid.gob.do\/caid\/caid-san-juan-invita-al-4to-rally-por-la-inclusion\/\"},\"wordCount\":413,\"commentCount\":0,\"publisher\":{\"@id\":\"https:\/\/caid.gob.do\/caid\/#organization\"},\"image\":{\"@id\":\"https:\/\/caid.gob.do\/caid\/caid-san-juan-invita-al-4to-rally-por-la-inclusion\/#primaryimage\"},\"thumbnailUrl\":\"https:\/\/caid.gob.do\/caid\/wp-content\/uploads\/Nina-para-portada-de-web-version-movil.jpg\",\"keywords\":[\"San Juan de la Maguana\"],\"articleSection\":[\"Noticias\"],\"inLanguage\":\"es-DO\",\"potentialAction\":[{\"@type\":\"CommentAction\",\"name\":\"Comment\",\"target\":[\"https:\/\/caid.gob.do\/caid\/caid-san-juan-invita-al-4to-rally-por-la-inclusion\/#respond\"]}]},{\"@type\":\"WebPage\",\"@id\":\"https:\/\/caid.gob.do\/caid\/caid-san-juan-invita-al-4to-rally-por-la-inclusion\/\",\"url\":\"https:\/\/caid.gob.do\/caid\/caid-san-juan-invita-al-4to-rally-por-la-inclusion\/\",\"name\":\"CAID San Juan invita al 4to. Rally por la Inclusi\u00f3n - CAID\",\"isPartOf\":{\"@id\":\"https:\/\/caid.gob.do\/caid\/#website\"},\"primaryImageOfPage\":{\"@id\":\"https:\/\/caid.gob.do\/caid\/caid-san-juan-invita-al-4to-rally-por-la-inclusion\/#primaryimage\"},\"image\":{\"@id\":\"https:\/\/caid.gob.do\/caid\/caid-san-juan-invita-al-4to-rally-por-la-inclusion\/#primaryimage\"},\"thumbnailUrl\":\"https:\/\/caid.gob.do\/caid\/wp-content\/uploads\/Nina-para-portada-de-web-version-movil.jpg\",\"datePublished\":\"2023-07-21T16:56:11+00:00\",\"dateModified\":\"2023-07-31T19:34:08+00:00\",\"breadcrumb\":{\"@id\":\"https:\/\/caid.gob.do\/caid\/caid-san-juan-invita-al-4to-rally-por-la-inclusion\/#breadcrumb\"},\"inLanguage\":\"es-DO\",\"potentialAction\":[{\"@type\":\"ReadAction\",\"target\":[\"https:\/\/caid.gob.do\/caid\/caid-san-juan-invita-al-4to-rally-por-la-inclusion\/\"]}]},{\"@type\":\"ImageObject\",\"inLanguage\":\"es-DO\",\"@id\":\"https:\/\/caid.gob.do\/caid\/caid-san-juan-invita-al-4to-rally-por-la-inclusion\/#primaryimage\",\"url\":\"https:\/\/caid.gob.do\/caid\/wp-content\/uploads\/Nina-para-portada-de-web-version-movil.jpg\",\"contentUrl\":\"https:\/\/caid.gob.do\/caid\/wp-content\/uploads\/Nina-para-portada-de-web-version-movil.jpg\",\"width\":360,\"height\":300},{\"@type\":\"BreadcrumbList\",\"@id\":\"https:\/\/caid.gob.do\/caid\/caid-san-juan-invita-al-4to-rally-por-la-inclusion\/#breadcrumb\",\"itemListElement\":[{\"@type\":\"ListItem\",\"position\":1,\"name\":\"Est\u00e1s aqu\u00ed:\",\"item\":\"https:\/\/caid.gob.do\/caid\/\"},{\"@type\":\"ListItem\",\"position\":2,\"name\":\"Noticias\",\"item\":\"https:\/\/caid.gob.do\/caid\/category\/noticias\/\"},{\"@type\":\"ListItem\",\"position\":3,\"name\":\"CAID San Juan invita al 4to. Rally por la Inclusi\u00f3n\"}]},{\"@type\":\"WebSite\",\"@id\":\"https:\/\/caid.gob.do\/caid\/#website\",\"url\":\"https:\/\/caid.gob.do\/caid\/\",\"name\":\"CAID\",\"description\":\"Centro de Atenci\u00f3n Integral a la Discapacidad\",\"publisher\":{\"@id\":\"https:\/\/caid.gob.do\/caid\/#organization\"},\"potentialAction\":[{\"@type\":\"SearchAction\",\"target\":{\"@type\":\"EntryPoint\",\"urlTemplate\":\"https:\/\/caid.gob.do\/caid\/?s={search_term_string}\"},\"query-input\":{\"@type\":\"PropertyValueSpecification\",\"valueRequired\":true,\"valueName\":\"search_term_string\"}}],\"inLanguage\":\"es-DO\"},{\"@type\":\"Organization\",\"@id\":\"https:\/\/caid.gob.do\/caid\/#organization\",\"name\":\"Centro de Atenci\u00f3n Integral para la Discapacidad\",\"url\":\"https:\/\/caid.gob.do\/caid\/\",\"logo\":{\"@type\":\"ImageObject\",\"inLanguage\":\"es-DO\",\"@id\":\"https:\/\/caid.gob.do\/caid\/#\/schema\/logo\/image\/\",\"url\":\"https:\/\/caid.gob.do\/caid\/wp-content\/uploads\/CAID-LOGOS-EN-PNG_Mesa-de-trabajo-1-2-1024x505-1.png\",\"contentUrl\":\"https:\/\/caid.gob.do\/caid\/wp-content\/uploads\/CAID-LOGOS-EN-PNG_Mesa-de-trabajo-1-2-1024x505-1.png\",\"width\":1024,\"height\":505,\"caption\":\"Centro de Atenci\u00f3n Integral para la Discapacidad\"},\"image\":{\"@id\":\"https:\/\/caid.gob.do\/caid\/#\/schema\/logo\/image\/\"},\"sameAs\":[\"https:\/\/www.facebook.com\/redcaidrd\",\"https:\/\/x.com\/CAIDRDO\",\"https:\/\/www.instagram.com\/caidrd\/\",\"https:\/\/www.youtube.com\/channel\/UCLnt-fnRlxQdgJQwjgWkrCg\"]},{\"@type\":\"Person\",\"@id\":\"https:\/\/caid.gob.do\/caid\/#\/schema\/person\/eabe18a8e75d76804c0ab7a18828fb37\",\"name\":\"j.ortega\",\"image\":{\"@type\":\"ImageObject\",\"inLanguage\":\"es-DO\",\"@id\":\"https:\/\/caid.gob.do\/caid\/#\/schema\/person\/image\/\",\"url\":\"https:\/\/secure.gravatar.com\/avatar\/375f8cefc66fc63362d75424f6f727ddbbecd8c33b29ce1234841e4c4c30563f?s=96&d=mm&r=g\",\"contentUrl\":\"https:\/\/secure.gravatar.com\/avatar\/375f8cefc66fc63362d75424f6f727ddbbecd8c33b29ce1234841e4c4c30563f?s=96&d=mm&r=g\",\"caption\":\"j.ortega\"},\"sameAs\":[\"https:\/\/caid.gob.do\/caid\"],\"url\":\"https:\/\/caid.gob.do\/caid\/author\/j-ortega\/\"}]}<\/script>\r\n<!-- \/ Yoast SEO plugin. -->","yoast_head_json":{"title":"CAID San Juan invita al 4to. Rally por la Inclusi\u00f3n - CAID","robots":{"index":"index","follow":"follow","max-snippet":"max-snippet:-1","max-image-preview":"max-image-preview:large","max-video-preview":"max-video-preview:-1"},"canonical":"https:\/\/caid.gob.do\/caid\/caid-san-juan-invita-al-4to-rally-por-la-inclusion\/","og_locale":"es_ES","og_type":"article","og_title":"CAID San Juan invita al 4to. Rally por la Inclusi\u00f3n - CAID","og_description":"El objetivo del rally es promover los derechos de las personas con discapacidad, visibilizar sus talentos y sensibilizar a autoridades, instituciones y a la poblaci\u00f3n en general.","og_url":"https:\/\/caid.gob.do\/caid\/caid-san-juan-invita-al-4to-rally-por-la-inclusion\/","og_site_name":"CAID","article_publisher":"https:\/\/www.facebook.com\/redcaidrd","article_published_time":"2023-07-21T16:56:11+00:00","article_modified_time":"2023-07-31T19:34:08+00:00","og_image":[{"width":360,"height":300,"url":"https:\/\/caid.gob.do\/caid\/wp-content\/uploads\/Nina-para-portada-de-web-version-movil.jpg","type":"image\/jpeg"}],"author":"j.ortega","twitter_card":"summary_large_image","twitter_creator":"@CAIDRDO","twitter_site":"@CAIDRDO","twitter_misc":{"Written by":"j.ortega","Est. reading time":"3 minutos"},"schema":{"@context":"https:\/\/schema.org","@graph":[{"@type":"Article","@id":"https:\/\/caid.gob.do\/caid\/caid-san-juan-invita-al-4to-rally-por-la-inclusion\/#article","isPartOf":{"@id":"https:\/\/caid.gob.do\/caid\/caid-san-juan-invita-al-4to-rally-por-la-inclusion\/"},"author":{"name":"j.ortega","@id":"https:\/\/caid.gob.do\/caid\/#\/schema\/person\/eabe18a8e75d76804c0ab7a18828fb37"},"headline":"CAID San Juan invita al 4to. Rally por la Inclusi\u00f3n","datePublished":"2023-07-21T16:56:11+00:00","dateModified":"2023-07-31T19:34:08+00:00","mainEntityOfPage":{"@id":"https:\/\/caid.gob.do\/caid\/caid-san-juan-invita-al-4to-rally-por-la-inclusion\/"},"wordCount":413,"commentCount":0,"publisher":{"@id":"https:\/\/caid.gob.do\/caid\/#organization"},"image":{"@id":"https:\/\/caid.gob.do\/caid\/caid-san-juan-invita-al-4to-rally-por-la-inclusion\/#primaryimage"},"thumbnailUrl":"https:\/\/caid.gob.do\/caid\/wp-content\/uploads\/Nina-para-portada-de-web-version-movil.jpg","keywords":["San Juan de la Maguana"],"articleSection":["Noticias"],"inLanguage":"es-DO","potentialAction":[{"@type":"CommentAction","name":"Comment","target":["https:\/\/caid.gob.do\/caid\/caid-san-juan-invita-al-4to-rally-por-la-inclusion\/#respond"]}]},{"@type":"WebPage","@id":"https:\/\/caid.gob.do\/caid\/caid-san-juan-invita-al-4to-rally-por-la-inclusion\/","url":"https:\/\/caid.gob.do\/caid\/caid-san-juan-invita-al-4to-rally-por-la-inclusion\/","name":"CAID San Juan invita al 4to. Rally por la Inclusi\u00f3n - CAID","isPartOf":{"@id":"https:\/\/caid.gob.do\/caid\/#website"},"primaryImageOfPage":{"@id":"https:\/\/caid.gob.do\/caid\/caid-san-juan-invita-al-4to-rally-por-la-inclusion\/#primaryimage"},"image":{"@id":"https:\/\/caid.gob.do\/caid\/caid-san-juan-invita-al-4to-rally-por-la-inclusion\/#primaryimage"},"thumbnailUrl":"https:\/\/caid.gob.do\/caid\/wp-content\/uploads\/Nina-para-portada-de-web-version-movil.jpg","datePublished":"2023-07-21T16:56:11+00:00","dateModified":"2023-07-31T19:34:08+00:00","breadcrumb":{"@id":"https:\/\/caid.gob.do\/caid\/caid-san-juan-invita-al-4to-rally-por-la-inclusion\/#breadcrumb"},"inLanguage":"es-DO","potentialAction":[{"@type":"ReadAction","target":["https:\/\/caid.gob.do\/caid\/caid-san-juan-invita-al-4to-rally-por-la-inclusion\/"]}]},{"@type":"ImageObject","inLanguage":"es-DO","@id":"https:\/\/caid.gob.do\/caid\/caid-san-juan-invita-al-4to-rally-por-la-inclusion\/#primaryimage","url":"https:\/\/caid.gob.do\/caid\/wp-content\/uploads\/Nina-para-portada-de-web-version-movil.jpg","contentUrl":"https:\/\/caid.gob.do\/caid\/wp-content\/uploads\/Nina-para-portada-de-web-version-movil.jpg","width":360,"height":300},{"@type":"BreadcrumbList","@id":"https:\/\/caid.gob.do\/caid\/caid-san-juan-invita-al-4to-rally-por-la-inclusion\/#breadcrumb","itemListElement":[{"@type":"ListItem","position":1,"name":"Est\u00e1s aqu\u00ed:","item":"https:\/\/caid.gob.do\/caid\/"},{"@type":"ListItem","position":2,"name":"Noticias","item":"https:\/\/caid.gob.do\/caid\/category\/noticias\/"},{"@type":"ListItem","position":3,"name":"CAID San Juan invita al 4to. Rally por la Inclusi\u00f3n"}]},{"@type":"WebSite","@id":"https:\/\/caid.gob.do\/caid\/#website","url":"https:\/\/caid.gob.do\/caid\/","name":"CAID","description":"Centro de Atenci\u00f3n Integral a la Discapacidad","publisher":{"@id":"https:\/\/caid.gob.do\/caid\/#organization"},"potentialAction":[{"@type":"SearchAction","target":{"@type":"EntryPoint","urlTemplate":"https:\/\/caid.gob.do\/caid\/?s={search_term_string}"},"query-input":{"@type":"PropertyValueSpecification","valueRequired":true,"valueName":"search_term_string"}}],"inLanguage":"es-DO"},{"@type":"Organization","@id":"https:\/\/caid.gob.do\/caid\/#organization","name":"Centro de Atenci\u00f3n Integral para la Discapacidad","url":"https:\/\/caid.gob.do\/caid\/","logo":{"@type":"ImageObject","inLanguage":"es-DO","@id":"https:\/\/caid.gob.do\/caid\/#\/schema\/logo\/image\/","url":"https:\/\/caid.gob.do\/caid\/wp-content\/uploads\/CAID-LOGOS-EN-PNG_Mesa-de-trabajo-1-2-1024x505-1.png","contentUrl":"https:\/\/caid.gob.do\/caid\/wp-content\/uploads\/CAID-LOGOS-EN-PNG_Mesa-de-trabajo-1-2-1024x505-1.png","width":1024,"height":505,"caption":"Centro de Atenci\u00f3n Integral para la Discapacidad"},"image":{"@id":"https:\/\/caid.gob.do\/caid\/#\/schema\/logo\/image\/"},"sameAs":["https:\/\/www.facebook.com\/redcaidrd","https:\/\/x.com\/CAIDRDO","https:\/\/www.instagram.com\/caidrd\/","https:\/\/www.youtube.com\/channel\/UCLnt-fnRlxQdgJQwjgWkrCg"]},{"@type":"Person","@id":"https:\/\/caid.gob.do\/caid\/#\/schema\/person\/eabe18a8e75d76804c0ab7a18828fb37","name":"j.ortega","image":{"@type":"ImageObject","inLanguage":"es-DO","@id":"https:\/\/caid.gob.do\/caid\/#\/schema\/person\/image\/","url":"https:\/\/secure.gravatar.com\/avatar\/375f8cefc66fc63362d75424f6f727ddbbecd8c33b29ce1234841e4c4c30563f?s=96&d=mm&r=g","contentUrl":"https:\/\/secure.gravatar.com\/avatar\/375f8cefc66fc63362d75424f6f727ddbbecd8c33b29ce1234841e4c4c30563f?s=96&d=mm&r=g","caption":"j.ortega"},"sameAs":["https:\/\/caid.gob.do\/caid"],"url":"https:\/\/caid.gob.do\/caid\/author\/j-ortega\/"}]}},"jetpack_featured_media_url":"https:\/\/caid.gob.do\/caid\/wp-content\/uploads\/Nina-para-portada-de-web-version-movil.jpg","jetpack_sharing_enabled":true,"_links":{"self":[{"href":"https:\/\/caid.gob.do\/caid\/wp-json\/wp\/v2\/posts\/13718","targetHints":{"allow":["GET"]}}],"collection":[{"href":"https:\/\/caid.gob.do\/caid\/wp-json\/wp\/v2\/posts"}],"about":[{"href":"https:\/\/caid.gob.do\/caid\/wp-json\/wp\/v2\/types\/post"}],"author":[{"embeddable":true,"href":"https:\/\/caid.gob.do\/caid\/wp-json\/wp\/v2\/users\/1"}],"replies":[{"embeddable":true,"href":"https:\/\/caid.gob.do\/caid\/wp-json\/wp\/v2\/comments?post=13718"}],"version-history":[{"count":7,"href":"https:\/\/caid.gob.do\/caid\/wp-json\/wp\/v2\/posts\/13718\/revisions"}],"predecessor-version":[{"id":13756,"href":"https:\/\/caid.gob.do\/caid\/wp-json\/wp\/v2\/posts\/13718\/revisions\/13756"}],"wp:featuredmedia":[{"embeddable":true,"href":"https:\/\/caid.gob.do\/caid\/wp-json\/wp\/v2\/media\/13757"}],"wp:attachment":[{"href":"https:\/\/caid.gob.do\/caid\/wp-json\/wp\/v2\/media?parent=13718"}],"wp:term":[{"taxonomy":"category","embeddable":true,"href":"https:\/\/caid.gob.do\/caid\/wp-json\/wp\/v2\/categories?post=13718"},{"taxonomy":"post_tag","embeddable":true,"href":"https:\/\/caid.gob.do\/caid\/wp-json\/wp\/v2\/tags?post=13718"}],"curies":[{"name":"wp","href":"https:\/\/api.w.org\/{rel}","templated":true}]}}