{"id":13762,"date":"2023-07-31T11:41:42","date_gmt":"2023-07-31T15:41:42","guid":{"rendered":"https:\/\/caid.gob.do\/caid\/?p=13762"},"modified":"2023-07-31T15:33:44","modified_gmt":"2023-07-31T19:33:44","slug":"caid-san-juan-realiza-con-exito-el-4to-rally-por-la-inclusion","status":"publish","type":"post","link":"https:\/\/caid.gob.do\/caid\/caid-san-juan-realiza-con-exito-el-4to-rally-por-la-inclusion\/","title":{"rendered":"CAID San Juan realiza con \u00e9xito el 4to. Rally por la Inclusi\u00f3n"},"content":{"rendered":"\n<figure class=\"wp-block-image size-full\"><img loading=\"lazy\" decoding=\"async\" width=\"1600\" height=\"1066\" src=\"https:\/\/caid.gob.do\/caid\/wp-content\/uploads\/4to-rally-02.jpeg\" alt=\"\" class=\"wp-image-13763\"\/><\/figure>\n\n\n\n<p>El Centro de Atenci\u00f3n Integral para la Discapacidad (CAID) en San Juan de la Maguana, realiz\u00f3 &nbsp;el 4to Rally por la Inclusi\u00f3n con el objetivo de promover los derechos de las personas con discapacidad, procurar medidas para su inclusi\u00f3n, visibilizar sus talentos, conectarles con instituciones de servicio especializado y sensibilizar a autoridades, instituciones p\u00fablicas, privadas, empresariales y a la poblaci\u00f3n en general.<\/p>\n\n\n\n<p>Las palabras de bienvenida estuvieron a cargo del director m\u00e9dico del CAID San Juan doctor H\u00e9ctor Mateo, quien expres\u00f3 su agradecimiento por el apoyo al rally con el cual el CAID promueve el compromiso de la sociedad con la creaci\u00f3n de las condiciones necesarias para que una persona con discapacidad pueda desarrollarse plenamente.<\/p>\n\n\n\n<p>\u201cEn esta actividad, las personas se pondr\u00e1n en el lugar de una persona con discapacidad, utilizando bastones, sillas de ruedas en el trayecto a recorrer, para tener una peque\u00f1a experiencia sobre lo que ella vive d\u00eda a d\u00eda\u201d, expres\u00f3 el doctor Mateo.<\/p>\n\n\n\n<p><strong>Actividades<\/strong><\/p>\n\n\n\n<figure class=\"wp-block-gallery has-nested-images columns-3 is-cropped wp-block-gallery-1 is-layout-flex wp-block-gallery-is-layout-flex\">\n<figure class=\"wp-block-image size-large\"><img loading=\"lazy\" decoding=\"async\" width=\"1600\" height=\"1066\" data-id=\"13767\" src=\"https:\/\/caid.gob.do\/caid\/wp-content\/uploads\/4to-rally-07.jpeg\" alt=\"\" class=\"wp-image-13767\"\/><\/figure>\n\n\n\n<figure class=\"wp-block-image size-large\"><img loading=\"lazy\" decoding=\"async\" width=\"1280\" height=\"853\" data-id=\"13765\" src=\"https:\/\/caid.gob.do\/caid\/wp-content\/uploads\/4to-rally-06.jpeg\" alt=\"\" class=\"wp-image-13765\"\/><\/figure>\n\n\n\n<figure class=\"wp-block-image size-large\"><img loading=\"lazy\" decoding=\"async\" width=\"1280\" height=\"853\" data-id=\"13768\" src=\"https:\/\/caid.gob.do\/caid\/wp-content\/uploads\/4to-rally-05.jpeg\" alt=\"\" class=\"wp-image-13768\"\/><\/figure>\n\n\n\n<figure class=\"wp-block-image size-large\"><img loading=\"lazy\" decoding=\"async\" width=\"1600\" height=\"1066\" data-id=\"13766\" src=\"https:\/\/caid.gob.do\/caid\/wp-content\/uploads\/4to-rally-04.jpeg\" alt=\"\" class=\"wp-image-13766\"\/><\/figure>\n\n\n\n<figure class=\"wp-block-image size-large\"><img loading=\"lazy\" decoding=\"async\" width=\"1280\" height=\"853\" data-id=\"13764\" src=\"https:\/\/caid.gob.do\/caid\/wp-content\/uploads\/4to-rally-03.jpeg\" alt=\"\" class=\"wp-image-13764\"\/><\/figure>\n<\/figure>\n\n\n\n<p><a><\/a>Bajo el lema \u201cPor ti, por m\u00ed, por todos\u201d, cientos de familias usuarias del CAID, autoridades y personalidades (con y sin discapacidad) asistieron y disfrutaron de diferentes actividades como recorrido con dispositivos de apoyo, lo que les permiti\u00f3 entender los obst\u00e1culos que deben enfrentar las personas con discapacidad. &nbsp;<\/p>\n\n\n\n<p>La jornada inici\u00f3 con el himno nacional interpretado en lengua de se\u00f1as por j\u00f3venes estudiantes con discapacidad auditiva y cerr\u00f3 en el bajo techo del estadio, con un partido de baloncesto sobre ruedas y un show art\u00edstico de personas con otras discapacidades.<\/p>\n\n\n\n<p><strong>Instituciones aliadas<\/strong><\/p>\n\n\n\n<p>Varias instituciones p\u00fablicas y privadas colaboraron con este evento, entre ellas el Consejo Nacional de la Discapacidad (CONADIS), Asociaci\u00f3n Dominicana de Rehabilitaci\u00f3n (ADR), la Asociaci\u00f3n de Personas con Discapacidad F\u00edsico Motora, Inc. (ASODIFIMO), la Asociaci\u00f3n de Personas con Discapacidad de San Juan (APEDISANJ), Escuela de Sordos Frediry Sol\u00eds Mart\u00ednez, Fundaci\u00f3n Esperanza para Ni\u00f1os Especiales (FENE) y el Centro de Atenci\u00f3n a la Diversidad (CAD).<\/p>\n\n\n\n<figure class=\"wp-block-embed is-type-video is-provider-youtube wp-block-embed-youtube wp-embed-aspect-16-9 wp-has-aspect-ratio\"><div class=\"wp-block-embed__wrapper\">\n<iframe loading=\"lazy\" title=\"CAID San Juan realiza el 4to. Rally por la Inclusi\u00f3n\" width=\"800\" height=\"450\" src=\"https:\/\/www.youtube.com\/embed\/Kkc_zYpa3nE?feature=oembed\" frameborder=\"0\" allow=\"accelerometer; autoplay; clipboard-write; encrypted-media; gyroscope; picture-in-picture; web-share\" allowfullscreen><\/iframe>\n<\/div><\/figure>\n","protected":false},"excerpt":{"rendered":"<p>El Centro de Atenci\u00f3n Integral para la Discapacidad (CAID) en San Juan de la Maguana, realiz\u00f3 \u00a0el 4to Rally por la Inclusi\u00f3n con el objetivo de promover los derechos de las personas con discapacidad, procurar medidas para su inclusi\u00f3n, visibilizar sus talentos, conectarles con instituciones de servicio especializado y sensibilizar a autoridades, instituciones p\u00fablicas, privadas, empresariales y a la poblaci\u00f3n en general.<\/p>\n","protected":false},"author":1,"featured_media":13765,"comment_status":"open","ping_status":"open","sticky":false,"template":"","format":"standard","meta":{"_acf_changed":false,"_jetpack_memberships_contains_paid_content":false,"footnotes":""},"categories":[3],"tags":[52],"class_list":["post-13762","post","type-post","status-publish","format-standard","has-post-thumbnail","hentry","category-noticias","tag-san-juan-de-la-maguana"],"acf":[],"yoast_head":"<!-- This site is optimized with the Yoast SEO plugin v27.0 - https:\/\/yoast.com\/product\/yoast-seo-wordpress\/ -->\r\n<title>CAID San Juan realiza con \u00e9xito el 4to. Rally por la Inclusi\u00f3n - CAID<\/title>\r\n<meta name=\"robots\" content=\"index, follow, max-snippet:-1, max-image-preview:large, max-video-preview:-1\" \/>\r\n<link rel=\"canonical\" href=\"https:\/\/caid.gob.do\/caid\/caid-san-juan-realiza-con-exito-el-4to-rally-por-la-inclusion\/\" \/>\r\n<meta property=\"og:locale\" content=\"es_ES\" \/>\r\n<meta property=\"og:type\" content=\"article\" \/>\r\n<meta property=\"og:title\" content=\"CAID San Juan realiza con \u00e9xito el 4to. Rally por la Inclusi\u00f3n - CAID\" \/>\r\n<meta property=\"og:description\" content=\"El Centro de Atenci\u00f3n Integral para la Discapacidad (CAID) en San Juan de la Maguana, realiz\u00f3 \u00a0el 4to Rally por la Inclusi\u00f3n con el objetivo de promover los derechos de las personas con discapacidad, procurar medidas para su inclusi\u00f3n, visibilizar sus talentos, conectarles con instituciones de servicio especializado y sensibilizar a autoridades, instituciones p\u00fablicas, privadas, empresariales y a la poblaci\u00f3n en general.\" \/>\r\n<meta property=\"og:url\" content=\"https:\/\/caid.gob.do\/caid\/caid-san-juan-realiza-con-exito-el-4to-rally-por-la-inclusion\/\" \/>\r\n<meta property=\"og:site_name\" content=\"CAID\" \/>\r\n<meta property=\"article:publisher\" content=\"https:\/\/www.facebook.com\/redcaidrd\" \/>\r\n<meta property=\"article:published_time\" content=\"2023-07-31T15:41:42+00:00\" \/>\r\n<meta property=\"article:modified_time\" content=\"2023-07-31T19:33:44+00:00\" \/>\r\n<meta property=\"og:image\" content=\"https:\/\/caid.gob.do\/caid\/wp-content\/uploads\/4to-rally-06.jpeg\" \/>\r\n\t<meta property=\"og:image:width\" content=\"1280\" \/>\r\n\t<meta property=\"og:image:height\" content=\"853\" \/>\r\n\t<meta property=\"og:image:type\" content=\"image\/jpeg\" \/>\r\n<meta name=\"author\" content=\"j.ortega\" \/>\r\n<meta name=\"twitter:card\" content=\"summary_large_image\" \/>\r\n<meta name=\"twitter:creator\" content=\"@CAIDRDO\" \/>\r\n<meta name=\"twitter:site\" content=\"@CAIDRDO\" \/>\r\n<meta name=\"twitter:label1\" content=\"Written by\" \/>\n\t<meta name=\"twitter:data1\" content=\"j.ortega\" \/>\n\t<meta name=\"twitter:label2\" content=\"Est. reading time\" \/>\n\t<meta name=\"twitter:data2\" content=\"3 minutos\" \/>\r\n<script type=\"application\/ld+json\" class=\"yoast-schema-graph\">{\"@context\":\"https:\/\/schema.org\",\"@graph\":[{\"@type\":\"Article\",\"@id\":\"https:\/\/caid.gob.do\/caid\/caid-san-juan-realiza-con-exito-el-4to-rally-por-la-inclusion\/#article\",\"isPartOf\":{\"@id\":\"https:\/\/caid.gob.do\/caid\/caid-san-juan-realiza-con-exito-el-4to-rally-por-la-inclusion\/\"},\"author\":{\"name\":\"j.ortega\",\"@id\":\"https:\/\/caid.gob.do\/caid\/#\/schema\/person\/eabe18a8e75d76804c0ab7a18828fb37\"},\"headline\":\"CAID San Juan realiza con \u00e9xito el 4to. Rally por la Inclusi\u00f3n\",\"datePublished\":\"2023-07-31T15:41:42+00:00\",\"dateModified\":\"2023-07-31T19:33:44+00:00\",\"mainEntityOfPage\":{\"@id\":\"https:\/\/caid.gob.do\/caid\/caid-san-juan-realiza-con-exito-el-4to-rally-por-la-inclusion\/\"},\"wordCount\":365,\"commentCount\":0,\"publisher\":{\"@id\":\"https:\/\/caid.gob.do\/caid\/#organization\"},\"image\":{\"@id\":\"https:\/\/caid.gob.do\/caid\/caid-san-juan-realiza-con-exito-el-4to-rally-por-la-inclusion\/#primaryimage\"},\"thumbnailUrl\":\"https:\/\/caid.gob.do\/caid\/wp-content\/uploads\/4to-rally-06.jpeg\",\"keywords\":[\"San Juan de la Maguana\"],\"articleSection\":[\"Noticias\"],\"inLanguage\":\"es-DO\",\"potentialAction\":[{\"@type\":\"CommentAction\",\"name\":\"Comment\",\"target\":[\"https:\/\/caid.gob.do\/caid\/caid-san-juan-realiza-con-exito-el-4to-rally-por-la-inclusion\/#respond\"]}]},{\"@type\":\"WebPage\",\"@id\":\"https:\/\/caid.gob.do\/caid\/caid-san-juan-realiza-con-exito-el-4to-rally-por-la-inclusion\/\",\"url\":\"https:\/\/caid.gob.do\/caid\/caid-san-juan-realiza-con-exito-el-4to-rally-por-la-inclusion\/\",\"name\":\"CAID San Juan realiza con \u00e9xito el 4to. Rally por la Inclusi\u00f3n - CAID\",\"isPartOf\":{\"@id\":\"https:\/\/caid.gob.do\/caid\/#website\"},\"primaryImageOfPage\":{\"@id\":\"https:\/\/caid.gob.do\/caid\/caid-san-juan-realiza-con-exito-el-4to-rally-por-la-inclusion\/#primaryimage\"},\"image\":{\"@id\":\"https:\/\/caid.gob.do\/caid\/caid-san-juan-realiza-con-exito-el-4to-rally-por-la-inclusion\/#primaryimage\"},\"thumbnailUrl\":\"https:\/\/caid.gob.do\/caid\/wp-content\/uploads\/4to-rally-06.jpeg\",\"datePublished\":\"2023-07-31T15:41:42+00:00\",\"dateModified\":\"2023-07-31T19:33:44+00:00\",\"breadcrumb\":{\"@id\":\"https:\/\/caid.gob.do\/caid\/caid-san-juan-realiza-con-exito-el-4to-rally-por-la-inclusion\/#breadcrumb\"},\"inLanguage\":\"es-DO\",\"potentialAction\":[{\"@type\":\"ReadAction\",\"target\":[\"https:\/\/caid.gob.do\/caid\/caid-san-juan-realiza-con-exito-el-4to-rally-por-la-inclusion\/\"]}]},{\"@type\":\"ImageObject\",\"inLanguage\":\"es-DO\",\"@id\":\"https:\/\/caid.gob.do\/caid\/caid-san-juan-realiza-con-exito-el-4to-rally-por-la-inclusion\/#primaryimage\",\"url\":\"https:\/\/caid.gob.do\/caid\/wp-content\/uploads\/4to-rally-06.jpeg\",\"contentUrl\":\"https:\/\/caid.gob.do\/caid\/wp-content\/uploads\/4to-rally-06.jpeg\",\"width\":1280,\"height\":853},{\"@type\":\"BreadcrumbList\",\"@id\":\"https:\/\/caid.gob.do\/caid\/caid-san-juan-realiza-con-exito-el-4to-rally-por-la-inclusion\/#breadcrumb\",\"itemListElement\":[{\"@type\":\"ListItem\",\"position\":1,\"name\":\"Est\u00e1s aqu\u00ed:\",\"item\":\"https:\/\/caid.gob.do\/caid\/\"},{\"@type\":\"ListItem\",\"position\":2,\"name\":\"Noticias\",\"item\":\"https:\/\/caid.gob.do\/caid\/category\/noticias\/\"},{\"@type\":\"ListItem\",\"position\":3,\"name\":\"CAID San Juan realiza con \u00e9xito el 4to. Rally por la Inclusi\u00f3n\"}]},{\"@type\":\"WebSite\",\"@id\":\"https:\/\/caid.gob.do\/caid\/#website\",\"url\":\"https:\/\/caid.gob.do\/caid\/\",\"name\":\"CAID\",\"description\":\"Centro de Atenci\u00f3n Integral a la Discapacidad\",\"publisher\":{\"@id\":\"https:\/\/caid.gob.do\/caid\/#organization\"},\"potentialAction\":[{\"@type\":\"SearchAction\",\"target\":{\"@type\":\"EntryPoint\",\"urlTemplate\":\"https:\/\/caid.gob.do\/caid\/?s={search_term_string}\"},\"query-input\":{\"@type\":\"PropertyValueSpecification\",\"valueRequired\":true,\"valueName\":\"search_term_string\"}}],\"inLanguage\":\"es-DO\"},{\"@type\":\"Organization\",\"@id\":\"https:\/\/caid.gob.do\/caid\/#organization\",\"name\":\"Centro de Atenci\u00f3n Integral para la Discapacidad\",\"url\":\"https:\/\/caid.gob.do\/caid\/\",\"logo\":{\"@type\":\"ImageObject\",\"inLanguage\":\"es-DO\",\"@id\":\"https:\/\/caid.gob.do\/caid\/#\/schema\/logo\/image\/\",\"url\":\"https:\/\/caid.gob.do\/caid\/wp-content\/uploads\/CAID-LOGOS-EN-PNG_Mesa-de-trabajo-1-2-1024x505-1.png\",\"contentUrl\":\"https:\/\/caid.gob.do\/caid\/wp-content\/uploads\/CAID-LOGOS-EN-PNG_Mesa-de-trabajo-1-2-1024x505-1.png\",\"width\":1024,\"height\":505,\"caption\":\"Centro de Atenci\u00f3n Integral para la Discapacidad\"},\"image\":{\"@id\":\"https:\/\/caid.gob.do\/caid\/#\/schema\/logo\/image\/\"},\"sameAs\":[\"https:\/\/www.facebook.com\/redcaidrd\",\"https:\/\/x.com\/CAIDRDO\",\"https:\/\/www.instagram.com\/caidrd\/\",\"https:\/\/www.youtube.com\/channel\/UCLnt-fnRlxQdgJQwjgWkrCg\"]},{\"@type\":\"Person\",\"@id\":\"https:\/\/caid.gob.do\/caid\/#\/schema\/person\/eabe18a8e75d76804c0ab7a18828fb37\",\"name\":\"j.ortega\",\"image\":{\"@type\":\"ImageObject\",\"inLanguage\":\"es-DO\",\"@id\":\"https:\/\/caid.gob.do\/caid\/#\/schema\/person\/image\/\",\"url\":\"https:\/\/secure.gravatar.com\/avatar\/375f8cefc66fc63362d75424f6f727ddbbecd8c33b29ce1234841e4c4c30563f?s=96&d=mm&r=g\",\"contentUrl\":\"https:\/\/secure.gravatar.com\/avatar\/375f8cefc66fc63362d75424f6f727ddbbecd8c33b29ce1234841e4c4c30563f?s=96&d=mm&r=g\",\"caption\":\"j.ortega\"},\"sameAs\":[\"https:\/\/caid.gob.do\/caid\"],\"url\":\"https:\/\/caid.gob.do\/caid\/author\/j-ortega\/\"}]}<\/script>\r\n<!-- \/ Yoast SEO plugin. -->","yoast_head_json":{"title":"CAID San Juan realiza con \u00e9xito el 4to. Rally por la Inclusi\u00f3n - CAID","robots":{"index":"index","follow":"follow","max-snippet":"max-snippet:-1","max-image-preview":"max-image-preview:large","max-video-preview":"max-video-preview:-1"},"canonical":"https:\/\/caid.gob.do\/caid\/caid-san-juan-realiza-con-exito-el-4to-rally-por-la-inclusion\/","og_locale":"es_ES","og_type":"article","og_title":"CAID San Juan realiza con \u00e9xito el 4to. Rally por la Inclusi\u00f3n - CAID","og_description":"El Centro de Atenci\u00f3n Integral para la Discapacidad (CAID) en San Juan de la Maguana, realiz\u00f3 \u00a0el 4to Rally por la Inclusi\u00f3n con el objetivo de promover los derechos de las personas con discapacidad, procurar medidas para su inclusi\u00f3n, visibilizar sus talentos, conectarles con instituciones de servicio especializado y sensibilizar a autoridades, instituciones p\u00fablicas, privadas, empresariales y a la poblaci\u00f3n en general.","og_url":"https:\/\/caid.gob.do\/caid\/caid-san-juan-realiza-con-exito-el-4to-rally-por-la-inclusion\/","og_site_name":"CAID","article_publisher":"https:\/\/www.facebook.com\/redcaidrd","article_published_time":"2023-07-31T15:41:42+00:00","article_modified_time":"2023-07-31T19:33:44+00:00","og_image":[{"width":1280,"height":853,"url":"https:\/\/caid.gob.do\/caid\/wp-content\/uploads\/4to-rally-06.jpeg","type":"image\/jpeg"}],"author":"j.ortega","twitter_card":"summary_large_image","twitter_creator":"@CAIDRDO","twitter_site":"@CAIDRDO","twitter_misc":{"Written by":"j.ortega","Est. reading time":"3 minutos"},"schema":{"@context":"https:\/\/schema.org","@graph":[{"@type":"Article","@id":"https:\/\/caid.gob.do\/caid\/caid-san-juan-realiza-con-exito-el-4to-rally-por-la-inclusion\/#article","isPartOf":{"@id":"https:\/\/caid.gob.do\/caid\/caid-san-juan-realiza-con-exito-el-4to-rally-por-la-inclusion\/"},"author":{"name":"j.ortega","@id":"https:\/\/caid.gob.do\/caid\/#\/schema\/person\/eabe18a8e75d76804c0ab7a18828fb37"},"headline":"CAID San Juan realiza con \u00e9xito el 4to. Rally por la Inclusi\u00f3n","datePublished":"2023-07-31T15:41:42+00:00","dateModified":"2023-07-31T19:33:44+00:00","mainEntityOfPage":{"@id":"https:\/\/caid.gob.do\/caid\/caid-san-juan-realiza-con-exito-el-4to-rally-por-la-inclusion\/"},"wordCount":365,"commentCount":0,"publisher":{"@id":"https:\/\/caid.gob.do\/caid\/#organization"},"image":{"@id":"https:\/\/caid.gob.do\/caid\/caid-san-juan-realiza-con-exito-el-4to-rally-por-la-inclusion\/#primaryimage"},"thumbnailUrl":"https:\/\/caid.gob.do\/caid\/wp-content\/uploads\/4to-rally-06.jpeg","keywords":["San Juan de la Maguana"],"articleSection":["Noticias"],"inLanguage":"es-DO","potentialAction":[{"@type":"CommentAction","name":"Comment","target":["https:\/\/caid.gob.do\/caid\/caid-san-juan-realiza-con-exito-el-4to-rally-por-la-inclusion\/#respond"]}]},{"@type":"WebPage","@id":"https:\/\/caid.gob.do\/caid\/caid-san-juan-realiza-con-exito-el-4to-rally-por-la-inclusion\/","url":"https:\/\/caid.gob.do\/caid\/caid-san-juan-realiza-con-exito-el-4to-rally-por-la-inclusion\/","name":"CAID San Juan realiza con \u00e9xito el 4to. Rally por la Inclusi\u00f3n - CAID","isPartOf":{"@id":"https:\/\/caid.gob.do\/caid\/#website"},"primaryImageOfPage":{"@id":"https:\/\/caid.gob.do\/caid\/caid-san-juan-realiza-con-exito-el-4to-rally-por-la-inclusion\/#primaryimage"},"image":{"@id":"https:\/\/caid.gob.do\/caid\/caid-san-juan-realiza-con-exito-el-4to-rally-por-la-inclusion\/#primaryimage"},"thumbnailUrl":"https:\/\/caid.gob.do\/caid\/wp-content\/uploads\/4to-rally-06.jpeg","datePublished":"2023-07-31T15:41:42+00:00","dateModified":"2023-07-31T19:33:44+00:00","breadcrumb":{"@id":"https:\/\/caid.gob.do\/caid\/caid-san-juan-realiza-con-exito-el-4to-rally-por-la-inclusion\/#breadcrumb"},"inLanguage":"es-DO","potentialAction":[{"@type":"ReadAction","target":["https:\/\/caid.gob.do\/caid\/caid-san-juan-realiza-con-exito-el-4to-rally-por-la-inclusion\/"]}]},{"@type":"ImageObject","inLanguage":"es-DO","@id":"https:\/\/caid.gob.do\/caid\/caid-san-juan-realiza-con-exito-el-4to-rally-por-la-inclusion\/#primaryimage","url":"https:\/\/caid.gob.do\/caid\/wp-content\/uploads\/4to-rally-06.jpeg","contentUrl":"https:\/\/caid.gob.do\/caid\/wp-content\/uploads\/4to-rally-06.jpeg","width":1280,"height":853},{"@type":"BreadcrumbList","@id":"https:\/\/caid.gob.do\/caid\/caid-san-juan-realiza-con-exito-el-4to-rally-por-la-inclusion\/#breadcrumb","itemListElement":[{"@type":"ListItem","position":1,"name":"Est\u00e1s aqu\u00ed:","item":"https:\/\/caid.gob.do\/caid\/"},{"@type":"ListItem","position":2,"name":"Noticias","item":"https:\/\/caid.gob.do\/caid\/category\/noticias\/"},{"@type":"ListItem","position":3,"name":"CAID San Juan realiza con \u00e9xito el 4to. Rally por la Inclusi\u00f3n"}]},{"@type":"WebSite","@id":"https:\/\/caid.gob.do\/caid\/#website","url":"https:\/\/caid.gob.do\/caid\/","name":"CAID","description":"Centro de Atenci\u00f3n Integral a la Discapacidad","publisher":{"@id":"https:\/\/caid.gob.do\/caid\/#organization"},"potentialAction":[{"@type":"SearchAction","target":{"@type":"EntryPoint","urlTemplate":"https:\/\/caid.gob.do\/caid\/?s={search_term_string}"},"query-input":{"@type":"PropertyValueSpecification","valueRequired":true,"valueName":"search_term_string"}}],"inLanguage":"es-DO"},{"@type":"Organization","@id":"https:\/\/caid.gob.do\/caid\/#organization","name":"Centro de Atenci\u00f3n Integral para la Discapacidad","url":"https:\/\/caid.gob.do\/caid\/","logo":{"@type":"ImageObject","inLanguage":"es-DO","@id":"https:\/\/caid.gob.do\/caid\/#\/schema\/logo\/image\/","url":"https:\/\/caid.gob.do\/caid\/wp-content\/uploads\/CAID-LOGOS-EN-PNG_Mesa-de-trabajo-1-2-1024x505-1.png","contentUrl":"https:\/\/caid.gob.do\/caid\/wp-content\/uploads\/CAID-LOGOS-EN-PNG_Mesa-de-trabajo-1-2-1024x505-1.png","width":1024,"height":505,"caption":"Centro de Atenci\u00f3n Integral para la Discapacidad"},"image":{"@id":"https:\/\/caid.gob.do\/caid\/#\/schema\/logo\/image\/"},"sameAs":["https:\/\/www.facebook.com\/redcaidrd","https:\/\/x.com\/CAIDRDO","https:\/\/www.instagram.com\/caidrd\/","https:\/\/www.youtube.com\/channel\/UCLnt-fnRlxQdgJQwjgWkrCg"]},{"@type":"Person","@id":"https:\/\/caid.gob.do\/caid\/#\/schema\/person\/eabe18a8e75d76804c0ab7a18828fb37","name":"j.ortega","image":{"@type":"ImageObject","inLanguage":"es-DO","@id":"https:\/\/caid.gob.do\/caid\/#\/schema\/person\/image\/","url":"https:\/\/secure.gravatar.com\/avatar\/375f8cefc66fc63362d75424f6f727ddbbecd8c33b29ce1234841e4c4c30563f?s=96&d=mm&r=g","contentUrl":"https:\/\/secure.gravatar.com\/avatar\/375f8cefc66fc63362d75424f6f727ddbbecd8c33b29ce1234841e4c4c30563f?s=96&d=mm&r=g","caption":"j.ortega"},"sameAs":["https:\/\/caid.gob.do\/caid"],"url":"https:\/\/caid.gob.do\/caid\/author\/j-ortega\/"}]}},"jetpack_featured_media_url":"https:\/\/caid.gob.do\/caid\/wp-content\/uploads\/4to-rally-06.jpeg","jetpack_sharing_enabled":true,"_links":{"self":[{"href":"https:\/\/caid.gob.do\/caid\/wp-json\/wp\/v2\/posts\/13762","targetHints":{"allow":["GET"]}}],"collection":[{"href":"https:\/\/caid.gob.do\/caid\/wp-json\/wp\/v2\/posts"}],"about":[{"href":"https:\/\/caid.gob.do\/caid\/wp-json\/wp\/v2\/types\/post"}],"author":[{"embeddable":true,"href":"https:\/\/caid.gob.do\/caid\/wp-json\/wp\/v2\/users\/1"}],"replies":[{"embeddable":true,"href":"https:\/\/caid.gob.do\/caid\/wp-json\/wp\/v2\/comments?post=13762"}],"version-history":[{"count":5,"href":"https:\/\/caid.gob.do\/caid\/wp-json\/wp\/v2\/posts\/13762\/revisions"}],"predecessor-version":[{"id":13795,"href":"https:\/\/caid.gob.do\/caid\/wp-json\/wp\/v2\/posts\/13762\/revisions\/13795"}],"wp:featuredmedia":[{"embeddable":true,"href":"https:\/\/caid.gob.do\/caid\/wp-json\/wp\/v2\/media\/13765"}],"wp:attachment":[{"href":"https:\/\/caid.gob.do\/caid\/wp-json\/wp\/v2\/media?parent=13762"}],"wp:term":[{"taxonomy":"category","embeddable":true,"href":"https:\/\/caid.gob.do\/caid\/wp-json\/wp\/v2\/categories?post=13762"},{"taxonomy":"post_tag","embeddable":true,"href":"https:\/\/caid.gob.do\/caid\/wp-json\/wp\/v2\/tags?post=13762"}],"curies":[{"name":"wp","href":"https:\/\/api.w.org\/{rel}","templated":true}]}}