{"id":13872,"date":"2023-09-04T09:34:52","date_gmt":"2023-09-04T13:34:52","guid":{"rendered":"https:\/\/caid.gob.do\/caid\/?p=13872"},"modified":"2023-09-15T10:22:19","modified_gmt":"2023-09-15T14:22:19","slug":"caid-san-juan-ofrece-charla-sobre-deteccion-temprana-de-autismo","status":"publish","type":"post","link":"https:\/\/caid.gob.do\/caid\/caid-san-juan-ofrece-charla-sobre-deteccion-temprana-de-autismo\/","title":{"rendered":"CAID San Juan ofrece charla sobre detecci\u00f3n temprana de autismo"},"content":{"rendered":"\n<figure class=\"wp-block-image size-full\"><img loading=\"lazy\" decoding=\"async\" width=\"1600\" height=\"964\" src=\"https:\/\/caid.gob.do\/caid\/wp-content\/uploads\/86ce966c-b3e2-4260-bc24-3795286bd32c.jpg\" alt=\"\" class=\"wp-image-13873\"\/><\/figure>\n\n\n\n<p>El Centro de Atenci\u00f3n Integral para la Discapacidad (CAID), en su sede ubicada en San Juan de la Maguana, ofreci\u00f3 la charla \u201cDetecci\u00f3n temprana de autismo\u201d dirigida a m\u00e9dicos y pasantes pediatras y de atenci\u00f3n temprana de la Regional VI de Salud conformada por las provincias Azua, San Juan y El\u00edas Pi\u00f1a.<\/p>\n\n\n\n<p>Esta charla fue impartida por el CAID en coordinaci\u00f3n con la Regional VI de Salud; la Sociedad Dominicana de Pediatr\u00eda, filial San Juan; los hospitales Federico Armando Aybar, de Las Matas de Farf\u00e1n; el Municipal de Juan de Herrera; y el Regional Universitario Dr. Alejandro Cabral, de San Juan de la Maguana.<\/p>\n\n\n\n<figure class=\"wp-block-image size-full\"><img loading=\"lazy\" decoding=\"async\" width=\"1600\" height=\"900\" src=\"https:\/\/caid.gob.do\/caid\/wp-content\/uploads\/c63a2e0c-5bd8-4309-b61d-297d0084e4e0.jpg\" alt=\"\" class=\"wp-image-13874\"\/><\/figure>\n\n\n\n<p>Durante la jornada, en la que participaron 115 especialistas de la salud, el director m\u00e9dico del CAID Dr. H\u00e9ctor Mateo, explic\u00f3 la importancia de que el personal de salud conozca sobre el trastorno del Espectro autista (TEA) y los servicios que ofrece el CAID a ni\u00f1os y ni\u00f1as con esta condici\u00f3n, ya que son los primeros en ver se\u00f1ales de alerta y los principales referidores hacia los servicios especializados que estos requieren.<\/p>\n\n\n\n<p>En la charla expusieron las doctoras Mar\u00eda Elena Castillo, pediatra del CAID, y Ana Morales, encargada del Servicio de Evaluaci\u00f3n del Desarrollo del CAID, quienes explicaron sobre los hitos del desarrollo en la primera infancia y las se\u00f1ales de alerta para detecci\u00f3n del autismo, recalcando que los ni\u00f1os y ni\u00f1as con esta condici\u00f3n presentan dificultades en la comunicaci\u00f3n y la interacci\u00f3n social, y para ser flexibles en los comportamientos, intereses y actividades de la vida cotidiana.<\/p>\n\n\n\n<p>Los especialistas m\u00e9dicos del CAID exhortaron a los participantes a prestar atenci\u00f3n e identificar las se\u00f1ales de alerta cuando examinen a los ni\u00f1os y ni\u00f1as, y a comunicar a sus padres y cuidadores durante sus consultas, ya que cuanto antes se diagnostique la condici\u00f3n m\u00e1s temprano se inicia la intervenci\u00f3n, y por tanto mayor probabilidad de \u00e9xito con la intervenci\u00f3n y de que el ni\u00f1o alcance los hitos.<\/p>\n\n\n\n<figure class=\"wp-block-image size-full\"><img loading=\"lazy\" decoding=\"async\" width=\"1600\" height=\"900\" src=\"https:\/\/caid.gob.do\/caid\/wp-content\/uploads\/5053bc14-38db-4758-9a3d-c33eaffaf20d.jpg\" alt=\"\" class=\"wp-image-13875\"\/><\/figure>\n","protected":false},"excerpt":{"rendered":"<p>El Centro de Atenci\u00f3n Integral para la Discapacidad (CAID), en su sede ubicada en San Juan de la Maguana, ofreci\u00f3 la charla \u201cDetecci\u00f3n temprana de autismo\u201d dirigida a m\u00e9dicos y pasantes pediatras y de atenci\u00f3n temprana de la Regional VI de Salud conformada por las provincias Azua, San Juan y El\u00edas Pi\u00f1a.<\/p>\n","protected":false},"author":1,"featured_media":13873,"comment_status":"open","ping_status":"open","sticky":false,"template":"","format":"standard","meta":{"_acf_changed":false,"_jetpack_memberships_contains_paid_content":false,"footnotes":""},"categories":[3],"tags":[52],"class_list":["post-13872","post","type-post","status-publish","format-standard","has-post-thumbnail","hentry","category-noticias","tag-san-juan-de-la-maguana"],"acf":[],"yoast_head":"<!-- This site is optimized with the Yoast SEO plugin v27.0 - https:\/\/yoast.com\/product\/yoast-seo-wordpress\/ -->\r\n<title>CAID San Juan ofrece charla sobre detecci\u00f3n temprana de autismo - CAID<\/title>\r\n<meta name=\"robots\" content=\"index, follow, max-snippet:-1, max-image-preview:large, max-video-preview:-1\" \/>\r\n<link rel=\"canonical\" href=\"https:\/\/caid.gob.do\/caid\/caid-san-juan-ofrece-charla-sobre-deteccion-temprana-de-autismo\/\" \/>\r\n<meta property=\"og:locale\" content=\"es_ES\" \/>\r\n<meta property=\"og:type\" content=\"article\" \/>\r\n<meta property=\"og:title\" content=\"CAID San Juan ofrece charla sobre detecci\u00f3n temprana de autismo - CAID\" \/>\r\n<meta property=\"og:description\" content=\"El Centro de Atenci\u00f3n Integral para la Discapacidad (CAID), en su sede ubicada en San Juan de la Maguana, ofreci\u00f3 la charla \u201cDetecci\u00f3n temprana de autismo\u201d dirigida a m\u00e9dicos y pasantes pediatras y de atenci\u00f3n temprana de la Regional VI de Salud conformada por las provincias Azua, San Juan y El\u00edas Pi\u00f1a.\" \/>\r\n<meta property=\"og:url\" content=\"https:\/\/caid.gob.do\/caid\/caid-san-juan-ofrece-charla-sobre-deteccion-temprana-de-autismo\/\" \/>\r\n<meta property=\"og:site_name\" content=\"CAID\" \/>\r\n<meta property=\"article:publisher\" content=\"https:\/\/www.facebook.com\/redcaidrd\" \/>\r\n<meta property=\"article:published_time\" content=\"2023-09-04T13:34:52+00:00\" \/>\r\n<meta property=\"article:modified_time\" content=\"2023-09-15T14:22:19+00:00\" \/>\r\n<meta property=\"og:image\" content=\"https:\/\/caid.gob.do\/caid\/wp-content\/uploads\/86ce966c-b3e2-4260-bc24-3795286bd32c.jpg\" \/>\r\n\t<meta property=\"og:image:width\" content=\"1600\" \/>\r\n\t<meta property=\"og:image:height\" content=\"964\" \/>\r\n\t<meta property=\"og:image:type\" content=\"image\/jpeg\" \/>\r\n<meta name=\"author\" content=\"j.ortega\" \/>\r\n<meta name=\"twitter:card\" content=\"summary_large_image\" \/>\r\n<meta name=\"twitter:creator\" content=\"@CAIDRDO\" \/>\r\n<meta name=\"twitter:site\" content=\"@CAIDRDO\" \/>\r\n<meta name=\"twitter:label1\" content=\"Written by\" \/>\n\t<meta name=\"twitter:data1\" content=\"j.ortega\" \/>\n\t<meta name=\"twitter:label2\" content=\"Est. reading time\" \/>\n\t<meta name=\"twitter:data2\" content=\"3 minutos\" \/>\r\n<script type=\"application\/ld+json\" class=\"yoast-schema-graph\">{\"@context\":\"https:\/\/schema.org\",\"@graph\":[{\"@type\":\"Article\",\"@id\":\"https:\/\/caid.gob.do\/caid\/caid-san-juan-ofrece-charla-sobre-deteccion-temprana-de-autismo\/#article\",\"isPartOf\":{\"@id\":\"https:\/\/caid.gob.do\/caid\/caid-san-juan-ofrece-charla-sobre-deteccion-temprana-de-autismo\/\"},\"author\":{\"name\":\"j.ortega\",\"@id\":\"https:\/\/caid.gob.do\/caid\/#\/schema\/person\/eabe18a8e75d76804c0ab7a18828fb37\"},\"headline\":\"CAID San Juan ofrece charla sobre detecci\u00f3n temprana de autismo\",\"datePublished\":\"2023-09-04T13:34:52+00:00\",\"dateModified\":\"2023-09-15T14:22:19+00:00\",\"mainEntityOfPage\":{\"@id\":\"https:\/\/caid.gob.do\/caid\/caid-san-juan-ofrece-charla-sobre-deteccion-temprana-de-autismo\/\"},\"wordCount\":364,\"commentCount\":0,\"publisher\":{\"@id\":\"https:\/\/caid.gob.do\/caid\/#organization\"},\"image\":{\"@id\":\"https:\/\/caid.gob.do\/caid\/caid-san-juan-ofrece-charla-sobre-deteccion-temprana-de-autismo\/#primaryimage\"},\"thumbnailUrl\":\"https:\/\/caid.gob.do\/caid\/wp-content\/uploads\/86ce966c-b3e2-4260-bc24-3795286bd32c.jpg\",\"keywords\":[\"San Juan de la Maguana\"],\"articleSection\":[\"Noticias\"],\"inLanguage\":\"es-DO\",\"potentialAction\":[{\"@type\":\"CommentAction\",\"name\":\"Comment\",\"target\":[\"https:\/\/caid.gob.do\/caid\/caid-san-juan-ofrece-charla-sobre-deteccion-temprana-de-autismo\/#respond\"]}]},{\"@type\":\"WebPage\",\"@id\":\"https:\/\/caid.gob.do\/caid\/caid-san-juan-ofrece-charla-sobre-deteccion-temprana-de-autismo\/\",\"url\":\"https:\/\/caid.gob.do\/caid\/caid-san-juan-ofrece-charla-sobre-deteccion-temprana-de-autismo\/\",\"name\":\"CAID San Juan ofrece charla sobre detecci\u00f3n temprana de autismo - CAID\",\"isPartOf\":{\"@id\":\"https:\/\/caid.gob.do\/caid\/#website\"},\"primaryImageOfPage\":{\"@id\":\"https:\/\/caid.gob.do\/caid\/caid-san-juan-ofrece-charla-sobre-deteccion-temprana-de-autismo\/#primaryimage\"},\"image\":{\"@id\":\"https:\/\/caid.gob.do\/caid\/caid-san-juan-ofrece-charla-sobre-deteccion-temprana-de-autismo\/#primaryimage\"},\"thumbnailUrl\":\"https:\/\/caid.gob.do\/caid\/wp-content\/uploads\/86ce966c-b3e2-4260-bc24-3795286bd32c.jpg\",\"datePublished\":\"2023-09-04T13:34:52+00:00\",\"dateModified\":\"2023-09-15T14:22:19+00:00\",\"breadcrumb\":{\"@id\":\"https:\/\/caid.gob.do\/caid\/caid-san-juan-ofrece-charla-sobre-deteccion-temprana-de-autismo\/#breadcrumb\"},\"inLanguage\":\"es-DO\",\"potentialAction\":[{\"@type\":\"ReadAction\",\"target\":[\"https:\/\/caid.gob.do\/caid\/caid-san-juan-ofrece-charla-sobre-deteccion-temprana-de-autismo\/\"]}]},{\"@type\":\"ImageObject\",\"inLanguage\":\"es-DO\",\"@id\":\"https:\/\/caid.gob.do\/caid\/caid-san-juan-ofrece-charla-sobre-deteccion-temprana-de-autismo\/#primaryimage\",\"url\":\"https:\/\/caid.gob.do\/caid\/wp-content\/uploads\/86ce966c-b3e2-4260-bc24-3795286bd32c.jpg\",\"contentUrl\":\"https:\/\/caid.gob.do\/caid\/wp-content\/uploads\/86ce966c-b3e2-4260-bc24-3795286bd32c.jpg\",\"width\":1600,\"height\":964},{\"@type\":\"BreadcrumbList\",\"@id\":\"https:\/\/caid.gob.do\/caid\/caid-san-juan-ofrece-charla-sobre-deteccion-temprana-de-autismo\/#breadcrumb\",\"itemListElement\":[{\"@type\":\"ListItem\",\"position\":1,\"name\":\"Est\u00e1s aqu\u00ed:\",\"item\":\"https:\/\/caid.gob.do\/caid\/\"},{\"@type\":\"ListItem\",\"position\":2,\"name\":\"Noticias\",\"item\":\"https:\/\/caid.gob.do\/caid\/category\/noticias\/\"},{\"@type\":\"ListItem\",\"position\":3,\"name\":\"CAID San Juan ofrece charla sobre detecci\u00f3n temprana de autismo\"}]},{\"@type\":\"WebSite\",\"@id\":\"https:\/\/caid.gob.do\/caid\/#website\",\"url\":\"https:\/\/caid.gob.do\/caid\/\",\"name\":\"CAID\",\"description\":\"Centro de Atenci\u00f3n Integral a la Discapacidad\",\"publisher\":{\"@id\":\"https:\/\/caid.gob.do\/caid\/#organization\"},\"potentialAction\":[{\"@type\":\"SearchAction\",\"target\":{\"@type\":\"EntryPoint\",\"urlTemplate\":\"https:\/\/caid.gob.do\/caid\/?s={search_term_string}\"},\"query-input\":{\"@type\":\"PropertyValueSpecification\",\"valueRequired\":true,\"valueName\":\"search_term_string\"}}],\"inLanguage\":\"es-DO\"},{\"@type\":\"Organization\",\"@id\":\"https:\/\/caid.gob.do\/caid\/#organization\",\"name\":\"Centro de Atenci\u00f3n Integral para la Discapacidad\",\"url\":\"https:\/\/caid.gob.do\/caid\/\",\"logo\":{\"@type\":\"ImageObject\",\"inLanguage\":\"es-DO\",\"@id\":\"https:\/\/caid.gob.do\/caid\/#\/schema\/logo\/image\/\",\"url\":\"https:\/\/caid.gob.do\/caid\/wp-content\/uploads\/CAID-LOGOS-EN-PNG_Mesa-de-trabajo-1-2-1024x505-1.png\",\"contentUrl\":\"https:\/\/caid.gob.do\/caid\/wp-content\/uploads\/CAID-LOGOS-EN-PNG_Mesa-de-trabajo-1-2-1024x505-1.png\",\"width\":1024,\"height\":505,\"caption\":\"Centro de Atenci\u00f3n Integral para la Discapacidad\"},\"image\":{\"@id\":\"https:\/\/caid.gob.do\/caid\/#\/schema\/logo\/image\/\"},\"sameAs\":[\"https:\/\/www.facebook.com\/redcaidrd\",\"https:\/\/x.com\/CAIDRDO\",\"https:\/\/www.instagram.com\/caidrd\/\",\"https:\/\/www.youtube.com\/channel\/UCLnt-fnRlxQdgJQwjgWkrCg\"]},{\"@type\":\"Person\",\"@id\":\"https:\/\/caid.gob.do\/caid\/#\/schema\/person\/eabe18a8e75d76804c0ab7a18828fb37\",\"name\":\"j.ortega\",\"image\":{\"@type\":\"ImageObject\",\"inLanguage\":\"es-DO\",\"@id\":\"https:\/\/caid.gob.do\/caid\/#\/schema\/person\/image\/\",\"url\":\"https:\/\/secure.gravatar.com\/avatar\/375f8cefc66fc63362d75424f6f727ddbbecd8c33b29ce1234841e4c4c30563f?s=96&d=mm&r=g\",\"contentUrl\":\"https:\/\/secure.gravatar.com\/avatar\/375f8cefc66fc63362d75424f6f727ddbbecd8c33b29ce1234841e4c4c30563f?s=96&d=mm&r=g\",\"caption\":\"j.ortega\"},\"sameAs\":[\"https:\/\/caid.gob.do\/caid\"],\"url\":\"https:\/\/caid.gob.do\/caid\/author\/j-ortega\/\"}]}<\/script>\r\n<!-- \/ Yoast SEO plugin. -->","yoast_head_json":{"title":"CAID San Juan ofrece charla sobre detecci\u00f3n temprana de autismo - CAID","robots":{"index":"index","follow":"follow","max-snippet":"max-snippet:-1","max-image-preview":"max-image-preview:large","max-video-preview":"max-video-preview:-1"},"canonical":"https:\/\/caid.gob.do\/caid\/caid-san-juan-ofrece-charla-sobre-deteccion-temprana-de-autismo\/","og_locale":"es_ES","og_type":"article","og_title":"CAID San Juan ofrece charla sobre detecci\u00f3n temprana de autismo - CAID","og_description":"El Centro de Atenci\u00f3n Integral para la Discapacidad (CAID), en su sede ubicada en San Juan de la Maguana, ofreci\u00f3 la charla \u201cDetecci\u00f3n temprana de autismo\u201d dirigida a m\u00e9dicos y pasantes pediatras y de atenci\u00f3n temprana de la Regional VI de Salud conformada por las provincias Azua, San Juan y El\u00edas Pi\u00f1a.","og_url":"https:\/\/caid.gob.do\/caid\/caid-san-juan-ofrece-charla-sobre-deteccion-temprana-de-autismo\/","og_site_name":"CAID","article_publisher":"https:\/\/www.facebook.com\/redcaidrd","article_published_time":"2023-09-04T13:34:52+00:00","article_modified_time":"2023-09-15T14:22:19+00:00","og_image":[{"width":1600,"height":964,"url":"https:\/\/caid.gob.do\/caid\/wp-content\/uploads\/86ce966c-b3e2-4260-bc24-3795286bd32c.jpg","type":"image\/jpeg"}],"author":"j.ortega","twitter_card":"summary_large_image","twitter_creator":"@CAIDRDO","twitter_site":"@CAIDRDO","twitter_misc":{"Written by":"j.ortega","Est. reading time":"3 minutos"},"schema":{"@context":"https:\/\/schema.org","@graph":[{"@type":"Article","@id":"https:\/\/caid.gob.do\/caid\/caid-san-juan-ofrece-charla-sobre-deteccion-temprana-de-autismo\/#article","isPartOf":{"@id":"https:\/\/caid.gob.do\/caid\/caid-san-juan-ofrece-charla-sobre-deteccion-temprana-de-autismo\/"},"author":{"name":"j.ortega","@id":"https:\/\/caid.gob.do\/caid\/#\/schema\/person\/eabe18a8e75d76804c0ab7a18828fb37"},"headline":"CAID San Juan ofrece charla sobre detecci\u00f3n temprana de autismo","datePublished":"2023-09-04T13:34:52+00:00","dateModified":"2023-09-15T14:22:19+00:00","mainEntityOfPage":{"@id":"https:\/\/caid.gob.do\/caid\/caid-san-juan-ofrece-charla-sobre-deteccion-temprana-de-autismo\/"},"wordCount":364,"commentCount":0,"publisher":{"@id":"https:\/\/caid.gob.do\/caid\/#organization"},"image":{"@id":"https:\/\/caid.gob.do\/caid\/caid-san-juan-ofrece-charla-sobre-deteccion-temprana-de-autismo\/#primaryimage"},"thumbnailUrl":"https:\/\/caid.gob.do\/caid\/wp-content\/uploads\/86ce966c-b3e2-4260-bc24-3795286bd32c.jpg","keywords":["San Juan de la Maguana"],"articleSection":["Noticias"],"inLanguage":"es-DO","potentialAction":[{"@type":"CommentAction","name":"Comment","target":["https:\/\/caid.gob.do\/caid\/caid-san-juan-ofrece-charla-sobre-deteccion-temprana-de-autismo\/#respond"]}]},{"@type":"WebPage","@id":"https:\/\/caid.gob.do\/caid\/caid-san-juan-ofrece-charla-sobre-deteccion-temprana-de-autismo\/","url":"https:\/\/caid.gob.do\/caid\/caid-san-juan-ofrece-charla-sobre-deteccion-temprana-de-autismo\/","name":"CAID San Juan ofrece charla sobre detecci\u00f3n temprana de autismo - CAID","isPartOf":{"@id":"https:\/\/caid.gob.do\/caid\/#website"},"primaryImageOfPage":{"@id":"https:\/\/caid.gob.do\/caid\/caid-san-juan-ofrece-charla-sobre-deteccion-temprana-de-autismo\/#primaryimage"},"image":{"@id":"https:\/\/caid.gob.do\/caid\/caid-san-juan-ofrece-charla-sobre-deteccion-temprana-de-autismo\/#primaryimage"},"thumbnailUrl":"https:\/\/caid.gob.do\/caid\/wp-content\/uploads\/86ce966c-b3e2-4260-bc24-3795286bd32c.jpg","datePublished":"2023-09-04T13:34:52+00:00","dateModified":"2023-09-15T14:22:19+00:00","breadcrumb":{"@id":"https:\/\/caid.gob.do\/caid\/caid-san-juan-ofrece-charla-sobre-deteccion-temprana-de-autismo\/#breadcrumb"},"inLanguage":"es-DO","potentialAction":[{"@type":"ReadAction","target":["https:\/\/caid.gob.do\/caid\/caid-san-juan-ofrece-charla-sobre-deteccion-temprana-de-autismo\/"]}]},{"@type":"ImageObject","inLanguage":"es-DO","@id":"https:\/\/caid.gob.do\/caid\/caid-san-juan-ofrece-charla-sobre-deteccion-temprana-de-autismo\/#primaryimage","url":"https:\/\/caid.gob.do\/caid\/wp-content\/uploads\/86ce966c-b3e2-4260-bc24-3795286bd32c.jpg","contentUrl":"https:\/\/caid.gob.do\/caid\/wp-content\/uploads\/86ce966c-b3e2-4260-bc24-3795286bd32c.jpg","width":1600,"height":964},{"@type":"BreadcrumbList","@id":"https:\/\/caid.gob.do\/caid\/caid-san-juan-ofrece-charla-sobre-deteccion-temprana-de-autismo\/#breadcrumb","itemListElement":[{"@type":"ListItem","position":1,"name":"Est\u00e1s aqu\u00ed:","item":"https:\/\/caid.gob.do\/caid\/"},{"@type":"ListItem","position":2,"name":"Noticias","item":"https:\/\/caid.gob.do\/caid\/category\/noticias\/"},{"@type":"ListItem","position":3,"name":"CAID San Juan ofrece charla sobre detecci\u00f3n temprana de autismo"}]},{"@type":"WebSite","@id":"https:\/\/caid.gob.do\/caid\/#website","url":"https:\/\/caid.gob.do\/caid\/","name":"CAID","description":"Centro de Atenci\u00f3n Integral a la Discapacidad","publisher":{"@id":"https:\/\/caid.gob.do\/caid\/#organization"},"potentialAction":[{"@type":"SearchAction","target":{"@type":"EntryPoint","urlTemplate":"https:\/\/caid.gob.do\/caid\/?s={search_term_string}"},"query-input":{"@type":"PropertyValueSpecification","valueRequired":true,"valueName":"search_term_string"}}],"inLanguage":"es-DO"},{"@type":"Organization","@id":"https:\/\/caid.gob.do\/caid\/#organization","name":"Centro de Atenci\u00f3n Integral para la Discapacidad","url":"https:\/\/caid.gob.do\/caid\/","logo":{"@type":"ImageObject","inLanguage":"es-DO","@id":"https:\/\/caid.gob.do\/caid\/#\/schema\/logo\/image\/","url":"https:\/\/caid.gob.do\/caid\/wp-content\/uploads\/CAID-LOGOS-EN-PNG_Mesa-de-trabajo-1-2-1024x505-1.png","contentUrl":"https:\/\/caid.gob.do\/caid\/wp-content\/uploads\/CAID-LOGOS-EN-PNG_Mesa-de-trabajo-1-2-1024x505-1.png","width":1024,"height":505,"caption":"Centro de Atenci\u00f3n Integral para la Discapacidad"},"image":{"@id":"https:\/\/caid.gob.do\/caid\/#\/schema\/logo\/image\/"},"sameAs":["https:\/\/www.facebook.com\/redcaidrd","https:\/\/x.com\/CAIDRDO","https:\/\/www.instagram.com\/caidrd\/","https:\/\/www.youtube.com\/channel\/UCLnt-fnRlxQdgJQwjgWkrCg"]},{"@type":"Person","@id":"https:\/\/caid.gob.do\/caid\/#\/schema\/person\/eabe18a8e75d76804c0ab7a18828fb37","name":"j.ortega","image":{"@type":"ImageObject","inLanguage":"es-DO","@id":"https:\/\/caid.gob.do\/caid\/#\/schema\/person\/image\/","url":"https:\/\/secure.gravatar.com\/avatar\/375f8cefc66fc63362d75424f6f727ddbbecd8c33b29ce1234841e4c4c30563f?s=96&d=mm&r=g","contentUrl":"https:\/\/secure.gravatar.com\/avatar\/375f8cefc66fc63362d75424f6f727ddbbecd8c33b29ce1234841e4c4c30563f?s=96&d=mm&r=g","caption":"j.ortega"},"sameAs":["https:\/\/caid.gob.do\/caid"],"url":"https:\/\/caid.gob.do\/caid\/author\/j-ortega\/"}]}},"jetpack_featured_media_url":"https:\/\/caid.gob.do\/caid\/wp-content\/uploads\/86ce966c-b3e2-4260-bc24-3795286bd32c.jpg","jetpack_sharing_enabled":true,"_links":{"self":[{"href":"https:\/\/caid.gob.do\/caid\/wp-json\/wp\/v2\/posts\/13872","targetHints":{"allow":["GET"]}}],"collection":[{"href":"https:\/\/caid.gob.do\/caid\/wp-json\/wp\/v2\/posts"}],"about":[{"href":"https:\/\/caid.gob.do\/caid\/wp-json\/wp\/v2\/types\/post"}],"author":[{"embeddable":true,"href":"https:\/\/caid.gob.do\/caid\/wp-json\/wp\/v2\/users\/1"}],"replies":[{"embeddable":true,"href":"https:\/\/caid.gob.do\/caid\/wp-json\/wp\/v2\/comments?post=13872"}],"version-history":[{"count":1,"href":"https:\/\/caid.gob.do\/caid\/wp-json\/wp\/v2\/posts\/13872\/revisions"}],"predecessor-version":[{"id":13876,"href":"https:\/\/caid.gob.do\/caid\/wp-json\/wp\/v2\/posts\/13872\/revisions\/13876"}],"wp:featuredmedia":[{"embeddable":true,"href":"https:\/\/caid.gob.do\/caid\/wp-json\/wp\/v2\/media\/13873"}],"wp:attachment":[{"href":"https:\/\/caid.gob.do\/caid\/wp-json\/wp\/v2\/media?parent=13872"}],"wp:term":[{"taxonomy":"category","embeddable":true,"href":"https:\/\/caid.gob.do\/caid\/wp-json\/wp\/v2\/categories?post=13872"},{"taxonomy":"post_tag","embeddable":true,"href":"https:\/\/caid.gob.do\/caid\/wp-json\/wp\/v2\/tags?post=13872"}],"curies":[{"name":"wp","href":"https:\/\/api.w.org\/{rel}","templated":true}]}}