{"id":14106,"date":"2023-09-28T09:43:48","date_gmt":"2023-09-28T13:43:48","guid":{"rendered":"https:\/\/caid.gob.do\/caid\/?p=14106"},"modified":"2023-09-28T15:39:42","modified_gmt":"2023-09-28T19:39:42","slug":"caid-y-unibe-refuerzan-alianza-educativa","status":"publish","type":"post","link":"https:\/\/caid.gob.do\/caid\/caid-y-unibe-refuerzan-alianza-educativa\/","title":{"rendered":"CAID y UNIBE refuerzan alianza educativa"},"content":{"rendered":"\n<p><em>El acuerdo compromete a ambas instituciones a fomentar el intercambio de experiencias y personal en los campos de la docencia y la investigaci\u00f3n.<\/em><\/p>\n\n\n\n<figure class=\"wp-block-image aligncenter size-full is-resized\"><img loading=\"lazy\" decoding=\"async\" src=\"https:\/\/caid.gob.do\/caid\/wp-content\/uploads\/UNibe-1.jpeg\" alt=\"\" class=\"wp-image-14107\" style=\"object-fit:cover;width:988px;height:555px\" width=\"988\" height=\"555\"\/><\/figure>\n\n\n\n<p><br>El Centro de Atenci\u00f3n Integral a la Discapacidad (CAID) y la Universidad Iberoamericana (UNIBE) firmaron un acuerdo con el que ampl\u00edan el alcance de su cooperaci\u00f3n a favor de la formaci\u00f3n de recursos humanos y el desarrollo de actividades de diversa \u00edndole en temas de inter\u00e9s com\u00fan.<\/p>\n\n\n\n<p>El acuerdo compromete a ambas instituciones a fomentar el intercambio de experiencias y personal en los campos de la docencia y la investigaci\u00f3n en las \u00e1reas en las cuales la combinaci\u00f3n de esfuerzos genera beneficio mutuo y promueve el desarrollo social.<\/p>\n\n\n\n<p>La inclusi\u00f3n formal del CAID en el programa de pasant\u00edas de UNIBE, el fomento de programas de servicio comunitario y responsabilidad social, la formulaci\u00f3n de proyectos de investigaci\u00f3n y publicaciones conjuntas es parte de los aspectos contemplados en el convenio.&nbsp;<\/p>\n\n\n\n<p>Adem\u00e1s, la universidad otorgar\u00e1 descuentos en el pago de la matr\u00edcula de grado y postgrado, as\u00ed como en los programas de educaci\u00f3n continua al personal del CAID y a sus hijos.<\/p>\n\n\n\n<p>El CAID y UNIBE han mantenido una trayectoria de colaboraci\u00f3n desde la apertura del centro.<\/p>\n\n\n\n<p>\u201cEste convenio establece un marco institucional a las iniciativas que se han venido generando gracias al compromiso que nos mueve a ambas instituciones de trabajar a favor de los ni\u00f1os y ni\u00f1as con discapacidad\u201d, indic\u00f3 Henry Rosa Polanco, director nacional del CAID.<\/p>\n\n\n\n<p>Rosa Polanco inst\u00f3 al personal a aprovechar las oportunidades detalladas en el documento y formular propuestas innovadoras en el \u00e1mbito de la investigaci\u00f3n y los servicios. Destac\u00f3, as\u00ed mismo, la importancia de la formaci\u00f3n continua para lo cual motiv\u00f3 a mirar en detalle la oferta educativa de esta y otras instituciones de excelencia acad\u00e9mica.<\/p>\n","protected":false},"excerpt":{"rendered":"<p>El Centro de Atenci\u00f3n Integral a la Discapacidad (CAID) y la Universidad Iberoamericana (UNIBE) firmaron un acuerdo con el que ampl\u00edan el alcance de su cooperaci\u00f3n a favor de la formaci\u00f3n de recursos humanos y el desarrollo de actividades de diversa \u00edndole en temas de inter\u00e9s com\u00fan.<\/p>\n","protected":false},"author":1,"featured_media":14107,"comment_status":"closed","ping_status":"closed","sticky":false,"template":"","format":"standard","meta":{"_acf_changed":false,"_jetpack_memberships_contains_paid_content":false,"footnotes":""},"categories":[3],"tags":[50],"class_list":["post-14106","post","type-post","status-publish","format-standard","has-post-thumbnail","hentry","category-noticias","tag-santo-domingo"],"acf":[],"yoast_head":"<!-- This site is optimized with the Yoast SEO plugin v27.0 - https:\/\/yoast.com\/product\/yoast-seo-wordpress\/ -->\r\n<title>CAID y UNIBE refuerzan alianza educativa - CAID<\/title>\r\n<meta name=\"robots\" content=\"index, follow, max-snippet:-1, max-image-preview:large, max-video-preview:-1\" \/>\r\n<link rel=\"canonical\" href=\"https:\/\/caid.gob.do\/caid\/caid-y-unibe-refuerzan-alianza-educativa\/\" \/>\r\n<meta property=\"og:locale\" content=\"es_ES\" \/>\r\n<meta property=\"og:type\" content=\"article\" \/>\r\n<meta property=\"og:title\" content=\"CAID y UNIBE refuerzan alianza educativa - CAID\" \/>\r\n<meta property=\"og:description\" content=\"El Centro de Atenci\u00f3n Integral a la Discapacidad (CAID) y la Universidad Iberoamericana (UNIBE) firmaron un acuerdo con el que ampl\u00edan el alcance de su cooperaci\u00f3n a favor de la formaci\u00f3n de recursos humanos y el desarrollo de actividades de diversa \u00edndole en temas de inter\u00e9s com\u00fan.\" \/>\r\n<meta property=\"og:url\" content=\"https:\/\/caid.gob.do\/caid\/caid-y-unibe-refuerzan-alianza-educativa\/\" \/>\r\n<meta property=\"og:site_name\" content=\"CAID\" \/>\r\n<meta property=\"article:publisher\" content=\"https:\/\/www.facebook.com\/redcaidrd\" \/>\r\n<meta property=\"article:published_time\" content=\"2023-09-28T13:43:48+00:00\" \/>\r\n<meta property=\"article:modified_time\" content=\"2023-09-28T19:39:42+00:00\" \/>\r\n<meta property=\"og:image\" content=\"https:\/\/caid.gob.do\/caid\/wp-content\/uploads\/UNibe-1.jpeg\" \/>\r\n\t<meta property=\"og:image:width\" content=\"740\" \/>\r\n\t<meta property=\"og:image:height\" content=\"493\" \/>\r\n\t<meta property=\"og:image:type\" content=\"image\/jpeg\" \/>\r\n<meta name=\"author\" content=\"j.ortega\" \/>\r\n<meta name=\"twitter:card\" content=\"summary_large_image\" \/>\r\n<meta name=\"twitter:creator\" content=\"@CAIDRDO\" \/>\r\n<meta name=\"twitter:site\" content=\"@CAIDRDO\" \/>\r\n<meta name=\"twitter:label1\" content=\"Written by\" \/>\n\t<meta name=\"twitter:data1\" content=\"j.ortega\" \/>\n\t<meta name=\"twitter:label2\" content=\"Est. reading time\" \/>\n\t<meta name=\"twitter:data2\" content=\"2 minutos\" \/>\r\n<script type=\"application\/ld+json\" class=\"yoast-schema-graph\">{\"@context\":\"https:\/\/schema.org\",\"@graph\":[{\"@type\":\"Article\",\"@id\":\"https:\/\/caid.gob.do\/caid\/caid-y-unibe-refuerzan-alianza-educativa\/#article\",\"isPartOf\":{\"@id\":\"https:\/\/caid.gob.do\/caid\/caid-y-unibe-refuerzan-alianza-educativa\/\"},\"author\":{\"name\":\"j.ortega\",\"@id\":\"https:\/\/caid.gob.do\/caid\/#\/schema\/person\/eabe18a8e75d76804c0ab7a18828fb37\"},\"headline\":\"CAID y UNIBE refuerzan alianza educativa\",\"datePublished\":\"2023-09-28T13:43:48+00:00\",\"dateModified\":\"2023-09-28T19:39:42+00:00\",\"mainEntityOfPage\":{\"@id\":\"https:\/\/caid.gob.do\/caid\/caid-y-unibe-refuerzan-alianza-educativa\/\"},\"wordCount\":322,\"publisher\":{\"@id\":\"https:\/\/caid.gob.do\/caid\/#organization\"},\"image\":{\"@id\":\"https:\/\/caid.gob.do\/caid\/caid-y-unibe-refuerzan-alianza-educativa\/#primaryimage\"},\"thumbnailUrl\":\"https:\/\/caid.gob.do\/caid\/wp-content\/uploads\/UNibe-1.jpeg\",\"keywords\":[\"Santo Domingo\"],\"articleSection\":[\"Noticias\"],\"inLanguage\":\"es-DO\"},{\"@type\":\"WebPage\",\"@id\":\"https:\/\/caid.gob.do\/caid\/caid-y-unibe-refuerzan-alianza-educativa\/\",\"url\":\"https:\/\/caid.gob.do\/caid\/caid-y-unibe-refuerzan-alianza-educativa\/\",\"name\":\"CAID y UNIBE refuerzan alianza educativa - CAID\",\"isPartOf\":{\"@id\":\"https:\/\/caid.gob.do\/caid\/#website\"},\"primaryImageOfPage\":{\"@id\":\"https:\/\/caid.gob.do\/caid\/caid-y-unibe-refuerzan-alianza-educativa\/#primaryimage\"},\"image\":{\"@id\":\"https:\/\/caid.gob.do\/caid\/caid-y-unibe-refuerzan-alianza-educativa\/#primaryimage\"},\"thumbnailUrl\":\"https:\/\/caid.gob.do\/caid\/wp-content\/uploads\/UNibe-1.jpeg\",\"datePublished\":\"2023-09-28T13:43:48+00:00\",\"dateModified\":\"2023-09-28T19:39:42+00:00\",\"breadcrumb\":{\"@id\":\"https:\/\/caid.gob.do\/caid\/caid-y-unibe-refuerzan-alianza-educativa\/#breadcrumb\"},\"inLanguage\":\"es-DO\",\"potentialAction\":[{\"@type\":\"ReadAction\",\"target\":[\"https:\/\/caid.gob.do\/caid\/caid-y-unibe-refuerzan-alianza-educativa\/\"]}]},{\"@type\":\"ImageObject\",\"inLanguage\":\"es-DO\",\"@id\":\"https:\/\/caid.gob.do\/caid\/caid-y-unibe-refuerzan-alianza-educativa\/#primaryimage\",\"url\":\"https:\/\/caid.gob.do\/caid\/wp-content\/uploads\/UNibe-1.jpeg\",\"contentUrl\":\"https:\/\/caid.gob.do\/caid\/wp-content\/uploads\/UNibe-1.jpeg\",\"width\":740,\"height\":493},{\"@type\":\"BreadcrumbList\",\"@id\":\"https:\/\/caid.gob.do\/caid\/caid-y-unibe-refuerzan-alianza-educativa\/#breadcrumb\",\"itemListElement\":[{\"@type\":\"ListItem\",\"position\":1,\"name\":\"Est\u00e1s aqu\u00ed:\",\"item\":\"https:\/\/caid.gob.do\/caid\/\"},{\"@type\":\"ListItem\",\"position\":2,\"name\":\"Noticias\",\"item\":\"https:\/\/caid.gob.do\/caid\/category\/noticias\/\"},{\"@type\":\"ListItem\",\"position\":3,\"name\":\"CAID y UNIBE refuerzan alianza educativa\"}]},{\"@type\":\"WebSite\",\"@id\":\"https:\/\/caid.gob.do\/caid\/#website\",\"url\":\"https:\/\/caid.gob.do\/caid\/\",\"name\":\"CAID\",\"description\":\"Centro de Atenci\u00f3n Integral a la Discapacidad\",\"publisher\":{\"@id\":\"https:\/\/caid.gob.do\/caid\/#organization\"},\"potentialAction\":[{\"@type\":\"SearchAction\",\"target\":{\"@type\":\"EntryPoint\",\"urlTemplate\":\"https:\/\/caid.gob.do\/caid\/?s={search_term_string}\"},\"query-input\":{\"@type\":\"PropertyValueSpecification\",\"valueRequired\":true,\"valueName\":\"search_term_string\"}}],\"inLanguage\":\"es-DO\"},{\"@type\":\"Organization\",\"@id\":\"https:\/\/caid.gob.do\/caid\/#organization\",\"name\":\"Centro de Atenci\u00f3n Integral para la Discapacidad\",\"url\":\"https:\/\/caid.gob.do\/caid\/\",\"logo\":{\"@type\":\"ImageObject\",\"inLanguage\":\"es-DO\",\"@id\":\"https:\/\/caid.gob.do\/caid\/#\/schema\/logo\/image\/\",\"url\":\"https:\/\/caid.gob.do\/caid\/wp-content\/uploads\/CAID-LOGOS-EN-PNG_Mesa-de-trabajo-1-2-1024x505-1.png\",\"contentUrl\":\"https:\/\/caid.gob.do\/caid\/wp-content\/uploads\/CAID-LOGOS-EN-PNG_Mesa-de-trabajo-1-2-1024x505-1.png\",\"width\":1024,\"height\":505,\"caption\":\"Centro de Atenci\u00f3n Integral para la Discapacidad\"},\"image\":{\"@id\":\"https:\/\/caid.gob.do\/caid\/#\/schema\/logo\/image\/\"},\"sameAs\":[\"https:\/\/www.facebook.com\/redcaidrd\",\"https:\/\/x.com\/CAIDRDO\",\"https:\/\/www.instagram.com\/caidrd\/\",\"https:\/\/www.youtube.com\/channel\/UCLnt-fnRlxQdgJQwjgWkrCg\"]},{\"@type\":\"Person\",\"@id\":\"https:\/\/caid.gob.do\/caid\/#\/schema\/person\/eabe18a8e75d76804c0ab7a18828fb37\",\"name\":\"j.ortega\",\"image\":{\"@type\":\"ImageObject\",\"inLanguage\":\"es-DO\",\"@id\":\"https:\/\/caid.gob.do\/caid\/#\/schema\/person\/image\/\",\"url\":\"https:\/\/secure.gravatar.com\/avatar\/375f8cefc66fc63362d75424f6f727ddbbecd8c33b29ce1234841e4c4c30563f?s=96&d=mm&r=g\",\"contentUrl\":\"https:\/\/secure.gravatar.com\/avatar\/375f8cefc66fc63362d75424f6f727ddbbecd8c33b29ce1234841e4c4c30563f?s=96&d=mm&r=g\",\"caption\":\"j.ortega\"},\"sameAs\":[\"https:\/\/caid.gob.do\/caid\"],\"url\":\"https:\/\/caid.gob.do\/caid\/author\/j-ortega\/\"}]}<\/script>\r\n<!-- \/ Yoast SEO plugin. -->","yoast_head_json":{"title":"CAID y UNIBE refuerzan alianza educativa - CAID","robots":{"index":"index","follow":"follow","max-snippet":"max-snippet:-1","max-image-preview":"max-image-preview:large","max-video-preview":"max-video-preview:-1"},"canonical":"https:\/\/caid.gob.do\/caid\/caid-y-unibe-refuerzan-alianza-educativa\/","og_locale":"es_ES","og_type":"article","og_title":"CAID y UNIBE refuerzan alianza educativa - CAID","og_description":"El Centro de Atenci\u00f3n Integral a la Discapacidad (CAID) y la Universidad Iberoamericana (UNIBE) firmaron un acuerdo con el que ampl\u00edan el alcance de su cooperaci\u00f3n a favor de la formaci\u00f3n de recursos humanos y el desarrollo de actividades de diversa \u00edndole en temas de inter\u00e9s com\u00fan.","og_url":"https:\/\/caid.gob.do\/caid\/caid-y-unibe-refuerzan-alianza-educativa\/","og_site_name":"CAID","article_publisher":"https:\/\/www.facebook.com\/redcaidrd","article_published_time":"2023-09-28T13:43:48+00:00","article_modified_time":"2023-09-28T19:39:42+00:00","og_image":[{"width":740,"height":493,"url":"https:\/\/caid.gob.do\/caid\/wp-content\/uploads\/UNibe-1.jpeg","type":"image\/jpeg"}],"author":"j.ortega","twitter_card":"summary_large_image","twitter_creator":"@CAIDRDO","twitter_site":"@CAIDRDO","twitter_misc":{"Written by":"j.ortega","Est. reading time":"2 minutos"},"schema":{"@context":"https:\/\/schema.org","@graph":[{"@type":"Article","@id":"https:\/\/caid.gob.do\/caid\/caid-y-unibe-refuerzan-alianza-educativa\/#article","isPartOf":{"@id":"https:\/\/caid.gob.do\/caid\/caid-y-unibe-refuerzan-alianza-educativa\/"},"author":{"name":"j.ortega","@id":"https:\/\/caid.gob.do\/caid\/#\/schema\/person\/eabe18a8e75d76804c0ab7a18828fb37"},"headline":"CAID y UNIBE refuerzan alianza educativa","datePublished":"2023-09-28T13:43:48+00:00","dateModified":"2023-09-28T19:39:42+00:00","mainEntityOfPage":{"@id":"https:\/\/caid.gob.do\/caid\/caid-y-unibe-refuerzan-alianza-educativa\/"},"wordCount":322,"publisher":{"@id":"https:\/\/caid.gob.do\/caid\/#organization"},"image":{"@id":"https:\/\/caid.gob.do\/caid\/caid-y-unibe-refuerzan-alianza-educativa\/#primaryimage"},"thumbnailUrl":"https:\/\/caid.gob.do\/caid\/wp-content\/uploads\/UNibe-1.jpeg","keywords":["Santo Domingo"],"articleSection":["Noticias"],"inLanguage":"es-DO"},{"@type":"WebPage","@id":"https:\/\/caid.gob.do\/caid\/caid-y-unibe-refuerzan-alianza-educativa\/","url":"https:\/\/caid.gob.do\/caid\/caid-y-unibe-refuerzan-alianza-educativa\/","name":"CAID y UNIBE refuerzan alianza educativa - CAID","isPartOf":{"@id":"https:\/\/caid.gob.do\/caid\/#website"},"primaryImageOfPage":{"@id":"https:\/\/caid.gob.do\/caid\/caid-y-unibe-refuerzan-alianza-educativa\/#primaryimage"},"image":{"@id":"https:\/\/caid.gob.do\/caid\/caid-y-unibe-refuerzan-alianza-educativa\/#primaryimage"},"thumbnailUrl":"https:\/\/caid.gob.do\/caid\/wp-content\/uploads\/UNibe-1.jpeg","datePublished":"2023-09-28T13:43:48+00:00","dateModified":"2023-09-28T19:39:42+00:00","breadcrumb":{"@id":"https:\/\/caid.gob.do\/caid\/caid-y-unibe-refuerzan-alianza-educativa\/#breadcrumb"},"inLanguage":"es-DO","potentialAction":[{"@type":"ReadAction","target":["https:\/\/caid.gob.do\/caid\/caid-y-unibe-refuerzan-alianza-educativa\/"]}]},{"@type":"ImageObject","inLanguage":"es-DO","@id":"https:\/\/caid.gob.do\/caid\/caid-y-unibe-refuerzan-alianza-educativa\/#primaryimage","url":"https:\/\/caid.gob.do\/caid\/wp-content\/uploads\/UNibe-1.jpeg","contentUrl":"https:\/\/caid.gob.do\/caid\/wp-content\/uploads\/UNibe-1.jpeg","width":740,"height":493},{"@type":"BreadcrumbList","@id":"https:\/\/caid.gob.do\/caid\/caid-y-unibe-refuerzan-alianza-educativa\/#breadcrumb","itemListElement":[{"@type":"ListItem","position":1,"name":"Est\u00e1s aqu\u00ed:","item":"https:\/\/caid.gob.do\/caid\/"},{"@type":"ListItem","position":2,"name":"Noticias","item":"https:\/\/caid.gob.do\/caid\/category\/noticias\/"},{"@type":"ListItem","position":3,"name":"CAID y UNIBE refuerzan alianza educativa"}]},{"@type":"WebSite","@id":"https:\/\/caid.gob.do\/caid\/#website","url":"https:\/\/caid.gob.do\/caid\/","name":"CAID","description":"Centro de Atenci\u00f3n Integral a la Discapacidad","publisher":{"@id":"https:\/\/caid.gob.do\/caid\/#organization"},"potentialAction":[{"@type":"SearchAction","target":{"@type":"EntryPoint","urlTemplate":"https:\/\/caid.gob.do\/caid\/?s={search_term_string}"},"query-input":{"@type":"PropertyValueSpecification","valueRequired":true,"valueName":"search_term_string"}}],"inLanguage":"es-DO"},{"@type":"Organization","@id":"https:\/\/caid.gob.do\/caid\/#organization","name":"Centro de Atenci\u00f3n Integral para la Discapacidad","url":"https:\/\/caid.gob.do\/caid\/","logo":{"@type":"ImageObject","inLanguage":"es-DO","@id":"https:\/\/caid.gob.do\/caid\/#\/schema\/logo\/image\/","url":"https:\/\/caid.gob.do\/caid\/wp-content\/uploads\/CAID-LOGOS-EN-PNG_Mesa-de-trabajo-1-2-1024x505-1.png","contentUrl":"https:\/\/caid.gob.do\/caid\/wp-content\/uploads\/CAID-LOGOS-EN-PNG_Mesa-de-trabajo-1-2-1024x505-1.png","width":1024,"height":505,"caption":"Centro de Atenci\u00f3n Integral para la Discapacidad"},"image":{"@id":"https:\/\/caid.gob.do\/caid\/#\/schema\/logo\/image\/"},"sameAs":["https:\/\/www.facebook.com\/redcaidrd","https:\/\/x.com\/CAIDRDO","https:\/\/www.instagram.com\/caidrd\/","https:\/\/www.youtube.com\/channel\/UCLnt-fnRlxQdgJQwjgWkrCg"]},{"@type":"Person","@id":"https:\/\/caid.gob.do\/caid\/#\/schema\/person\/eabe18a8e75d76804c0ab7a18828fb37","name":"j.ortega","image":{"@type":"ImageObject","inLanguage":"es-DO","@id":"https:\/\/caid.gob.do\/caid\/#\/schema\/person\/image\/","url":"https:\/\/secure.gravatar.com\/avatar\/375f8cefc66fc63362d75424f6f727ddbbecd8c33b29ce1234841e4c4c30563f?s=96&d=mm&r=g","contentUrl":"https:\/\/secure.gravatar.com\/avatar\/375f8cefc66fc63362d75424f6f727ddbbecd8c33b29ce1234841e4c4c30563f?s=96&d=mm&r=g","caption":"j.ortega"},"sameAs":["https:\/\/caid.gob.do\/caid"],"url":"https:\/\/caid.gob.do\/caid\/author\/j-ortega\/"}]}},"jetpack_featured_media_url":"https:\/\/caid.gob.do\/caid\/wp-content\/uploads\/UNibe-1.jpeg","jetpack_sharing_enabled":true,"_links":{"self":[{"href":"https:\/\/caid.gob.do\/caid\/wp-json\/wp\/v2\/posts\/14106","targetHints":{"allow":["GET"]}}],"collection":[{"href":"https:\/\/caid.gob.do\/caid\/wp-json\/wp\/v2\/posts"}],"about":[{"href":"https:\/\/caid.gob.do\/caid\/wp-json\/wp\/v2\/types\/post"}],"author":[{"embeddable":true,"href":"https:\/\/caid.gob.do\/caid\/wp-json\/wp\/v2\/users\/1"}],"replies":[{"embeddable":true,"href":"https:\/\/caid.gob.do\/caid\/wp-json\/wp\/v2\/comments?post=14106"}],"version-history":[{"count":6,"href":"https:\/\/caid.gob.do\/caid\/wp-json\/wp\/v2\/posts\/14106\/revisions"}],"predecessor-version":[{"id":14119,"href":"https:\/\/caid.gob.do\/caid\/wp-json\/wp\/v2\/posts\/14106\/revisions\/14119"}],"wp:featuredmedia":[{"embeddable":true,"href":"https:\/\/caid.gob.do\/caid\/wp-json\/wp\/v2\/media\/14107"}],"wp:attachment":[{"href":"https:\/\/caid.gob.do\/caid\/wp-json\/wp\/v2\/media?parent=14106"}],"wp:term":[{"taxonomy":"category","embeddable":true,"href":"https:\/\/caid.gob.do\/caid\/wp-json\/wp\/v2\/categories?post=14106"},{"taxonomy":"post_tag","embeddable":true,"href":"https:\/\/caid.gob.do\/caid\/wp-json\/wp\/v2\/tags?post=14106"}],"curies":[{"name":"wp","href":"https:\/\/api.w.org\/{rel}","templated":true}]}}