{"id":15727,"date":"2023-12-01T10:40:32","date_gmt":"2023-12-01T14:40:32","guid":{"rendered":"https:\/\/caid.gob.do\/caid\/?p=15727"},"modified":"2023-12-01T10:40:36","modified_gmt":"2023-12-01T14:40:36","slug":"unidades-de-intervencion-terapeutica-territorial-nuevas-opciones-para-la-discapacidad","status":"publish","type":"post","link":"https:\/\/caid.gob.do\/caid\/unidades-de-intervencion-terapeutica-territorial-nuevas-opciones-para-la-discapacidad\/","title":{"rendered":"Unidades de Intervenci\u00f3n Terap\u00e9utica Territorial: nuevas opciones para la discapacidad"},"content":{"rendered":"\n<p>Las UITT son un proyecto novedoso cuya ejecuci\u00f3n se desarrollar\u00e1 de manera escalonada y en la modalidad piloto<\/p>\n\n\n\n<figure class=\"wp-block-image size-full is-resized\"><img loading=\"lazy\" decoding=\"async\" width=\"896\" height=\"504\" src=\"https:\/\/caid.gob.do\/caid\/wp-content\/uploads\/uitt-nuevas-opciones-para-la-discapacidad.jpg\" alt=\"\" class=\"wp-image-15728\" style=\"width:915px;height:auto\"\/><\/figure>\n\n\n\n<p>Durante los meses recientes, la \u00faltima vez con ocasi\u00f3n de la entrega de la sede del&nbsp;<strong>CAID<\/strong>&nbsp;en Santo Domingo Este, el&nbsp;<strong>presidente<\/strong>&nbsp;Luis Abinader se ha referido a la ampliaci\u00f3n de la&nbsp;<strong>cobertura<\/strong>&nbsp;a la&nbsp;<strong>discapacidad<\/strong>&nbsp;infantil a trav\u00e9s de seis unidades de intervenci\u00f3n terap\u00e9utica territorial (<strong>UITT<\/strong>) en igual n\u00famero de lugares.<\/p>\n\n\n\n<p>Fruto de las demandas al&nbsp;<strong>presidente<\/strong>&nbsp;Abinader por las&nbsp;<strong>comunidades<\/strong>&nbsp;que visita y por legisladores portavoces de sus provincias, las&nbsp;<strong>UITT<\/strong>&nbsp;son un&nbsp;<strong>proyecto<\/strong>&nbsp;novedoso que se concretar\u00e1 de manera escalonada durante el pr\u00f3ximo a\u00f1o en la modalidad&nbsp;<strong>piloto<\/strong>, lo que permitir\u00e1 evaluar su viabilidad operativa y financiera, decidir sobre su continuidad y determinar la oferta terap\u00e9utica partiendo de las necesidades de su lugar de instalaci\u00f3n.<\/p>\n\n\n\n<p>Dado que no son \u201cpeque\u00f1os\u00a0<strong>CAID<\/strong>\u201d, aunque en el lenguaje coloquial institucional sea ese el amable apelativo en uso, las\u00a0<strong>UITT<\/strong>\u00a0solo ofrecer\u00e1n en su primera etapa el servicio de atenci\u00f3n e intervenci\u00f3n temprana en trastorno del espectro autista, s\u00edndrome de Down y par\u00e1lisis cerebral. El servicio combina\u00a0<strong>terapia<\/strong>s integrales para lograr que los ni\u00f1os y ni\u00f1as adquieran\u00a0<strong>habilidades<\/strong>\u00a0b\u00e1sicas en las \u00e1reas de desarrollo cognitiva, social, motriz, emocional, lenguaje y sensorial.<\/p>\n\n\n\n<p>A diferencia de las sedes, las&nbsp;<strong>UITT<\/strong>&nbsp;no incluyen, de momento,&nbsp;<strong>terapia<\/strong>s especializadas, es decir, predominantes en el&nbsp;<strong>programa<\/strong>&nbsp;individualizado de los usuarios (intervenci\u00f3n tecnol\u00f3gica, por ejemplo), si bien se pondr\u00e1 el acento en las propias de cada&nbsp;<strong>condici\u00f3n<\/strong>. Se agrega a este servicio el entrenamiento a los padres y al entorno familiar para un mejor manejo de la&nbsp;<strong>condici\u00f3n<\/strong>&nbsp;del ni\u00f1o o la ni\u00f1a.<\/p>\n\n\n\n<p>Las&nbsp;<strong>UITT<\/strong>&nbsp;tambi\u00e9n se diferencian de las sedes en el tiempo de&nbsp;<strong>permanencia<\/strong>&nbsp;en&nbsp;<strong>terapia<\/strong>, fijado entre uno y dos a\u00f1os y medio, dependiendo de las caracter\u00edsticas de la&nbsp;<strong>condici\u00f3n<\/strong>&nbsp;tratada e independientemente de la edad del usuario. Cumplido este tiempo, se dar\u00e1 por terminado el&nbsp;<strong>programa<\/strong>&nbsp;terap\u00e9utico, y solo excepcionalmente este continuar\u00e1 en la sede correspondiente.&nbsp;<\/p>\n\n\n\n<p>En la primera fase del&nbsp;<strong>piloto<\/strong>, prevista para el primer semestre de 2024, se abrir\u00e1n&nbsp;<strong>UITT<\/strong>&nbsp;en el Ensanche Luper\u00f3n, Sabana Perdida y Ban\u00ed; en el segundo semestre, se incorporar\u00e1n las de Hig\u00fcey, Bonao y las Matas de Farf\u00e1n. En los cuatro municipios seleccionados se atender\u00e1n los ni\u00f1os y ni\u00f1as remitidos por el Instituto Nacional de Atenci\u00f3n a la Primera Infancia (Inaipi) con caracter\u00edsticas asociadas al TEA, PC o s\u00edndrome de Down. En los dos barrios incluidos ingresar\u00e1n usuarios que est\u00e9n en lista de espera en la sede de Santo Domingo Este.<\/p>\n","protected":false},"excerpt":{"rendered":"<p>Durante los meses recientes, la \u00faltima vez con ocasi\u00f3n de la entrega de la sede del\u00a0CAID\u00a0en Santo Domingo Este, el\u00a0presidente\u00a0Luis Abinader se ha referido a la ampliaci\u00f3n de la\u00a0cobertura\u00a0a la\u00a0discapacidad\u00a0infantil a trav\u00e9s de seis unidades de intervenci\u00f3n terap\u00e9utica territorial (UITT) en igual n\u00famero de lugares.<\/p>\n","protected":false},"author":1,"featured_media":15728,"comment_status":"closed","ping_status":"closed","sticky":false,"template":"","format":"standard","meta":{"_acf_changed":false,"_jetpack_memberships_contains_paid_content":false,"footnotes":""},"categories":[3],"tags":[50],"class_list":["post-15727","post","type-post","status-publish","format-standard","has-post-thumbnail","hentry","category-noticias","tag-santo-domingo"],"acf":[],"yoast_head":"<!-- This site is optimized with the Yoast SEO plugin v27.0 - https:\/\/yoast.com\/product\/yoast-seo-wordpress\/ -->\r\n<title>Unidades de Intervenci\u00f3n Terap\u00e9utica Territorial: nuevas opciones para la discapacidad - CAID<\/title>\r\n<meta name=\"robots\" content=\"index, follow, max-snippet:-1, max-image-preview:large, max-video-preview:-1\" \/>\r\n<link rel=\"canonical\" href=\"https:\/\/caid.gob.do\/caid\/unidades-de-intervencion-terapeutica-territorial-nuevas-opciones-para-la-discapacidad\/\" \/>\r\n<meta property=\"og:locale\" content=\"es_ES\" \/>\r\n<meta property=\"og:type\" content=\"article\" \/>\r\n<meta property=\"og:title\" content=\"Unidades de Intervenci\u00f3n Terap\u00e9utica Territorial: nuevas opciones para la discapacidad - CAID\" \/>\r\n<meta property=\"og:description\" content=\"Durante los meses recientes, la \u00faltima vez con ocasi\u00f3n de la entrega de la sede del\u00a0CAID\u00a0en Santo Domingo Este, el\u00a0presidente\u00a0Luis Abinader se ha referido a la ampliaci\u00f3n de la\u00a0cobertura\u00a0a la\u00a0discapacidad\u00a0infantil a trav\u00e9s de seis unidades de intervenci\u00f3n terap\u00e9utica territorial (UITT) en igual n\u00famero de lugares.\" \/>\r\n<meta property=\"og:url\" content=\"https:\/\/caid.gob.do\/caid\/unidades-de-intervencion-terapeutica-territorial-nuevas-opciones-para-la-discapacidad\/\" \/>\r\n<meta property=\"og:site_name\" content=\"CAID\" \/>\r\n<meta property=\"article:publisher\" content=\"https:\/\/www.facebook.com\/redcaidrd\" \/>\r\n<meta property=\"article:published_time\" content=\"2023-12-01T14:40:32+00:00\" \/>\r\n<meta property=\"article:modified_time\" content=\"2023-12-01T14:40:36+00:00\" \/>\r\n<meta property=\"og:image\" content=\"https:\/\/caid.gob.do\/caid\/wp-content\/uploads\/uitt-nuevas-opciones-para-la-discapacidad.jpg\" \/>\r\n\t<meta property=\"og:image:width\" content=\"896\" \/>\r\n\t<meta property=\"og:image:height\" content=\"504\" \/>\r\n\t<meta property=\"og:image:type\" content=\"image\/jpeg\" \/>\r\n<meta name=\"author\" content=\"j.ortega\" \/>\r\n<meta name=\"twitter:card\" content=\"summary_large_image\" \/>\r\n<meta name=\"twitter:creator\" content=\"@CAIDRDO\" \/>\r\n<meta name=\"twitter:site\" content=\"@CAIDRDO\" \/>\r\n<meta name=\"twitter:label1\" content=\"Written by\" \/>\n\t<meta name=\"twitter:data1\" content=\"j.ortega\" \/>\n\t<meta name=\"twitter:label2\" content=\"Est. reading time\" \/>\n\t<meta name=\"twitter:data2\" content=\"3 minutos\" \/>\r\n<script type=\"application\/ld+json\" class=\"yoast-schema-graph\">{\"@context\":\"https:\/\/schema.org\",\"@graph\":[{\"@type\":\"Article\",\"@id\":\"https:\/\/caid.gob.do\/caid\/unidades-de-intervencion-terapeutica-territorial-nuevas-opciones-para-la-discapacidad\/#article\",\"isPartOf\":{\"@id\":\"https:\/\/caid.gob.do\/caid\/unidades-de-intervencion-terapeutica-territorial-nuevas-opciones-para-la-discapacidad\/\"},\"author\":{\"name\":\"j.ortega\",\"@id\":\"https:\/\/caid.gob.do\/caid\/#\/schema\/person\/eabe18a8e75d76804c0ab7a18828fb37\"},\"headline\":\"Unidades de Intervenci\u00f3n Terap\u00e9utica Territorial: nuevas opciones para la discapacidad\",\"datePublished\":\"2023-12-01T14:40:32+00:00\",\"dateModified\":\"2023-12-01T14:40:36+00:00\",\"mainEntityOfPage\":{\"@id\":\"https:\/\/caid.gob.do\/caid\/unidades-de-intervencion-terapeutica-territorial-nuevas-opciones-para-la-discapacidad\/\"},\"wordCount\":516,\"publisher\":{\"@id\":\"https:\/\/caid.gob.do\/caid\/#organization\"},\"image\":{\"@id\":\"https:\/\/caid.gob.do\/caid\/unidades-de-intervencion-terapeutica-territorial-nuevas-opciones-para-la-discapacidad\/#primaryimage\"},\"thumbnailUrl\":\"https:\/\/caid.gob.do\/caid\/wp-content\/uploads\/uitt-nuevas-opciones-para-la-discapacidad.jpg\",\"keywords\":[\"Santo Domingo\"],\"articleSection\":[\"Noticias\"],\"inLanguage\":\"es-DO\"},{\"@type\":\"WebPage\",\"@id\":\"https:\/\/caid.gob.do\/caid\/unidades-de-intervencion-terapeutica-territorial-nuevas-opciones-para-la-discapacidad\/\",\"url\":\"https:\/\/caid.gob.do\/caid\/unidades-de-intervencion-terapeutica-territorial-nuevas-opciones-para-la-discapacidad\/\",\"name\":\"Unidades de Intervenci\u00f3n Terap\u00e9utica Territorial: nuevas opciones para la discapacidad - CAID\",\"isPartOf\":{\"@id\":\"https:\/\/caid.gob.do\/caid\/#website\"},\"primaryImageOfPage\":{\"@id\":\"https:\/\/caid.gob.do\/caid\/unidades-de-intervencion-terapeutica-territorial-nuevas-opciones-para-la-discapacidad\/#primaryimage\"},\"image\":{\"@id\":\"https:\/\/caid.gob.do\/caid\/unidades-de-intervencion-terapeutica-territorial-nuevas-opciones-para-la-discapacidad\/#primaryimage\"},\"thumbnailUrl\":\"https:\/\/caid.gob.do\/caid\/wp-content\/uploads\/uitt-nuevas-opciones-para-la-discapacidad.jpg\",\"datePublished\":\"2023-12-01T14:40:32+00:00\",\"dateModified\":\"2023-12-01T14:40:36+00:00\",\"breadcrumb\":{\"@id\":\"https:\/\/caid.gob.do\/caid\/unidades-de-intervencion-terapeutica-territorial-nuevas-opciones-para-la-discapacidad\/#breadcrumb\"},\"inLanguage\":\"es-DO\",\"potentialAction\":[{\"@type\":\"ReadAction\",\"target\":[\"https:\/\/caid.gob.do\/caid\/unidades-de-intervencion-terapeutica-territorial-nuevas-opciones-para-la-discapacidad\/\"]}]},{\"@type\":\"ImageObject\",\"inLanguage\":\"es-DO\",\"@id\":\"https:\/\/caid.gob.do\/caid\/unidades-de-intervencion-terapeutica-territorial-nuevas-opciones-para-la-discapacidad\/#primaryimage\",\"url\":\"https:\/\/caid.gob.do\/caid\/wp-content\/uploads\/uitt-nuevas-opciones-para-la-discapacidad.jpg\",\"contentUrl\":\"https:\/\/caid.gob.do\/caid\/wp-content\/uploads\/uitt-nuevas-opciones-para-la-discapacidad.jpg\",\"width\":896,\"height\":504},{\"@type\":\"BreadcrumbList\",\"@id\":\"https:\/\/caid.gob.do\/caid\/unidades-de-intervencion-terapeutica-territorial-nuevas-opciones-para-la-discapacidad\/#breadcrumb\",\"itemListElement\":[{\"@type\":\"ListItem\",\"position\":1,\"name\":\"Est\u00e1s aqu\u00ed:\",\"item\":\"https:\/\/caid.gob.do\/caid\/\"},{\"@type\":\"ListItem\",\"position\":2,\"name\":\"Noticias\",\"item\":\"https:\/\/caid.gob.do\/caid\/category\/noticias\/\"},{\"@type\":\"ListItem\",\"position\":3,\"name\":\"Unidades de Intervenci\u00f3n Terap\u00e9utica Territorial: nuevas opciones para la discapacidad\"}]},{\"@type\":\"WebSite\",\"@id\":\"https:\/\/caid.gob.do\/caid\/#website\",\"url\":\"https:\/\/caid.gob.do\/caid\/\",\"name\":\"CAID\",\"description\":\"Centro de Atenci\u00f3n Integral a la Discapacidad\",\"publisher\":{\"@id\":\"https:\/\/caid.gob.do\/caid\/#organization\"},\"potentialAction\":[{\"@type\":\"SearchAction\",\"target\":{\"@type\":\"EntryPoint\",\"urlTemplate\":\"https:\/\/caid.gob.do\/caid\/?s={search_term_string}\"},\"query-input\":{\"@type\":\"PropertyValueSpecification\",\"valueRequired\":true,\"valueName\":\"search_term_string\"}}],\"inLanguage\":\"es-DO\"},{\"@type\":\"Organization\",\"@id\":\"https:\/\/caid.gob.do\/caid\/#organization\",\"name\":\"Centro de Atenci\u00f3n Integral para la Discapacidad\",\"url\":\"https:\/\/caid.gob.do\/caid\/\",\"logo\":{\"@type\":\"ImageObject\",\"inLanguage\":\"es-DO\",\"@id\":\"https:\/\/caid.gob.do\/caid\/#\/schema\/logo\/image\/\",\"url\":\"https:\/\/caid.gob.do\/caid\/wp-content\/uploads\/CAID-LOGOS-EN-PNG_Mesa-de-trabajo-1-2-1024x505-1.png\",\"contentUrl\":\"https:\/\/caid.gob.do\/caid\/wp-content\/uploads\/CAID-LOGOS-EN-PNG_Mesa-de-trabajo-1-2-1024x505-1.png\",\"width\":1024,\"height\":505,\"caption\":\"Centro de Atenci\u00f3n Integral para la Discapacidad\"},\"image\":{\"@id\":\"https:\/\/caid.gob.do\/caid\/#\/schema\/logo\/image\/\"},\"sameAs\":[\"https:\/\/www.facebook.com\/redcaidrd\",\"https:\/\/x.com\/CAIDRDO\",\"https:\/\/www.instagram.com\/caidrd\/\",\"https:\/\/www.youtube.com\/channel\/UCLnt-fnRlxQdgJQwjgWkrCg\"]},{\"@type\":\"Person\",\"@id\":\"https:\/\/caid.gob.do\/caid\/#\/schema\/person\/eabe18a8e75d76804c0ab7a18828fb37\",\"name\":\"j.ortega\",\"image\":{\"@type\":\"ImageObject\",\"inLanguage\":\"es-DO\",\"@id\":\"https:\/\/caid.gob.do\/caid\/#\/schema\/person\/image\/\",\"url\":\"https:\/\/secure.gravatar.com\/avatar\/375f8cefc66fc63362d75424f6f727ddbbecd8c33b29ce1234841e4c4c30563f?s=96&d=mm&r=g\",\"contentUrl\":\"https:\/\/secure.gravatar.com\/avatar\/375f8cefc66fc63362d75424f6f727ddbbecd8c33b29ce1234841e4c4c30563f?s=96&d=mm&r=g\",\"caption\":\"j.ortega\"},\"sameAs\":[\"https:\/\/caid.gob.do\/caid\"],\"url\":\"https:\/\/caid.gob.do\/caid\/author\/j-ortega\/\"}]}<\/script>\r\n<!-- \/ Yoast SEO plugin. -->","yoast_head_json":{"title":"Unidades de Intervenci\u00f3n Terap\u00e9utica Territorial: nuevas opciones para la discapacidad - CAID","robots":{"index":"index","follow":"follow","max-snippet":"max-snippet:-1","max-image-preview":"max-image-preview:large","max-video-preview":"max-video-preview:-1"},"canonical":"https:\/\/caid.gob.do\/caid\/unidades-de-intervencion-terapeutica-territorial-nuevas-opciones-para-la-discapacidad\/","og_locale":"es_ES","og_type":"article","og_title":"Unidades de Intervenci\u00f3n Terap\u00e9utica Territorial: nuevas opciones para la discapacidad - CAID","og_description":"Durante los meses recientes, la \u00faltima vez con ocasi\u00f3n de la entrega de la sede del\u00a0CAID\u00a0en Santo Domingo Este, el\u00a0presidente\u00a0Luis Abinader se ha referido a la ampliaci\u00f3n de la\u00a0cobertura\u00a0a la\u00a0discapacidad\u00a0infantil a trav\u00e9s de seis unidades de intervenci\u00f3n terap\u00e9utica territorial (UITT) en igual n\u00famero de lugares.","og_url":"https:\/\/caid.gob.do\/caid\/unidades-de-intervencion-terapeutica-territorial-nuevas-opciones-para-la-discapacidad\/","og_site_name":"CAID","article_publisher":"https:\/\/www.facebook.com\/redcaidrd","article_published_time":"2023-12-01T14:40:32+00:00","article_modified_time":"2023-12-01T14:40:36+00:00","og_image":[{"width":896,"height":504,"url":"https:\/\/caid.gob.do\/caid\/wp-content\/uploads\/uitt-nuevas-opciones-para-la-discapacidad.jpg","type":"image\/jpeg"}],"author":"j.ortega","twitter_card":"summary_large_image","twitter_creator":"@CAIDRDO","twitter_site":"@CAIDRDO","twitter_misc":{"Written by":"j.ortega","Est. reading time":"3 minutos"},"schema":{"@context":"https:\/\/schema.org","@graph":[{"@type":"Article","@id":"https:\/\/caid.gob.do\/caid\/unidades-de-intervencion-terapeutica-territorial-nuevas-opciones-para-la-discapacidad\/#article","isPartOf":{"@id":"https:\/\/caid.gob.do\/caid\/unidades-de-intervencion-terapeutica-territorial-nuevas-opciones-para-la-discapacidad\/"},"author":{"name":"j.ortega","@id":"https:\/\/caid.gob.do\/caid\/#\/schema\/person\/eabe18a8e75d76804c0ab7a18828fb37"},"headline":"Unidades de Intervenci\u00f3n Terap\u00e9utica Territorial: nuevas opciones para la discapacidad","datePublished":"2023-12-01T14:40:32+00:00","dateModified":"2023-12-01T14:40:36+00:00","mainEntityOfPage":{"@id":"https:\/\/caid.gob.do\/caid\/unidades-de-intervencion-terapeutica-territorial-nuevas-opciones-para-la-discapacidad\/"},"wordCount":516,"publisher":{"@id":"https:\/\/caid.gob.do\/caid\/#organization"},"image":{"@id":"https:\/\/caid.gob.do\/caid\/unidades-de-intervencion-terapeutica-territorial-nuevas-opciones-para-la-discapacidad\/#primaryimage"},"thumbnailUrl":"https:\/\/caid.gob.do\/caid\/wp-content\/uploads\/uitt-nuevas-opciones-para-la-discapacidad.jpg","keywords":["Santo Domingo"],"articleSection":["Noticias"],"inLanguage":"es-DO"},{"@type":"WebPage","@id":"https:\/\/caid.gob.do\/caid\/unidades-de-intervencion-terapeutica-territorial-nuevas-opciones-para-la-discapacidad\/","url":"https:\/\/caid.gob.do\/caid\/unidades-de-intervencion-terapeutica-territorial-nuevas-opciones-para-la-discapacidad\/","name":"Unidades de Intervenci\u00f3n Terap\u00e9utica Territorial: nuevas opciones para la discapacidad - CAID","isPartOf":{"@id":"https:\/\/caid.gob.do\/caid\/#website"},"primaryImageOfPage":{"@id":"https:\/\/caid.gob.do\/caid\/unidades-de-intervencion-terapeutica-territorial-nuevas-opciones-para-la-discapacidad\/#primaryimage"},"image":{"@id":"https:\/\/caid.gob.do\/caid\/unidades-de-intervencion-terapeutica-territorial-nuevas-opciones-para-la-discapacidad\/#primaryimage"},"thumbnailUrl":"https:\/\/caid.gob.do\/caid\/wp-content\/uploads\/uitt-nuevas-opciones-para-la-discapacidad.jpg","datePublished":"2023-12-01T14:40:32+00:00","dateModified":"2023-12-01T14:40:36+00:00","breadcrumb":{"@id":"https:\/\/caid.gob.do\/caid\/unidades-de-intervencion-terapeutica-territorial-nuevas-opciones-para-la-discapacidad\/#breadcrumb"},"inLanguage":"es-DO","potentialAction":[{"@type":"ReadAction","target":["https:\/\/caid.gob.do\/caid\/unidades-de-intervencion-terapeutica-territorial-nuevas-opciones-para-la-discapacidad\/"]}]},{"@type":"ImageObject","inLanguage":"es-DO","@id":"https:\/\/caid.gob.do\/caid\/unidades-de-intervencion-terapeutica-territorial-nuevas-opciones-para-la-discapacidad\/#primaryimage","url":"https:\/\/caid.gob.do\/caid\/wp-content\/uploads\/uitt-nuevas-opciones-para-la-discapacidad.jpg","contentUrl":"https:\/\/caid.gob.do\/caid\/wp-content\/uploads\/uitt-nuevas-opciones-para-la-discapacidad.jpg","width":896,"height":504},{"@type":"BreadcrumbList","@id":"https:\/\/caid.gob.do\/caid\/unidades-de-intervencion-terapeutica-territorial-nuevas-opciones-para-la-discapacidad\/#breadcrumb","itemListElement":[{"@type":"ListItem","position":1,"name":"Est\u00e1s aqu\u00ed:","item":"https:\/\/caid.gob.do\/caid\/"},{"@type":"ListItem","position":2,"name":"Noticias","item":"https:\/\/caid.gob.do\/caid\/category\/noticias\/"},{"@type":"ListItem","position":3,"name":"Unidades de Intervenci\u00f3n Terap\u00e9utica Territorial: nuevas opciones para la discapacidad"}]},{"@type":"WebSite","@id":"https:\/\/caid.gob.do\/caid\/#website","url":"https:\/\/caid.gob.do\/caid\/","name":"CAID","description":"Centro de Atenci\u00f3n Integral a la Discapacidad","publisher":{"@id":"https:\/\/caid.gob.do\/caid\/#organization"},"potentialAction":[{"@type":"SearchAction","target":{"@type":"EntryPoint","urlTemplate":"https:\/\/caid.gob.do\/caid\/?s={search_term_string}"},"query-input":{"@type":"PropertyValueSpecification","valueRequired":true,"valueName":"search_term_string"}}],"inLanguage":"es-DO"},{"@type":"Organization","@id":"https:\/\/caid.gob.do\/caid\/#organization","name":"Centro de Atenci\u00f3n Integral para la Discapacidad","url":"https:\/\/caid.gob.do\/caid\/","logo":{"@type":"ImageObject","inLanguage":"es-DO","@id":"https:\/\/caid.gob.do\/caid\/#\/schema\/logo\/image\/","url":"https:\/\/caid.gob.do\/caid\/wp-content\/uploads\/CAID-LOGOS-EN-PNG_Mesa-de-trabajo-1-2-1024x505-1.png","contentUrl":"https:\/\/caid.gob.do\/caid\/wp-content\/uploads\/CAID-LOGOS-EN-PNG_Mesa-de-trabajo-1-2-1024x505-1.png","width":1024,"height":505,"caption":"Centro de Atenci\u00f3n Integral para la Discapacidad"},"image":{"@id":"https:\/\/caid.gob.do\/caid\/#\/schema\/logo\/image\/"},"sameAs":["https:\/\/www.facebook.com\/redcaidrd","https:\/\/x.com\/CAIDRDO","https:\/\/www.instagram.com\/caidrd\/","https:\/\/www.youtube.com\/channel\/UCLnt-fnRlxQdgJQwjgWkrCg"]},{"@type":"Person","@id":"https:\/\/caid.gob.do\/caid\/#\/schema\/person\/eabe18a8e75d76804c0ab7a18828fb37","name":"j.ortega","image":{"@type":"ImageObject","inLanguage":"es-DO","@id":"https:\/\/caid.gob.do\/caid\/#\/schema\/person\/image\/","url":"https:\/\/secure.gravatar.com\/avatar\/375f8cefc66fc63362d75424f6f727ddbbecd8c33b29ce1234841e4c4c30563f?s=96&d=mm&r=g","contentUrl":"https:\/\/secure.gravatar.com\/avatar\/375f8cefc66fc63362d75424f6f727ddbbecd8c33b29ce1234841e4c4c30563f?s=96&d=mm&r=g","caption":"j.ortega"},"sameAs":["https:\/\/caid.gob.do\/caid"],"url":"https:\/\/caid.gob.do\/caid\/author\/j-ortega\/"}]}},"jetpack_featured_media_url":"https:\/\/caid.gob.do\/caid\/wp-content\/uploads\/uitt-nuevas-opciones-para-la-discapacidad.jpg","jetpack_sharing_enabled":true,"_links":{"self":[{"href":"https:\/\/caid.gob.do\/caid\/wp-json\/wp\/v2\/posts\/15727","targetHints":{"allow":["GET"]}}],"collection":[{"href":"https:\/\/caid.gob.do\/caid\/wp-json\/wp\/v2\/posts"}],"about":[{"href":"https:\/\/caid.gob.do\/caid\/wp-json\/wp\/v2\/types\/post"}],"author":[{"embeddable":true,"href":"https:\/\/caid.gob.do\/caid\/wp-json\/wp\/v2\/users\/1"}],"replies":[{"embeddable":true,"href":"https:\/\/caid.gob.do\/caid\/wp-json\/wp\/v2\/comments?post=15727"}],"version-history":[{"count":1,"href":"https:\/\/caid.gob.do\/caid\/wp-json\/wp\/v2\/posts\/15727\/revisions"}],"predecessor-version":[{"id":15729,"href":"https:\/\/caid.gob.do\/caid\/wp-json\/wp\/v2\/posts\/15727\/revisions\/15729"}],"wp:featuredmedia":[{"embeddable":true,"href":"https:\/\/caid.gob.do\/caid\/wp-json\/wp\/v2\/media\/15728"}],"wp:attachment":[{"href":"https:\/\/caid.gob.do\/caid\/wp-json\/wp\/v2\/media?parent=15727"}],"wp:term":[{"taxonomy":"category","embeddable":true,"href":"https:\/\/caid.gob.do\/caid\/wp-json\/wp\/v2\/categories?post=15727"},{"taxonomy":"post_tag","embeddable":true,"href":"https:\/\/caid.gob.do\/caid\/wp-json\/wp\/v2\/tags?post=15727"}],"curies":[{"name":"wp","href":"https:\/\/api.w.org\/{rel}","templated":true}]}}