{"id":17347,"date":"2024-06-05T13:21:58","date_gmt":"2024-06-05T17:21:58","guid":{"rendered":"https:\/\/caid.gob.do\/caid\/?p=17347"},"modified":"2024-06-05T13:38:03","modified_gmt":"2024-06-05T17:38:03","slug":"carta-del-director-nacional-a-las-familias-usuarias-del-caid","status":"publish","type":"post","link":"https:\/\/caid.gob.do\/caid\/carta-del-director-nacional-a-las-familias-usuarias-del-caid\/","title":{"rendered":"Carta del director nacional a las familias usuarias del CAID"},"content":{"rendered":"\n<p><strong><em>Palabras expresadas por el director nacional, Henry Rosa Polanco, durante el acto de presentaci\u00f3n de la primera carta compromiso al ciudadano del CAID.<\/em><\/strong><\/p>\n\n\n\n<figure class=\"wp-block-gallery has-nested-images columns-default is-cropped wp-block-gallery-1 is-layout-flex wp-block-gallery-is-layout-flex\">\n<figure class=\"wp-block-image size-large\"><img loading=\"lazy\" decoding=\"async\" width=\"6000\" height=\"3376\" data-id=\"17349\" src=\"https:\/\/caid.gob.do\/caid\/wp-content\/uploads\/CAID07-1.jpg\" alt=\"\" class=\"wp-image-17349\"\/><\/figure>\n\n\n\n<figure class=\"wp-block-image size-large\"><img loading=\"lazy\" decoding=\"async\" width=\"5000\" height=\"3211\" data-id=\"17348\" src=\"https:\/\/caid.gob.do\/caid\/wp-content\/uploads\/CAID06.jpg\" alt=\"\" class=\"wp-image-17348\"\/><\/figure>\n<\/figure>\n\n\n\n<p>Esta madrugada, acud\u00ed al h\u00e1bito entrenado con los jesuitas, de presentarme indigno, pero llamado ante la mirada de Dios y poner todos los medios para disponerme a mirar con \u00c9l y desde su incomprensible misericordia el camino que por delante se abre al despuntar el alba.<\/p>\n\n\n\n<p>Cuando en ese espacio coloco este momento que me toca en este punto de la agenda de hoy, para expresar unas palabras y hacer la entrega simb\u00f3lica de nuestra \u201c<strong>Carta<\/strong> <strong>Compromiso al Ciudadano<\/strong>\u201d a una familia CAID, me dio con escribir, precisamente, una carta.<\/p>\n\n\n\n<p>Una carta, digamos, sentimental. De esas que se escriben con el coraz\u00f3n en la mano.<\/p>\n\n\n\n<p>Querida familia CAID:<\/p>\n\n\n\n<p>Les escribo esta carta, para expresarles lo que siento en estos momentos.<\/p>\n\n\n\n<p>Primero, represento a un grupo de gente. Al Consejo Directivo, a mi rector y amigo P. Jorge Willian, a todos los t\u00e9cnicos y profesionales de las distintas disciplinas m\u00e9dicas y terap\u00e9uticas de la red-caid desde San Juan, Santiago y el Gran Santo Domingo. Tambi\u00e9n represento a mi querido equipo del comit\u00e9 ejecutivo y los directores de cada una de las sedes mencionadas; y tambi\u00e9n a los colaboradores de apoyo. Podemos decir, que represento como a quinientas personas.<\/p>\n\n\n\n<p>Todos convivimos en la labor cotidiana, desde distintos quehaceres, por mantener el CAID como un lugar de servicio de calidad y transformarlo en un referente de lucha permanente por la inclusi\u00f3n social y educativa.<\/p>\n\n\n\n<p>Del mismo modo, familia querida, de su parte representan a much\u00edsima m\u00e1s gente. A miles de familias. A tantas familias de toda la geograf\u00eda nacional.<\/p>\n\n\n\n<p>Padres, madres, abuelas, familiares cercanos y de las comunidades; pero, sobre todo, a miles de ni\u00f1os y ni\u00f1as que viven con alg\u00fan tipo de condici\u00f3n de discapacidad. Ustedes representan tanto a los que se acercan al CAID y reciben servicio social, atenci\u00f3n m\u00e9dica, se eval\u00faan y obtienen un diagn\u00f3stico y buscan terapias fuera; como a los que pueden seguir porque obtienen un cupo para alg\u00fan tipo de intervenci\u00f3n terap\u00e9utica aqu\u00ed, dada la alta demanda nacional que crece d\u00eda tras d\u00eda. Pero, representan, tambi\u00e9n, los que se quedan fuera, que ni siquiera llegan al CAID.<\/p>\n\n\n\n<p>Ante esta realidad, sujetando en mis manos este instrumento, se lo entrego con tres sentimientos que, como son ellos, se entremezclan. Con sentimientos de respeto, humildad y esperanza.<\/p>\n\n\n\n<p>Con respeto, por la dignidad y la fuerza que tienen como familia en esta lucha y el derecho que tambi\u00e9n les asiste de recibir atenciones y servicios de toda \u00edndole, en igualdad de condiciones.<\/p>\n\n\n\n<p>Con humildad, porque en el CAID tenemos el coraje de reconocer nuestros l\u00edmites de lo que s\u00ed podemos ofrecer con calidad y suma profesionalidad y lo que no. A lo que s\u00ed podemos comprometernos, como joya preciosa en un gran desierto, ante una realidad estructural y sist\u00e9mica que nos desborda en toda Am\u00e9rica Latina donde hay, mal contados, 19 millones de ni\u00f1os y ni\u00f1as con discapacidad y tienen como pa\u00edses hermanos iguales desaf\u00edos.<\/p>\n\n\n\n<p>Les entrego esta Carta Compromiso con esperanza. Una esperanza inmensa y templada, como el mar cuando se extiende hacia el horizonte cuando est\u00e1 en calma, pero mantiene el movimiento arm\u00f3nico de sus ondas expansivas hacia el infinito.<\/p>\n\n\n\n<p>Las razones de esta honda esperanza radican en que estamos contribuyendo, efectivamente, con el tejido visible de la gran Red Interinstitucional por la Discapacidad del pa\u00eds. De modo firme, en un plan estrat\u00e9gico y con presupuesto, con la voluntad y el apoyo irrestricto que estamos recibiendo del Sr. Presidente de la Rep\u00fablica, Luis Abinader.<\/p>\n\n\n\n<p>Desde este tejido paulatino, visible y real, de la RED, con las puntadas originales de cada organizaci\u00f3n p\u00fablica (como CONANI, CONADIS, MINERD con Educaci\u00f3n Especial y el INAIPI, SALUD y paro de contar), con cada organizaci\u00f3n privada, nacional e internacional, con o sin fines de lucro; lograremos nuestro prop\u00f3sito de hacer uso eficiente y transparente de los recursos, unificar los servicios dispersos, abaratar sus costos y acercarlos a los territorios.<\/p>\n\n\n\n<p>Esta es LA PRIMERA carta compromiso. Con la asistencia y monitoreo del MAP, en mejora continua, en la segunda versi\u00f3n en dos a\u00f1os, ya habremos estado afianzados desde la adscripci\u00f3n en el MINERD, se habr\u00e1n puesto en marcha una decena de Unidades de Intervenci\u00f3n Terap\u00e9uticas en distintos barrios y campos, se habr\u00e1 instaurado el nuevo modelo de atenci\u00f3n y servicios que multiplicar\u00e1 tres veces el n\u00famero de atenciones con igual calidad y m\u00e1s ofertas de atenci\u00f3n m\u00e9dica, y podremos visibilizar de manera interactiva el mapa de la RED NACIONAL para la discapacidad.<\/p>\n","protected":false},"excerpt":{"rendered":"<p>Esta madrugada, acud\u00ed al h\u00e1bito entrenado con los jesuitas, de presentarme indigno, pero llamado ante la mirada de Dios y poner todos los medios para disponerme a mirar con \u00c9l y desde su incomprensible misericordia el camino que por delante se abre al despuntar el alba.<\/p>\n","protected":false},"author":1,"featured_media":17348,"comment_status":"open","ping_status":"open","sticky":false,"template":"","format":"standard","meta":{"_acf_changed":false,"_jetpack_memberships_contains_paid_content":false,"footnotes":""},"categories":[3],"tags":[50],"class_list":["post-17347","post","type-post","status-publish","format-standard","has-post-thumbnail","hentry","category-noticias","tag-santo-domingo"],"acf":[],"yoast_head":"<!-- This site is optimized with the Yoast SEO plugin v27.5 - https:\/\/yoast.com\/product\/yoast-seo-wordpress\/ -->\r\n<title>Carta del director nacional a las familias usuarias del CAID - CAID<\/title>\r\n<meta name=\"robots\" content=\"index, follow, max-snippet:-1, max-image-preview:large, max-video-preview:-1\" \/>\r\n<link rel=\"canonical\" href=\"https:\/\/caid.gob.do\/caid\/carta-del-director-nacional-a-las-familias-usuarias-del-caid\/\" \/>\r\n<meta property=\"og:locale\" content=\"es_ES\" \/>\r\n<meta property=\"og:type\" content=\"article\" \/>\r\n<meta property=\"og:title\" content=\"Carta del director nacional a las familias usuarias del CAID - CAID\" \/>\r\n<meta property=\"og:description\" content=\"Esta madrugada, acud\u00ed al h\u00e1bito entrenado con los jesuitas, de presentarme indigno, pero llamado ante la mirada de Dios y poner todos los medios para disponerme a mirar con \u00c9l y desde su incomprensible misericordia el camino que por delante se abre al despuntar el alba.\" \/>\r\n<meta property=\"og:url\" content=\"https:\/\/caid.gob.do\/caid\/carta-del-director-nacional-a-las-familias-usuarias-del-caid\/\" \/>\r\n<meta property=\"og:site_name\" content=\"CAID\" \/>\r\n<meta property=\"article:publisher\" content=\"https:\/\/www.facebook.com\/redcaidrd\" \/>\r\n<meta property=\"article:published_time\" content=\"2024-06-05T17:21:58+00:00\" \/>\r\n<meta property=\"article:modified_time\" content=\"2024-06-05T17:38:03+00:00\" \/>\r\n<meta property=\"og:image\" content=\"https:\/\/caid.gob.do\/caid\/wp-content\/uploads\/CAID06.jpg\" \/>\r\n\t<meta property=\"og:image:width\" content=\"5000\" \/>\r\n\t<meta property=\"og:image:height\" content=\"3211\" \/>\r\n\t<meta property=\"og:image:type\" content=\"image\/jpeg\" \/>\r\n<meta name=\"author\" content=\"j.ortega\" \/>\r\n<meta name=\"twitter:card\" content=\"summary_large_image\" \/>\r\n<meta name=\"twitter:creator\" content=\"@CAIDRDO\" \/>\r\n<meta name=\"twitter:site\" content=\"@CAIDRDO\" \/>\r\n<meta name=\"twitter:label1\" content=\"Written by\" \/>\n\t<meta name=\"twitter:data1\" content=\"j.ortega\" \/>\n\t<meta name=\"twitter:label2\" content=\"Est. reading time\" \/>\n\t<meta name=\"twitter:data2\" content=\"5 minutos\" \/>\r\n<script type=\"application\/ld+json\" class=\"yoast-schema-graph\">{\"@context\":\"https:\\\/\\\/schema.org\",\"@graph\":[{\"@type\":\"Article\",\"@id\":\"https:\\\/\\\/caid.gob.do\\\/caid\\\/carta-del-director-nacional-a-las-familias-usuarias-del-caid\\\/#article\",\"isPartOf\":{\"@id\":\"https:\\\/\\\/caid.gob.do\\\/caid\\\/carta-del-director-nacional-a-las-familias-usuarias-del-caid\\\/\"},\"author\":{\"name\":\"j.ortega\",\"@id\":\"https:\\\/\\\/caid.gob.do\\\/caid\\\/#\\\/schema\\\/person\\\/eabe18a8e75d76804c0ab7a18828fb37\"},\"headline\":\"Carta del director nacional a las familias usuarias del CAID\",\"datePublished\":\"2024-06-05T17:21:58+00:00\",\"dateModified\":\"2024-06-05T17:38:03+00:00\",\"mainEntityOfPage\":{\"@id\":\"https:\\\/\\\/caid.gob.do\\\/caid\\\/carta-del-director-nacional-a-las-familias-usuarias-del-caid\\\/\"},\"wordCount\":825,\"commentCount\":0,\"publisher\":{\"@id\":\"https:\\\/\\\/caid.gob.do\\\/caid\\\/#organization\"},\"image\":{\"@id\":\"https:\\\/\\\/caid.gob.do\\\/caid\\\/carta-del-director-nacional-a-las-familias-usuarias-del-caid\\\/#primaryimage\"},\"thumbnailUrl\":\"https:\\\/\\\/caid.gob.do\\\/caid\\\/wp-content\\\/uploads\\\/CAID06.jpg\",\"keywords\":[\"Santo Domingo\"],\"articleSection\":[\"Noticias\"],\"inLanguage\":\"es-DO\",\"potentialAction\":[{\"@type\":\"CommentAction\",\"name\":\"Comment\",\"target\":[\"https:\\\/\\\/caid.gob.do\\\/caid\\\/carta-del-director-nacional-a-las-familias-usuarias-del-caid\\\/#respond\"]}]},{\"@type\":\"WebPage\",\"@id\":\"https:\\\/\\\/caid.gob.do\\\/caid\\\/carta-del-director-nacional-a-las-familias-usuarias-del-caid\\\/\",\"url\":\"https:\\\/\\\/caid.gob.do\\\/caid\\\/carta-del-director-nacional-a-las-familias-usuarias-del-caid\\\/\",\"name\":\"Carta del director nacional a las familias usuarias del CAID - CAID\",\"isPartOf\":{\"@id\":\"https:\\\/\\\/caid.gob.do\\\/caid\\\/#website\"},\"primaryImageOfPage\":{\"@id\":\"https:\\\/\\\/caid.gob.do\\\/caid\\\/carta-del-director-nacional-a-las-familias-usuarias-del-caid\\\/#primaryimage\"},\"image\":{\"@id\":\"https:\\\/\\\/caid.gob.do\\\/caid\\\/carta-del-director-nacional-a-las-familias-usuarias-del-caid\\\/#primaryimage\"},\"thumbnailUrl\":\"https:\\\/\\\/caid.gob.do\\\/caid\\\/wp-content\\\/uploads\\\/CAID06.jpg\",\"datePublished\":\"2024-06-05T17:21:58+00:00\",\"dateModified\":\"2024-06-05T17:38:03+00:00\",\"breadcrumb\":{\"@id\":\"https:\\\/\\\/caid.gob.do\\\/caid\\\/carta-del-director-nacional-a-las-familias-usuarias-del-caid\\\/#breadcrumb\"},\"inLanguage\":\"es-DO\",\"potentialAction\":[{\"@type\":\"ReadAction\",\"target\":[\"https:\\\/\\\/caid.gob.do\\\/caid\\\/carta-del-director-nacional-a-las-familias-usuarias-del-caid\\\/\"]}]},{\"@type\":\"ImageObject\",\"inLanguage\":\"es-DO\",\"@id\":\"https:\\\/\\\/caid.gob.do\\\/caid\\\/carta-del-director-nacional-a-las-familias-usuarias-del-caid\\\/#primaryimage\",\"url\":\"https:\\\/\\\/caid.gob.do\\\/caid\\\/wp-content\\\/uploads\\\/CAID06.jpg\",\"contentUrl\":\"https:\\\/\\\/caid.gob.do\\\/caid\\\/wp-content\\\/uploads\\\/CAID06.jpg\",\"width\":5000,\"height\":3211},{\"@type\":\"BreadcrumbList\",\"@id\":\"https:\\\/\\\/caid.gob.do\\\/caid\\\/carta-del-director-nacional-a-las-familias-usuarias-del-caid\\\/#breadcrumb\",\"itemListElement\":[{\"@type\":\"ListItem\",\"position\":1,\"name\":\"Est\u00e1s aqu\u00ed:\",\"item\":\"https:\\\/\\\/caid.gob.do\\\/caid\\\/\"},{\"@type\":\"ListItem\",\"position\":2,\"name\":\"Noticias\",\"item\":\"https:\\\/\\\/caid.gob.do\\\/caid\\\/category\\\/noticias\\\/\"},{\"@type\":\"ListItem\",\"position\":3,\"name\":\"Carta del director nacional a las familias usuarias del CAID\"}]},{\"@type\":\"WebSite\",\"@id\":\"https:\\\/\\\/caid.gob.do\\\/caid\\\/#website\",\"url\":\"https:\\\/\\\/caid.gob.do\\\/caid\\\/\",\"name\":\"CAID\",\"description\":\"Centro de Atenci\u00f3n Integral a la Discapacidad\",\"publisher\":{\"@id\":\"https:\\\/\\\/caid.gob.do\\\/caid\\\/#organization\"},\"potentialAction\":[{\"@type\":\"SearchAction\",\"target\":{\"@type\":\"EntryPoint\",\"urlTemplate\":\"https:\\\/\\\/caid.gob.do\\\/caid\\\/?s={search_term_string}\"},\"query-input\":{\"@type\":\"PropertyValueSpecification\",\"valueRequired\":true,\"valueName\":\"search_term_string\"}}],\"inLanguage\":\"es-DO\"},{\"@type\":\"Organization\",\"@id\":\"https:\\\/\\\/caid.gob.do\\\/caid\\\/#organization\",\"name\":\"Centro de Atenci\u00f3n Integral para la Discapacidad\",\"url\":\"https:\\\/\\\/caid.gob.do\\\/caid\\\/\",\"logo\":{\"@type\":\"ImageObject\",\"inLanguage\":\"es-DO\",\"@id\":\"https:\\\/\\\/caid.gob.do\\\/caid\\\/#\\\/schema\\\/logo\\\/image\\\/\",\"url\":\"https:\\\/\\\/caid.gob.do\\\/caid\\\/wp-content\\\/uploads\\\/CAID-LOGOS-EN-PNG_Mesa-de-trabajo-1-2-1024x505-1.png\",\"contentUrl\":\"https:\\\/\\\/caid.gob.do\\\/caid\\\/wp-content\\\/uploads\\\/CAID-LOGOS-EN-PNG_Mesa-de-trabajo-1-2-1024x505-1.png\",\"width\":1024,\"height\":505,\"caption\":\"Centro de Atenci\u00f3n Integral para la Discapacidad\"},\"image\":{\"@id\":\"https:\\\/\\\/caid.gob.do\\\/caid\\\/#\\\/schema\\\/logo\\\/image\\\/\"},\"sameAs\":[\"https:\\\/\\\/www.facebook.com\\\/redcaidrd\",\"https:\\\/\\\/x.com\\\/CAIDRDO\",\"https:\\\/\\\/www.instagram.com\\\/caidrd\\\/\",\"https:\\\/\\\/www.youtube.com\\\/channel\\\/UCLnt-fnRlxQdgJQwjgWkrCg\"]},{\"@type\":\"Person\",\"@id\":\"https:\\\/\\\/caid.gob.do\\\/caid\\\/#\\\/schema\\\/person\\\/eabe18a8e75d76804c0ab7a18828fb37\",\"name\":\"j.ortega\",\"image\":{\"@type\":\"ImageObject\",\"inLanguage\":\"es-DO\",\"@id\":\"https:\\\/\\\/secure.gravatar.com\\\/avatar\\\/375f8cefc66fc63362d75424f6f727ddbbecd8c33b29ce1234841e4c4c30563f?s=96&d=mm&r=g\",\"url\":\"https:\\\/\\\/secure.gravatar.com\\\/avatar\\\/375f8cefc66fc63362d75424f6f727ddbbecd8c33b29ce1234841e4c4c30563f?s=96&d=mm&r=g\",\"contentUrl\":\"https:\\\/\\\/secure.gravatar.com\\\/avatar\\\/375f8cefc66fc63362d75424f6f727ddbbecd8c33b29ce1234841e4c4c30563f?s=96&d=mm&r=g\",\"caption\":\"j.ortega\"},\"sameAs\":[\"https:\\\/\\\/caid.gob.do\\\/caid\"],\"url\":\"https:\\\/\\\/caid.gob.do\\\/caid\\\/author\\\/j-ortega\\\/\"}]}<\/script>\r\n<!-- \/ Yoast SEO plugin. -->","yoast_head_json":{"title":"Carta del director nacional a las familias usuarias del CAID - CAID","robots":{"index":"index","follow":"follow","max-snippet":"max-snippet:-1","max-image-preview":"max-image-preview:large","max-video-preview":"max-video-preview:-1"},"canonical":"https:\/\/caid.gob.do\/caid\/carta-del-director-nacional-a-las-familias-usuarias-del-caid\/","og_locale":"es_ES","og_type":"article","og_title":"Carta del director nacional a las familias usuarias del CAID - CAID","og_description":"Esta madrugada, acud\u00ed al h\u00e1bito entrenado con los jesuitas, de presentarme indigno, pero llamado ante la mirada de Dios y poner todos los medios para disponerme a mirar con \u00c9l y desde su incomprensible misericordia el camino que por delante se abre al despuntar el alba.","og_url":"https:\/\/caid.gob.do\/caid\/carta-del-director-nacional-a-las-familias-usuarias-del-caid\/","og_site_name":"CAID","article_publisher":"https:\/\/www.facebook.com\/redcaidrd","article_published_time":"2024-06-05T17:21:58+00:00","article_modified_time":"2024-06-05T17:38:03+00:00","og_image":[{"width":5000,"height":3211,"url":"https:\/\/caid.gob.do\/caid\/wp-content\/uploads\/CAID06.jpg","type":"image\/jpeg"}],"author":"j.ortega","twitter_card":"summary_large_image","twitter_creator":"@CAIDRDO","twitter_site":"@CAIDRDO","twitter_misc":{"Written by":"j.ortega","Est. reading time":"5 minutos"},"schema":{"@context":"https:\/\/schema.org","@graph":[{"@type":"Article","@id":"https:\/\/caid.gob.do\/caid\/carta-del-director-nacional-a-las-familias-usuarias-del-caid\/#article","isPartOf":{"@id":"https:\/\/caid.gob.do\/caid\/carta-del-director-nacional-a-las-familias-usuarias-del-caid\/"},"author":{"name":"j.ortega","@id":"https:\/\/caid.gob.do\/caid\/#\/schema\/person\/eabe18a8e75d76804c0ab7a18828fb37"},"headline":"Carta del director nacional a las familias usuarias del CAID","datePublished":"2024-06-05T17:21:58+00:00","dateModified":"2024-06-05T17:38:03+00:00","mainEntityOfPage":{"@id":"https:\/\/caid.gob.do\/caid\/carta-del-director-nacional-a-las-familias-usuarias-del-caid\/"},"wordCount":825,"commentCount":0,"publisher":{"@id":"https:\/\/caid.gob.do\/caid\/#organization"},"image":{"@id":"https:\/\/caid.gob.do\/caid\/carta-del-director-nacional-a-las-familias-usuarias-del-caid\/#primaryimage"},"thumbnailUrl":"https:\/\/caid.gob.do\/caid\/wp-content\/uploads\/CAID06.jpg","keywords":["Santo Domingo"],"articleSection":["Noticias"],"inLanguage":"es-DO","potentialAction":[{"@type":"CommentAction","name":"Comment","target":["https:\/\/caid.gob.do\/caid\/carta-del-director-nacional-a-las-familias-usuarias-del-caid\/#respond"]}]},{"@type":"WebPage","@id":"https:\/\/caid.gob.do\/caid\/carta-del-director-nacional-a-las-familias-usuarias-del-caid\/","url":"https:\/\/caid.gob.do\/caid\/carta-del-director-nacional-a-las-familias-usuarias-del-caid\/","name":"Carta del director nacional a las familias usuarias del CAID - CAID","isPartOf":{"@id":"https:\/\/caid.gob.do\/caid\/#website"},"primaryImageOfPage":{"@id":"https:\/\/caid.gob.do\/caid\/carta-del-director-nacional-a-las-familias-usuarias-del-caid\/#primaryimage"},"image":{"@id":"https:\/\/caid.gob.do\/caid\/carta-del-director-nacional-a-las-familias-usuarias-del-caid\/#primaryimage"},"thumbnailUrl":"https:\/\/caid.gob.do\/caid\/wp-content\/uploads\/CAID06.jpg","datePublished":"2024-06-05T17:21:58+00:00","dateModified":"2024-06-05T17:38:03+00:00","breadcrumb":{"@id":"https:\/\/caid.gob.do\/caid\/carta-del-director-nacional-a-las-familias-usuarias-del-caid\/#breadcrumb"},"inLanguage":"es-DO","potentialAction":[{"@type":"ReadAction","target":["https:\/\/caid.gob.do\/caid\/carta-del-director-nacional-a-las-familias-usuarias-del-caid\/"]}]},{"@type":"ImageObject","inLanguage":"es-DO","@id":"https:\/\/caid.gob.do\/caid\/carta-del-director-nacional-a-las-familias-usuarias-del-caid\/#primaryimage","url":"https:\/\/caid.gob.do\/caid\/wp-content\/uploads\/CAID06.jpg","contentUrl":"https:\/\/caid.gob.do\/caid\/wp-content\/uploads\/CAID06.jpg","width":5000,"height":3211},{"@type":"BreadcrumbList","@id":"https:\/\/caid.gob.do\/caid\/carta-del-director-nacional-a-las-familias-usuarias-del-caid\/#breadcrumb","itemListElement":[{"@type":"ListItem","position":1,"name":"Est\u00e1s aqu\u00ed:","item":"https:\/\/caid.gob.do\/caid\/"},{"@type":"ListItem","position":2,"name":"Noticias","item":"https:\/\/caid.gob.do\/caid\/category\/noticias\/"},{"@type":"ListItem","position":3,"name":"Carta del director nacional a las familias usuarias del CAID"}]},{"@type":"WebSite","@id":"https:\/\/caid.gob.do\/caid\/#website","url":"https:\/\/caid.gob.do\/caid\/","name":"CAID","description":"Centro de Atenci\u00f3n Integral a la Discapacidad","publisher":{"@id":"https:\/\/caid.gob.do\/caid\/#organization"},"potentialAction":[{"@type":"SearchAction","target":{"@type":"EntryPoint","urlTemplate":"https:\/\/caid.gob.do\/caid\/?s={search_term_string}"},"query-input":{"@type":"PropertyValueSpecification","valueRequired":true,"valueName":"search_term_string"}}],"inLanguage":"es-DO"},{"@type":"Organization","@id":"https:\/\/caid.gob.do\/caid\/#organization","name":"Centro de Atenci\u00f3n Integral para la Discapacidad","url":"https:\/\/caid.gob.do\/caid\/","logo":{"@type":"ImageObject","inLanguage":"es-DO","@id":"https:\/\/caid.gob.do\/caid\/#\/schema\/logo\/image\/","url":"https:\/\/caid.gob.do\/caid\/wp-content\/uploads\/CAID-LOGOS-EN-PNG_Mesa-de-trabajo-1-2-1024x505-1.png","contentUrl":"https:\/\/caid.gob.do\/caid\/wp-content\/uploads\/CAID-LOGOS-EN-PNG_Mesa-de-trabajo-1-2-1024x505-1.png","width":1024,"height":505,"caption":"Centro de Atenci\u00f3n Integral para la Discapacidad"},"image":{"@id":"https:\/\/caid.gob.do\/caid\/#\/schema\/logo\/image\/"},"sameAs":["https:\/\/www.facebook.com\/redcaidrd","https:\/\/x.com\/CAIDRDO","https:\/\/www.instagram.com\/caidrd\/","https:\/\/www.youtube.com\/channel\/UCLnt-fnRlxQdgJQwjgWkrCg"]},{"@type":"Person","@id":"https:\/\/caid.gob.do\/caid\/#\/schema\/person\/eabe18a8e75d76804c0ab7a18828fb37","name":"j.ortega","image":{"@type":"ImageObject","inLanguage":"es-DO","@id":"https:\/\/secure.gravatar.com\/avatar\/375f8cefc66fc63362d75424f6f727ddbbecd8c33b29ce1234841e4c4c30563f?s=96&d=mm&r=g","url":"https:\/\/secure.gravatar.com\/avatar\/375f8cefc66fc63362d75424f6f727ddbbecd8c33b29ce1234841e4c4c30563f?s=96&d=mm&r=g","contentUrl":"https:\/\/secure.gravatar.com\/avatar\/375f8cefc66fc63362d75424f6f727ddbbecd8c33b29ce1234841e4c4c30563f?s=96&d=mm&r=g","caption":"j.ortega"},"sameAs":["https:\/\/caid.gob.do\/caid"],"url":"https:\/\/caid.gob.do\/caid\/author\/j-ortega\/"}]}},"jetpack_featured_media_url":"https:\/\/caid.gob.do\/caid\/wp-content\/uploads\/CAID06.jpg","jetpack_sharing_enabled":true,"_links":{"self":[{"href":"https:\/\/caid.gob.do\/caid\/wp-json\/wp\/v2\/posts\/17347","targetHints":{"allow":["GET"]}}],"collection":[{"href":"https:\/\/caid.gob.do\/caid\/wp-json\/wp\/v2\/posts"}],"about":[{"href":"https:\/\/caid.gob.do\/caid\/wp-json\/wp\/v2\/types\/post"}],"author":[{"embeddable":true,"href":"https:\/\/caid.gob.do\/caid\/wp-json\/wp\/v2\/users\/1"}],"replies":[{"embeddable":true,"href":"https:\/\/caid.gob.do\/caid\/wp-json\/wp\/v2\/comments?post=17347"}],"version-history":[{"count":4,"href":"https:\/\/caid.gob.do\/caid\/wp-json\/wp\/v2\/posts\/17347\/revisions"}],"predecessor-version":[{"id":17367,"href":"https:\/\/caid.gob.do\/caid\/wp-json\/wp\/v2\/posts\/17347\/revisions\/17367"}],"wp:featuredmedia":[{"embeddable":true,"href":"https:\/\/caid.gob.do\/caid\/wp-json\/wp\/v2\/media\/17348"}],"wp:attachment":[{"href":"https:\/\/caid.gob.do\/caid\/wp-json\/wp\/v2\/media?parent=17347"}],"wp:term":[{"taxonomy":"category","embeddable":true,"href":"https:\/\/caid.gob.do\/caid\/wp-json\/wp\/v2\/categories?post=17347"},{"taxonomy":"post_tag","embeddable":true,"href":"https:\/\/caid.gob.do\/caid\/wp-json\/wp\/v2\/tags?post=17347"}],"curies":[{"name":"wp","href":"https:\/\/api.w.org\/{rel}","templated":true}]}}