{"id":18509,"date":"2024-08-15T19:20:29","date_gmt":"2024-08-15T23:20:29","guid":{"rendered":"https:\/\/caid.gob.do\/caid\/?p=18509"},"modified":"2024-10-31T13:10:36","modified_gmt":"2024-10-31T17:10:36","slug":"el-caid-y-edeeste-colaboraran-en-beneficio-de-sus-empleados","status":"publish","type":"post","link":"https:\/\/caid.gob.do\/caid\/el-caid-y-edeeste-colaboraran-en-beneficio-de-sus-empleados\/","title":{"rendered":"El CAID y EDEESTE colaborar\u00e1n en beneficio de sus empleados"},"content":{"rendered":"\n<figure class=\"wp-block-image size-full\"><img loading=\"lazy\" decoding=\"async\" width=\"1280\" height=\"720\" src=\"https:\/\/caid.gob.do\/caid\/wp-content\/uploads\/WhatsApp-Image-2024-08-20-at-7.29.19-PM.jpeg\" alt=\"\" class=\"wp-image-18511\"\/><\/figure>\n\n\n\n<p><em>Actividades formativas con empleados de EDEESTE padres de ni\u00f1os y ni\u00f1as con las condiciones tratadas por el CAID y talleres sobre el uso racional de la energ\u00eda el\u00e9ctrica a los empleados del centro en Santo Domingo Este, forman parte del memorando de entendimiento firmado recientemente.<\/em><\/p>\n\n\n\n<p>La sede del CAID en Santo Domingo Este y la distribuidora de electricidad EDEESTE acordaron intercambiar servicios a favor de sus respectivos empleados mediante actividades formativas impartidas por especialistas de ambas instituciones.<\/p>\n\n\n\n<p>Las entidades se comprometen a aunar esfuerzos para lograr los objetivos comunes definidos en el un reciente memorando de entendimiento, que estar\u00e1 vigente hasta el 2026, el cual incluye entre los compromisos de la empresa de electricidad la realizaci\u00f3n de charlas y talleres sobre eficiencia energ\u00e9tica y el uso racional de la energ\u00eda dirigidas al personal del CAID Santo Domingo Este.&nbsp;<\/p>\n\n\n\n<figure class=\"wp-block-image size-full\"><img loading=\"lazy\" decoding=\"async\" width=\"1280\" height=\"574\" src=\"https:\/\/caid.gob.do\/caid\/wp-content\/uploads\/WhatsApp-Image-2024-08-20-at-7.29.19-PM-1.jpeg\" alt=\"\" class=\"wp-image-18512\"\/><\/figure>\n\n\n\n<p>La empresa tambi\u00e9n realizar\u00e1 Inspecciones peri\u00f3dicas para el mantenimiento de las instalaciones el\u00e9ctricas de la sede del centro y asignar\u00e1 un oficial de cuenta que recibir\u00e1 de manera directa los reportes de aver\u00eda y les d\u00e9 seguimiento.<\/p>\n\n\n\n<p>En reciprocidad, el CAID Santo Domingo Este se compromete a dictar charlas y realizar talleres dirigidos al personal de la empresa el\u00e9ctrica para dotarlos de conocimiento informado sobre las condiciones de discapacidad que atiende en sus cuatro sedes, tales como s\u00edndrome de Down, trastorno del espectro autista y par\u00e1lisis cerebral.<\/p>\n\n\n\n<p>Para dar seguimiento y asegurar el cumplimiento de lo pactado en el memorando, las instituciones acordaron la integraci\u00f3n de un comit\u00e9 interinstitucional compuesto por representantes de la Direcci\u00f3n Nacional, el Departamento de Gesti\u00f3n y Monitoreo de Servicios y la Divisi\u00f3n de Cooperaci\u00f3n Interinstitucional del CAID, y de la Direcci\u00f3n de Gesti\u00f3n Humana, la Gerencia de Relaciones Laborales y la Direcci\u00f3n de Regulaci\u00f3n y Compra de Energ\u00eda y la Gerencia de Innovaci\u00f3n y Desarrollo de EDEESTE.<\/p>\n\n\n\n<figure class=\"wp-block-image size-full is-resized\"><img loading=\"lazy\" decoding=\"async\" width=\"1280\" height=\"853\" src=\"https:\/\/caid.gob.do\/caid\/wp-content\/uploads\/WhatsApp-Image-2024-08-20-at-7.29.19-PM-2.jpeg\" alt=\"\" class=\"wp-image-18513\" style=\"width:840px;height:auto\"\/><\/figure>\n\n\n\n<style>\n\n.wp-image-18511, .wp-image-18512, .wp-image-18513 {\n   width: 100%;\n}\n\n<\/style>\n","protected":false},"excerpt":{"rendered":"<p>Actividades formativas con empleados de EDEESTE padres de ni\u00f1os y ni\u00f1as con las condiciones tratadas por el CAID y talleres sobre el uso racional de la energ\u00eda el\u00e9ctrica a los empleados del centro en Santo Domingo Este, forman parte del memorando de entendimiento firmado recientemente.<\/p>\n","protected":false},"author":1,"featured_media":18511,"comment_status":"open","ping_status":"open","sticky":false,"template":"","format":"standard","meta":{"_acf_changed":false,"_jetpack_memberships_contains_paid_content":false,"footnotes":""},"categories":[3],"tags":[50],"class_list":["post-18509","post","type-post","status-publish","format-standard","has-post-thumbnail","hentry","category-noticias","tag-santo-domingo"],"acf":[],"yoast_head":"<!-- This site is optimized with the Yoast SEO plugin v27.5 - https:\/\/yoast.com\/product\/yoast-seo-wordpress\/ -->\r\n<title>El CAID y EDEESTE colaborar\u00e1n en beneficio de sus empleados - CAID<\/title>\r\n<meta name=\"robots\" content=\"index, follow, max-snippet:-1, max-image-preview:large, max-video-preview:-1\" \/>\r\n<link rel=\"canonical\" href=\"https:\/\/caid.gob.do\/caid\/el-caid-y-edeeste-colaboraran-en-beneficio-de-sus-empleados\/\" \/>\r\n<meta property=\"og:locale\" content=\"es_ES\" \/>\r\n<meta property=\"og:type\" content=\"article\" \/>\r\n<meta property=\"og:title\" content=\"El CAID y EDEESTE colaborar\u00e1n en beneficio de sus empleados - CAID\" \/>\r\n<meta property=\"og:description\" content=\"Actividades formativas con empleados de EDEESTE padres de ni\u00f1os y ni\u00f1as con las condiciones tratadas por el CAID y talleres sobre el uso racional de la energ\u00eda el\u00e9ctrica a los empleados del centro en Santo Domingo Este, forman parte del memorando de entendimiento firmado recientemente.\" \/>\r\n<meta property=\"og:url\" content=\"https:\/\/caid.gob.do\/caid\/el-caid-y-edeeste-colaboraran-en-beneficio-de-sus-empleados\/\" \/>\r\n<meta property=\"og:site_name\" content=\"CAID\" \/>\r\n<meta property=\"article:publisher\" content=\"https:\/\/www.facebook.com\/redcaidrd\" \/>\r\n<meta property=\"article:published_time\" content=\"2024-08-15T23:20:29+00:00\" \/>\r\n<meta property=\"article:modified_time\" content=\"2024-10-31T17:10:36+00:00\" \/>\r\n<meta property=\"og:image\" content=\"https:\/\/caid.gob.do\/caid\/wp-content\/uploads\/WhatsApp-Image-2024-08-20-at-7.29.19-PM.jpeg\" \/>\r\n\t<meta property=\"og:image:width\" content=\"1280\" \/>\r\n\t<meta property=\"og:image:height\" content=\"720\" \/>\r\n\t<meta property=\"og:image:type\" content=\"image\/jpeg\" \/>\r\n<meta name=\"author\" content=\"j.ortega\" \/>\r\n<meta name=\"twitter:card\" content=\"summary_large_image\" \/>\r\n<meta name=\"twitter:creator\" content=\"@CAIDRDO\" \/>\r\n<meta name=\"twitter:site\" content=\"@CAIDRDO\" \/>\r\n<meta name=\"twitter:label1\" content=\"Written by\" \/>\n\t<meta name=\"twitter:data1\" content=\"j.ortega\" \/>\n\t<meta name=\"twitter:label2\" content=\"Est. reading time\" \/>\n\t<meta name=\"twitter:data2\" content=\"3 minutos\" \/>\r\n<script type=\"application\/ld+json\" class=\"yoast-schema-graph\">{\"@context\":\"https:\\\/\\\/schema.org\",\"@graph\":[{\"@type\":\"Article\",\"@id\":\"https:\\\/\\\/caid.gob.do\\\/caid\\\/el-caid-y-edeeste-colaboraran-en-beneficio-de-sus-empleados\\\/#article\",\"isPartOf\":{\"@id\":\"https:\\\/\\\/caid.gob.do\\\/caid\\\/el-caid-y-edeeste-colaboraran-en-beneficio-de-sus-empleados\\\/\"},\"author\":{\"name\":\"j.ortega\",\"@id\":\"https:\\\/\\\/caid.gob.do\\\/caid\\\/#\\\/schema\\\/person\\\/eabe18a8e75d76804c0ab7a18828fb37\"},\"headline\":\"El CAID y EDEESTE colaborar\u00e1n en beneficio de sus empleados\",\"datePublished\":\"2024-08-15T23:20:29+00:00\",\"dateModified\":\"2024-10-31T17:10:36+00:00\",\"mainEntityOfPage\":{\"@id\":\"https:\\\/\\\/caid.gob.do\\\/caid\\\/el-caid-y-edeeste-colaboraran-en-beneficio-de-sus-empleados\\\/\"},\"wordCount\":336,\"commentCount\":0,\"publisher\":{\"@id\":\"https:\\\/\\\/caid.gob.do\\\/caid\\\/#organization\"},\"image\":{\"@id\":\"https:\\\/\\\/caid.gob.do\\\/caid\\\/el-caid-y-edeeste-colaboraran-en-beneficio-de-sus-empleados\\\/#primaryimage\"},\"thumbnailUrl\":\"https:\\\/\\\/caid.gob.do\\\/caid\\\/wp-content\\\/uploads\\\/WhatsApp-Image-2024-08-20-at-7.29.19-PM.jpeg\",\"keywords\":[\"Santo Domingo\"],\"articleSection\":[\"Noticias\"],\"inLanguage\":\"es-DO\",\"potentialAction\":[{\"@type\":\"CommentAction\",\"name\":\"Comment\",\"target\":[\"https:\\\/\\\/caid.gob.do\\\/caid\\\/el-caid-y-edeeste-colaboraran-en-beneficio-de-sus-empleados\\\/#respond\"]}]},{\"@type\":\"WebPage\",\"@id\":\"https:\\\/\\\/caid.gob.do\\\/caid\\\/el-caid-y-edeeste-colaboraran-en-beneficio-de-sus-empleados\\\/\",\"url\":\"https:\\\/\\\/caid.gob.do\\\/caid\\\/el-caid-y-edeeste-colaboraran-en-beneficio-de-sus-empleados\\\/\",\"name\":\"El CAID y EDEESTE colaborar\u00e1n en beneficio de sus empleados - CAID\",\"isPartOf\":{\"@id\":\"https:\\\/\\\/caid.gob.do\\\/caid\\\/#website\"},\"primaryImageOfPage\":{\"@id\":\"https:\\\/\\\/caid.gob.do\\\/caid\\\/el-caid-y-edeeste-colaboraran-en-beneficio-de-sus-empleados\\\/#primaryimage\"},\"image\":{\"@id\":\"https:\\\/\\\/caid.gob.do\\\/caid\\\/el-caid-y-edeeste-colaboraran-en-beneficio-de-sus-empleados\\\/#primaryimage\"},\"thumbnailUrl\":\"https:\\\/\\\/caid.gob.do\\\/caid\\\/wp-content\\\/uploads\\\/WhatsApp-Image-2024-08-20-at-7.29.19-PM.jpeg\",\"datePublished\":\"2024-08-15T23:20:29+00:00\",\"dateModified\":\"2024-10-31T17:10:36+00:00\",\"breadcrumb\":{\"@id\":\"https:\\\/\\\/caid.gob.do\\\/caid\\\/el-caid-y-edeeste-colaboraran-en-beneficio-de-sus-empleados\\\/#breadcrumb\"},\"inLanguage\":\"es-DO\",\"potentialAction\":[{\"@type\":\"ReadAction\",\"target\":[\"https:\\\/\\\/caid.gob.do\\\/caid\\\/el-caid-y-edeeste-colaboraran-en-beneficio-de-sus-empleados\\\/\"]}]},{\"@type\":\"ImageObject\",\"inLanguage\":\"es-DO\",\"@id\":\"https:\\\/\\\/caid.gob.do\\\/caid\\\/el-caid-y-edeeste-colaboraran-en-beneficio-de-sus-empleados\\\/#primaryimage\",\"url\":\"https:\\\/\\\/caid.gob.do\\\/caid\\\/wp-content\\\/uploads\\\/WhatsApp-Image-2024-08-20-at-7.29.19-PM.jpeg\",\"contentUrl\":\"https:\\\/\\\/caid.gob.do\\\/caid\\\/wp-content\\\/uploads\\\/WhatsApp-Image-2024-08-20-at-7.29.19-PM.jpeg\",\"width\":1280,\"height\":720},{\"@type\":\"BreadcrumbList\",\"@id\":\"https:\\\/\\\/caid.gob.do\\\/caid\\\/el-caid-y-edeeste-colaboraran-en-beneficio-de-sus-empleados\\\/#breadcrumb\",\"itemListElement\":[{\"@type\":\"ListItem\",\"position\":1,\"name\":\"Est\u00e1s aqu\u00ed:\",\"item\":\"https:\\\/\\\/caid.gob.do\\\/caid\\\/\"},{\"@type\":\"ListItem\",\"position\":2,\"name\":\"Noticias\",\"item\":\"https:\\\/\\\/caid.gob.do\\\/caid\\\/category\\\/noticias\\\/\"},{\"@type\":\"ListItem\",\"position\":3,\"name\":\"El CAID y EDEESTE colaborar\u00e1n en beneficio de sus empleados\"}]},{\"@type\":\"WebSite\",\"@id\":\"https:\\\/\\\/caid.gob.do\\\/caid\\\/#website\",\"url\":\"https:\\\/\\\/caid.gob.do\\\/caid\\\/\",\"name\":\"CAID\",\"description\":\"Centro de Atenci\u00f3n Integral a la Discapacidad\",\"publisher\":{\"@id\":\"https:\\\/\\\/caid.gob.do\\\/caid\\\/#organization\"},\"potentialAction\":[{\"@type\":\"SearchAction\",\"target\":{\"@type\":\"EntryPoint\",\"urlTemplate\":\"https:\\\/\\\/caid.gob.do\\\/caid\\\/?s={search_term_string}\"},\"query-input\":{\"@type\":\"PropertyValueSpecification\",\"valueRequired\":true,\"valueName\":\"search_term_string\"}}],\"inLanguage\":\"es-DO\"},{\"@type\":\"Organization\",\"@id\":\"https:\\\/\\\/caid.gob.do\\\/caid\\\/#organization\",\"name\":\"Centro de Atenci\u00f3n Integral para la Discapacidad\",\"url\":\"https:\\\/\\\/caid.gob.do\\\/caid\\\/\",\"logo\":{\"@type\":\"ImageObject\",\"inLanguage\":\"es-DO\",\"@id\":\"https:\\\/\\\/caid.gob.do\\\/caid\\\/#\\\/schema\\\/logo\\\/image\\\/\",\"url\":\"https:\\\/\\\/caid.gob.do\\\/caid\\\/wp-content\\\/uploads\\\/CAID-LOGOS-EN-PNG_Mesa-de-trabajo-1-2-1024x505-1.png\",\"contentUrl\":\"https:\\\/\\\/caid.gob.do\\\/caid\\\/wp-content\\\/uploads\\\/CAID-LOGOS-EN-PNG_Mesa-de-trabajo-1-2-1024x505-1.png\",\"width\":1024,\"height\":505,\"caption\":\"Centro de Atenci\u00f3n Integral para la Discapacidad\"},\"image\":{\"@id\":\"https:\\\/\\\/caid.gob.do\\\/caid\\\/#\\\/schema\\\/logo\\\/image\\\/\"},\"sameAs\":[\"https:\\\/\\\/www.facebook.com\\\/redcaidrd\",\"https:\\\/\\\/x.com\\\/CAIDRDO\",\"https:\\\/\\\/www.instagram.com\\\/caidrd\\\/\",\"https:\\\/\\\/www.youtube.com\\\/channel\\\/UCLnt-fnRlxQdgJQwjgWkrCg\"]},{\"@type\":\"Person\",\"@id\":\"https:\\\/\\\/caid.gob.do\\\/caid\\\/#\\\/schema\\\/person\\\/eabe18a8e75d76804c0ab7a18828fb37\",\"name\":\"j.ortega\",\"image\":{\"@type\":\"ImageObject\",\"inLanguage\":\"es-DO\",\"@id\":\"https:\\\/\\\/secure.gravatar.com\\\/avatar\\\/375f8cefc66fc63362d75424f6f727ddbbecd8c33b29ce1234841e4c4c30563f?s=96&d=mm&r=g\",\"url\":\"https:\\\/\\\/secure.gravatar.com\\\/avatar\\\/375f8cefc66fc63362d75424f6f727ddbbecd8c33b29ce1234841e4c4c30563f?s=96&d=mm&r=g\",\"contentUrl\":\"https:\\\/\\\/secure.gravatar.com\\\/avatar\\\/375f8cefc66fc63362d75424f6f727ddbbecd8c33b29ce1234841e4c4c30563f?s=96&d=mm&r=g\",\"caption\":\"j.ortega\"},\"sameAs\":[\"https:\\\/\\\/caid.gob.do\\\/caid\"],\"url\":\"https:\\\/\\\/caid.gob.do\\\/caid\\\/author\\\/j-ortega\\\/\"}]}<\/script>\r\n<!-- \/ Yoast SEO plugin. -->","yoast_head_json":{"title":"El CAID y EDEESTE colaborar\u00e1n en beneficio de sus empleados - CAID","robots":{"index":"index","follow":"follow","max-snippet":"max-snippet:-1","max-image-preview":"max-image-preview:large","max-video-preview":"max-video-preview:-1"},"canonical":"https:\/\/caid.gob.do\/caid\/el-caid-y-edeeste-colaboraran-en-beneficio-de-sus-empleados\/","og_locale":"es_ES","og_type":"article","og_title":"El CAID y EDEESTE colaborar\u00e1n en beneficio de sus empleados - CAID","og_description":"Actividades formativas con empleados de EDEESTE padres de ni\u00f1os y ni\u00f1as con las condiciones tratadas por el CAID y talleres sobre el uso racional de la energ\u00eda el\u00e9ctrica a los empleados del centro en Santo Domingo Este, forman parte del memorando de entendimiento firmado recientemente.","og_url":"https:\/\/caid.gob.do\/caid\/el-caid-y-edeeste-colaboraran-en-beneficio-de-sus-empleados\/","og_site_name":"CAID","article_publisher":"https:\/\/www.facebook.com\/redcaidrd","article_published_time":"2024-08-15T23:20:29+00:00","article_modified_time":"2024-10-31T17:10:36+00:00","og_image":[{"width":1280,"height":720,"url":"https:\/\/caid.gob.do\/caid\/wp-content\/uploads\/WhatsApp-Image-2024-08-20-at-7.29.19-PM.jpeg","type":"image\/jpeg"}],"author":"j.ortega","twitter_card":"summary_large_image","twitter_creator":"@CAIDRDO","twitter_site":"@CAIDRDO","twitter_misc":{"Written by":"j.ortega","Est. reading time":"3 minutos"},"schema":{"@context":"https:\/\/schema.org","@graph":[{"@type":"Article","@id":"https:\/\/caid.gob.do\/caid\/el-caid-y-edeeste-colaboraran-en-beneficio-de-sus-empleados\/#article","isPartOf":{"@id":"https:\/\/caid.gob.do\/caid\/el-caid-y-edeeste-colaboraran-en-beneficio-de-sus-empleados\/"},"author":{"name":"j.ortega","@id":"https:\/\/caid.gob.do\/caid\/#\/schema\/person\/eabe18a8e75d76804c0ab7a18828fb37"},"headline":"El CAID y EDEESTE colaborar\u00e1n en beneficio de sus empleados","datePublished":"2024-08-15T23:20:29+00:00","dateModified":"2024-10-31T17:10:36+00:00","mainEntityOfPage":{"@id":"https:\/\/caid.gob.do\/caid\/el-caid-y-edeeste-colaboraran-en-beneficio-de-sus-empleados\/"},"wordCount":336,"commentCount":0,"publisher":{"@id":"https:\/\/caid.gob.do\/caid\/#organization"},"image":{"@id":"https:\/\/caid.gob.do\/caid\/el-caid-y-edeeste-colaboraran-en-beneficio-de-sus-empleados\/#primaryimage"},"thumbnailUrl":"https:\/\/caid.gob.do\/caid\/wp-content\/uploads\/WhatsApp-Image-2024-08-20-at-7.29.19-PM.jpeg","keywords":["Santo Domingo"],"articleSection":["Noticias"],"inLanguage":"es-DO","potentialAction":[{"@type":"CommentAction","name":"Comment","target":["https:\/\/caid.gob.do\/caid\/el-caid-y-edeeste-colaboraran-en-beneficio-de-sus-empleados\/#respond"]}]},{"@type":"WebPage","@id":"https:\/\/caid.gob.do\/caid\/el-caid-y-edeeste-colaboraran-en-beneficio-de-sus-empleados\/","url":"https:\/\/caid.gob.do\/caid\/el-caid-y-edeeste-colaboraran-en-beneficio-de-sus-empleados\/","name":"El CAID y EDEESTE colaborar\u00e1n en beneficio de sus empleados - CAID","isPartOf":{"@id":"https:\/\/caid.gob.do\/caid\/#website"},"primaryImageOfPage":{"@id":"https:\/\/caid.gob.do\/caid\/el-caid-y-edeeste-colaboraran-en-beneficio-de-sus-empleados\/#primaryimage"},"image":{"@id":"https:\/\/caid.gob.do\/caid\/el-caid-y-edeeste-colaboraran-en-beneficio-de-sus-empleados\/#primaryimage"},"thumbnailUrl":"https:\/\/caid.gob.do\/caid\/wp-content\/uploads\/WhatsApp-Image-2024-08-20-at-7.29.19-PM.jpeg","datePublished":"2024-08-15T23:20:29+00:00","dateModified":"2024-10-31T17:10:36+00:00","breadcrumb":{"@id":"https:\/\/caid.gob.do\/caid\/el-caid-y-edeeste-colaboraran-en-beneficio-de-sus-empleados\/#breadcrumb"},"inLanguage":"es-DO","potentialAction":[{"@type":"ReadAction","target":["https:\/\/caid.gob.do\/caid\/el-caid-y-edeeste-colaboraran-en-beneficio-de-sus-empleados\/"]}]},{"@type":"ImageObject","inLanguage":"es-DO","@id":"https:\/\/caid.gob.do\/caid\/el-caid-y-edeeste-colaboraran-en-beneficio-de-sus-empleados\/#primaryimage","url":"https:\/\/caid.gob.do\/caid\/wp-content\/uploads\/WhatsApp-Image-2024-08-20-at-7.29.19-PM.jpeg","contentUrl":"https:\/\/caid.gob.do\/caid\/wp-content\/uploads\/WhatsApp-Image-2024-08-20-at-7.29.19-PM.jpeg","width":1280,"height":720},{"@type":"BreadcrumbList","@id":"https:\/\/caid.gob.do\/caid\/el-caid-y-edeeste-colaboraran-en-beneficio-de-sus-empleados\/#breadcrumb","itemListElement":[{"@type":"ListItem","position":1,"name":"Est\u00e1s aqu\u00ed:","item":"https:\/\/caid.gob.do\/caid\/"},{"@type":"ListItem","position":2,"name":"Noticias","item":"https:\/\/caid.gob.do\/caid\/category\/noticias\/"},{"@type":"ListItem","position":3,"name":"El CAID y EDEESTE colaborar\u00e1n en beneficio de sus empleados"}]},{"@type":"WebSite","@id":"https:\/\/caid.gob.do\/caid\/#website","url":"https:\/\/caid.gob.do\/caid\/","name":"CAID","description":"Centro de Atenci\u00f3n Integral a la Discapacidad","publisher":{"@id":"https:\/\/caid.gob.do\/caid\/#organization"},"potentialAction":[{"@type":"SearchAction","target":{"@type":"EntryPoint","urlTemplate":"https:\/\/caid.gob.do\/caid\/?s={search_term_string}"},"query-input":{"@type":"PropertyValueSpecification","valueRequired":true,"valueName":"search_term_string"}}],"inLanguage":"es-DO"},{"@type":"Organization","@id":"https:\/\/caid.gob.do\/caid\/#organization","name":"Centro de Atenci\u00f3n Integral para la Discapacidad","url":"https:\/\/caid.gob.do\/caid\/","logo":{"@type":"ImageObject","inLanguage":"es-DO","@id":"https:\/\/caid.gob.do\/caid\/#\/schema\/logo\/image\/","url":"https:\/\/caid.gob.do\/caid\/wp-content\/uploads\/CAID-LOGOS-EN-PNG_Mesa-de-trabajo-1-2-1024x505-1.png","contentUrl":"https:\/\/caid.gob.do\/caid\/wp-content\/uploads\/CAID-LOGOS-EN-PNG_Mesa-de-trabajo-1-2-1024x505-1.png","width":1024,"height":505,"caption":"Centro de Atenci\u00f3n Integral para la Discapacidad"},"image":{"@id":"https:\/\/caid.gob.do\/caid\/#\/schema\/logo\/image\/"},"sameAs":["https:\/\/www.facebook.com\/redcaidrd","https:\/\/x.com\/CAIDRDO","https:\/\/www.instagram.com\/caidrd\/","https:\/\/www.youtube.com\/channel\/UCLnt-fnRlxQdgJQwjgWkrCg"]},{"@type":"Person","@id":"https:\/\/caid.gob.do\/caid\/#\/schema\/person\/eabe18a8e75d76804c0ab7a18828fb37","name":"j.ortega","image":{"@type":"ImageObject","inLanguage":"es-DO","@id":"https:\/\/secure.gravatar.com\/avatar\/375f8cefc66fc63362d75424f6f727ddbbecd8c33b29ce1234841e4c4c30563f?s=96&d=mm&r=g","url":"https:\/\/secure.gravatar.com\/avatar\/375f8cefc66fc63362d75424f6f727ddbbecd8c33b29ce1234841e4c4c30563f?s=96&d=mm&r=g","contentUrl":"https:\/\/secure.gravatar.com\/avatar\/375f8cefc66fc63362d75424f6f727ddbbecd8c33b29ce1234841e4c4c30563f?s=96&d=mm&r=g","caption":"j.ortega"},"sameAs":["https:\/\/caid.gob.do\/caid"],"url":"https:\/\/caid.gob.do\/caid\/author\/j-ortega\/"}]}},"jetpack_featured_media_url":"https:\/\/caid.gob.do\/caid\/wp-content\/uploads\/WhatsApp-Image-2024-08-20-at-7.29.19-PM.jpeg","jetpack_sharing_enabled":true,"_links":{"self":[{"href":"https:\/\/caid.gob.do\/caid\/wp-json\/wp\/v2\/posts\/18509","targetHints":{"allow":["GET"]}}],"collection":[{"href":"https:\/\/caid.gob.do\/caid\/wp-json\/wp\/v2\/posts"}],"about":[{"href":"https:\/\/caid.gob.do\/caid\/wp-json\/wp\/v2\/types\/post"}],"author":[{"embeddable":true,"href":"https:\/\/caid.gob.do\/caid\/wp-json\/wp\/v2\/users\/1"}],"replies":[{"embeddable":true,"href":"https:\/\/caid.gob.do\/caid\/wp-json\/wp\/v2\/comments?post=18509"}],"version-history":[{"count":9,"href":"https:\/\/caid.gob.do\/caid\/wp-json\/wp\/v2\/posts\/18509\/revisions"}],"predecessor-version":[{"id":18522,"href":"https:\/\/caid.gob.do\/caid\/wp-json\/wp\/v2\/posts\/18509\/revisions\/18522"}],"wp:featuredmedia":[{"embeddable":true,"href":"https:\/\/caid.gob.do\/caid\/wp-json\/wp\/v2\/media\/18511"}],"wp:attachment":[{"href":"https:\/\/caid.gob.do\/caid\/wp-json\/wp\/v2\/media?parent=18509"}],"wp:term":[{"taxonomy":"category","embeddable":true,"href":"https:\/\/caid.gob.do\/caid\/wp-json\/wp\/v2\/categories?post=18509"},{"taxonomy":"post_tag","embeddable":true,"href":"https:\/\/caid.gob.do\/caid\/wp-json\/wp\/v2\/tags?post=18509"}],"curies":[{"name":"wp","href":"https:\/\/api.w.org\/{rel}","templated":true}]}}