{"id":22836,"date":"2025-10-20T09:15:15","date_gmt":"2025-10-20T13:15:15","guid":{"rendered":"https:\/\/caid.gob.do\/caid\/?p=22836"},"modified":"2025-10-29T09:16:04","modified_gmt":"2025-10-29T13:16:04","slug":"el-trabajador-social-y-su-importancia-para-las-familias-que-reciben-servicios-en-el-caid","status":"publish","type":"post","link":"https:\/\/caid.gob.do\/caid\/el-trabajador-social-y-su-importancia-para-las-familias-que-reciben-servicios-en-el-caid\/","title":{"rendered":"El trabajador social y su importancia para las familias que reciben servicios en el CAID"},"content":{"rendered":"\t\t<div data-elementor-type=\"wp-post\" data-elementor-id=\"22836\" class=\"elementor elementor-22836\" data-elementor-post-type=\"post\">\n\t\t\t\t<div class=\"elementor-element elementor-element-1b1d5337 e-flex e-con-boxed e-con e-parent\" data-id=\"1b1d5337\" data-element_type=\"container\" data-e-type=\"container\">\n\t\t\t\t\t<div class=\"e-con-inner\">\n\t\t\t\t<div class=\"elementor-element elementor-element-4c0c9689 elementor-widget elementor-widget-text-editor\" data-id=\"4c0c9689\" data-element_type=\"widget\" data-e-type=\"widget\" data-widget_type=\"text-editor.default\">\n\t\t\t\t<div class=\"elementor-widget-container\">\n\t\t\t\t\t\t\t\t\t\n<p><img loading=\"lazy\" decoding=\"async\" class=\"aligncenter wp-image-22837 size-full\" src=\"https:\/\/caid.gob.do\/caid\/wp-content\/uploads\/Trabajo-social-scaled.jpg\" alt=\"\" width=\"2560\" height=\"1440\" srcset=\"https:\/\/caid.gob.do\/caid\/wp-content\/uploads\/Trabajo-social-scaled.jpg 2560w, https:\/\/caid.gob.do\/caid\/wp-content\/uploads\/Trabajo-social-300x169.jpg 300w, https:\/\/caid.gob.do\/caid\/wp-content\/uploads\/Trabajo-social-1024x576.jpg 1024w, https:\/\/caid.gob.do\/caid\/wp-content\/uploads\/Trabajo-social-768x432.jpg 768w, https:\/\/caid.gob.do\/caid\/wp-content\/uploads\/Trabajo-social-1536x864.jpg 1536w, https:\/\/caid.gob.do\/caid\/wp-content\/uploads\/Trabajo-social-2048x1152.jpg 2048w\" sizes=\"auto, (max-width: 2560px) 100vw, 2560px\" \/><\/p>\n<p><span data-contrast=\"auto\">Santo Domingo. \u2013 Cada 18 de octubre se conmemora en la Rep\u00fablica Dominicana el D\u00eda Nacional del Trabajador Social, fecha que resalta la dedicaci\u00f3n, compromiso y vocaci\u00f3n de servicio de los profesionales que, desde diferentes \u00e1mbitos, contribuyen al bienestar de las personas y comunidades.<\/span><span data-ccp-props=\"{&quot;335551550&quot;:6,&quot;335551620&quot;:6}\">\u00a0<\/span><\/p>\n<p><span data-contrast=\"auto\">En el Centro de Atenci\u00f3n Integral para la Discapacidad (CAID), esta conmemoraci\u00f3n adquiere un significado especial al reconocer la labor del equipo de trabajadores sociales que acompa\u00f1a de manera cercana y constante a las familias que forman parte de la instituci\u00f3n.<\/span><span data-ccp-props=\"{&quot;335551550&quot;:6,&quot;335551620&quot;:6}\">\u00a0<\/span><\/p>\n<p><span data-contrast=\"auto\">El Trabajo Social es una profesi\u00f3n orientada a promover el desarrollo humano y la justicia social mediante la orientaci\u00f3n, gesti\u00f3n y acompa\u00f1amiento de personas, familias y comunidades en la b\u00fasqueda de soluciones que mejoren su calidad de vida y garanticen el ejercicio pleno de sus derechos. Su pr\u00e1ctica se fundamenta en la empat\u00eda, la solidaridad y la acci\u00f3n colectiva, con el prop\u00f3sito de transformar realidades y construir una sociedad m\u00e1s inclusiva.<\/span><span data-ccp-props=\"{&quot;335551550&quot;:6,&quot;335551620&quot;:6}\">\u00a0<\/span><\/p>\n<p><span data-contrast=\"auto\">En el CAID, los trabajadores sociales desempe\u00f1an un rol fundamental desde el primer contacto con las familias. Entre sus responsabilidades se incluyen la acogida inicial, la valoraci\u00f3n social, el seguimiento de los procesos terap\u00e9uticos y la articulaci\u00f3n con servicios internos y externos. Gracias a su intervenci\u00f3n, se fortalecen los v\u00ednculos entre la instituci\u00f3n, las familias y la comunidad, garantizando una atenci\u00f3n integral y equitativa.<\/span><span data-ccp-props=\"{&quot;335551550&quot;:6,&quot;335551620&quot;:6}\">\u00a0<\/span><\/p>\n<p><span data-contrast=\"auto\">El \u00e1rea de Servicio Social del CAID constituye un eje transversal dentro de la estructura institucional, al conectar los servicios cl\u00ednicos, terap\u00e9uticos y educativos. Esta articulaci\u00f3n permite que la atenci\u00f3n brindada sea m\u00e1s humana, coordinada y contextualizada, adapt\u00e1ndose a las necesidades espec\u00edficas de cada ni\u00f1o, ni\u00f1a y familia, y siempre bajo un enfoque de derechos.<\/span><span data-ccp-props=\"{&quot;335551550&quot;:6,&quot;335551620&quot;:6}\">\u00a0<\/span><\/p>\n<p><i><span data-contrast=\"auto\">\u201cLo mejor de ser trabajador social es poder transformar realidades acompa\u00f1ando a las personas en sus procesos; lo m\u00e1s retador es gestionar m\u00faltiples necesidades en contextos complejos\u201d,<\/span><\/i><span data-contrast=\"auto\"> expres\u00f3 Desir\u00e9e Arias, agente del Servicio Social del CAID.<\/span><span data-ccp-props=\"{&quot;335551550&quot;:6,&quot;335551620&quot;:6}\">\u00a0<\/span><\/p>\n<p><span data-contrast=\"auto\">En el trabajo con ni\u00f1os, ni\u00f1as y adolescentes con discapacidad, los trabajadores sociales del CAID ofrecen un acompa\u00f1amiento continuo y personalizado. Su labor incluye la orientaci\u00f3n familiar, la gesti\u00f3n de recursos y la articulaci\u00f3n de servicios que favorecen el desarrollo integral. Adem\u00e1s, participan en reuniones interdisciplinarias, observaciones terap\u00e9uticas y visitas domiciliarias, promoviendo la participaci\u00f3n activa de las familias y la comunidad.<\/span><span data-ccp-props=\"{&quot;335551550&quot;:6,&quot;335551620&quot;:6}\">\u00a0<\/span><\/p>\n<p><i><span data-contrast=\"auto\">\u201cMe gusta trabajar con ni\u00f1os porque, sin ellos saberlo, son el mejor ejemplo de gratitud y resiliencia que podemos tener\u201d<\/span><\/i><span data-contrast=\"auto\">, manifest\u00f3 Neky Fr\u00edas, agente del Servicio Social del CAID.<\/span><span data-ccp-props=\"{&quot;335551550&quot;:6,&quot;335551620&quot;:6}\">\u00a0<\/span><\/p>\n<p><span data-contrast=\"auto\">Actualmente, el CAID cuenta con un equipo de 22 trabajadores sociales distribuidos en sus diferentes sedes a nivel nacional. Cada uno aporta su experiencia, sensibilidad y compromiso para garantizar que las familias reciban un acompa\u00f1amiento de calidad, con calidez humana y un profundo sentido de vocaci\u00f3n.<\/span><span data-ccp-props=\"{&quot;335551550&quot;:6,&quot;335551620&quot;:6}\">\u00a0<\/span><\/p>\n<p><style>\n.wp-image-20683 {width:100%}\n<\/style><\/p>\n\t\t\t\t\t\t\t\t<\/div>\n\t\t\t\t<\/div>\n\t\t\t\t\t<\/div>\n\t\t\t\t<\/div>\n\t\t\t\t<\/div>\n\t\t","protected":false},"excerpt":{"rendered":"<p>La comunicaci\u00f3n y el lenguaje son fundamentales en el desarrollo de los ni\u00f1os, ya que les permiten expresar sus necesidades, emociones e ideas, adem\u00e1s de fortalecer sus relaciones con los dem\u00e1s. Para apoyar este proceso, el CAID, adem\u00e1s de los servicios terap\u00e9uticos, capacita a los padres con herramientas pr\u00e1cticas que permitan estimular la comunicaci\u00f3n de sus hijos e hijas en el hogar.<\/p>\n","protected":false},"author":13,"featured_media":22837,"comment_status":"open","ping_status":"open","sticky":false,"template":"","format":"standard","meta":{"_acf_changed":false,"_jetpack_memberships_contains_paid_content":false,"footnotes":""},"categories":[3],"tags":[50],"class_list":["post-22836","post","type-post","status-publish","format-standard","has-post-thumbnail","hentry","category-noticias","tag-santo-domingo"],"acf":[],"yoast_head":"<!-- This site is optimized with the Yoast SEO plugin v27.0 - https:\/\/yoast.com\/product\/yoast-seo-wordpress\/ -->\r\n<title>El trabajador social y su importancia para las familias que reciben servicios en el CAID - CAID<\/title>\r\n<meta name=\"robots\" content=\"index, follow, max-snippet:-1, max-image-preview:large, max-video-preview:-1\" \/>\r\n<link rel=\"canonical\" href=\"https:\/\/caid.gob.do\/caid\/el-trabajador-social-y-su-importancia-para-las-familias-que-reciben-servicios-en-el-caid\/\" \/>\r\n<meta property=\"og:locale\" content=\"es_ES\" \/>\r\n<meta property=\"og:type\" content=\"article\" \/>\r\n<meta property=\"og:title\" content=\"El trabajador social y su importancia para las familias que reciben servicios en el CAID - CAID\" \/>\r\n<meta property=\"og:description\" content=\"La comunicaci\u00f3n y el lenguaje son fundamentales en el desarrollo de los ni\u00f1os, ya que les permiten expresar sus necesidades, emociones e ideas, adem\u00e1s de fortalecer sus relaciones con los dem\u00e1s. Para apoyar este proceso, el CAID, adem\u00e1s de los servicios terap\u00e9uticos, capacita a los padres con herramientas pr\u00e1cticas que permitan estimular la comunicaci\u00f3n de sus hijos e hijas en el hogar.\" \/>\r\n<meta property=\"og:url\" content=\"https:\/\/caid.gob.do\/caid\/el-trabajador-social-y-su-importancia-para-las-familias-que-reciben-servicios-en-el-caid\/\" \/>\r\n<meta property=\"og:site_name\" content=\"CAID\" \/>\r\n<meta property=\"article:publisher\" content=\"https:\/\/www.facebook.com\/redcaidrd\" \/>\r\n<meta property=\"article:published_time\" content=\"2025-10-20T13:15:15+00:00\" \/>\r\n<meta property=\"article:modified_time\" content=\"2025-10-29T13:16:04+00:00\" \/>\r\n<meta property=\"og:image\" content=\"https:\/\/caid.gob.do\/caid\/wp-content\/uploads\/Trabajo-social-scaled.jpg\" \/>\r\n\t<meta property=\"og:image:width\" content=\"2560\" \/>\r\n\t<meta property=\"og:image:height\" content=\"1440\" \/>\r\n\t<meta property=\"og:image:type\" content=\"image\/jpeg\" \/>\r\n<meta name=\"author\" content=\"Mariela Arias Mora\" \/>\r\n<meta name=\"twitter:card\" content=\"summary_large_image\" \/>\r\n<meta name=\"twitter:creator\" content=\"@CAIDRDO\" \/>\r\n<meta name=\"twitter:site\" content=\"@CAIDRDO\" \/>\r\n<meta name=\"twitter:label1\" content=\"Written by\" \/>\n\t<meta name=\"twitter:data1\" content=\"Mariela Arias Mora\" \/>\n\t<meta name=\"twitter:label2\" content=\"Est. reading time\" \/>\n\t<meta name=\"twitter:data2\" content=\"3 minutos\" \/>\r\n<script type=\"application\/ld+json\" class=\"yoast-schema-graph\">{\"@context\":\"https:\/\/schema.org\",\"@graph\":[{\"@type\":\"Article\",\"@id\":\"https:\/\/caid.gob.do\/caid\/el-trabajador-social-y-su-importancia-para-las-familias-que-reciben-servicios-en-el-caid\/#article\",\"isPartOf\":{\"@id\":\"https:\/\/caid.gob.do\/caid\/el-trabajador-social-y-su-importancia-para-las-familias-que-reciben-servicios-en-el-caid\/\"},\"author\":{\"name\":\"Mariela Arias Mora\",\"@id\":\"https:\/\/caid.gob.do\/caid\/#\/schema\/person\/525afe382593589065291ef6f470cbd8\"},\"headline\":\"El trabajador social y su importancia para las familias que reciben servicios en el CAID\",\"datePublished\":\"2025-10-20T13:15:15+00:00\",\"dateModified\":\"2025-10-29T13:16:04+00:00\",\"mainEntityOfPage\":{\"@id\":\"https:\/\/caid.gob.do\/caid\/el-trabajador-social-y-su-importancia-para-las-familias-que-reciben-servicios-en-el-caid\/\"},\"wordCount\":511,\"commentCount\":0,\"publisher\":{\"@id\":\"https:\/\/caid.gob.do\/caid\/#organization\"},\"image\":{\"@id\":\"https:\/\/caid.gob.do\/caid\/el-trabajador-social-y-su-importancia-para-las-familias-que-reciben-servicios-en-el-caid\/#primaryimage\"},\"thumbnailUrl\":\"https:\/\/caid.gob.do\/caid\/wp-content\/uploads\/Trabajo-social-scaled.jpg\",\"keywords\":[\"Santo Domingo\"],\"articleSection\":[\"Noticias\"],\"inLanguage\":\"es-DO\",\"potentialAction\":[{\"@type\":\"CommentAction\",\"name\":\"Comment\",\"target\":[\"https:\/\/caid.gob.do\/caid\/el-trabajador-social-y-su-importancia-para-las-familias-que-reciben-servicios-en-el-caid\/#respond\"]}]},{\"@type\":\"WebPage\",\"@id\":\"https:\/\/caid.gob.do\/caid\/el-trabajador-social-y-su-importancia-para-las-familias-que-reciben-servicios-en-el-caid\/\",\"url\":\"https:\/\/caid.gob.do\/caid\/el-trabajador-social-y-su-importancia-para-las-familias-que-reciben-servicios-en-el-caid\/\",\"name\":\"El trabajador social y su importancia para las familias que reciben servicios en el CAID - CAID\",\"isPartOf\":{\"@id\":\"https:\/\/caid.gob.do\/caid\/#website\"},\"primaryImageOfPage\":{\"@id\":\"https:\/\/caid.gob.do\/caid\/el-trabajador-social-y-su-importancia-para-las-familias-que-reciben-servicios-en-el-caid\/#primaryimage\"},\"image\":{\"@id\":\"https:\/\/caid.gob.do\/caid\/el-trabajador-social-y-su-importancia-para-las-familias-que-reciben-servicios-en-el-caid\/#primaryimage\"},\"thumbnailUrl\":\"https:\/\/caid.gob.do\/caid\/wp-content\/uploads\/Trabajo-social-scaled.jpg\",\"datePublished\":\"2025-10-20T13:15:15+00:00\",\"dateModified\":\"2025-10-29T13:16:04+00:00\",\"breadcrumb\":{\"@id\":\"https:\/\/caid.gob.do\/caid\/el-trabajador-social-y-su-importancia-para-las-familias-que-reciben-servicios-en-el-caid\/#breadcrumb\"},\"inLanguage\":\"es-DO\",\"potentialAction\":[{\"@type\":\"ReadAction\",\"target\":[\"https:\/\/caid.gob.do\/caid\/el-trabajador-social-y-su-importancia-para-las-familias-que-reciben-servicios-en-el-caid\/\"]}]},{\"@type\":\"ImageObject\",\"inLanguage\":\"es-DO\",\"@id\":\"https:\/\/caid.gob.do\/caid\/el-trabajador-social-y-su-importancia-para-las-familias-que-reciben-servicios-en-el-caid\/#primaryimage\",\"url\":\"https:\/\/caid.gob.do\/caid\/wp-content\/uploads\/Trabajo-social-scaled.jpg\",\"contentUrl\":\"https:\/\/caid.gob.do\/caid\/wp-content\/uploads\/Trabajo-social-scaled.jpg\",\"width\":2560,\"height\":1440},{\"@type\":\"BreadcrumbList\",\"@id\":\"https:\/\/caid.gob.do\/caid\/el-trabajador-social-y-su-importancia-para-las-familias-que-reciben-servicios-en-el-caid\/#breadcrumb\",\"itemListElement\":[{\"@type\":\"ListItem\",\"position\":1,\"name\":\"Est\u00e1s aqu\u00ed:\",\"item\":\"https:\/\/caid.gob.do\/caid\/\"},{\"@type\":\"ListItem\",\"position\":2,\"name\":\"Noticias\",\"item\":\"https:\/\/caid.gob.do\/caid\/category\/noticias\/\"},{\"@type\":\"ListItem\",\"position\":3,\"name\":\"El trabajador social y su importancia para las familias que reciben servicios en el CAID\"}]},{\"@type\":\"WebSite\",\"@id\":\"https:\/\/caid.gob.do\/caid\/#website\",\"url\":\"https:\/\/caid.gob.do\/caid\/\",\"name\":\"CAID\",\"description\":\"Centro de Atenci\u00f3n Integral a la Discapacidad\",\"publisher\":{\"@id\":\"https:\/\/caid.gob.do\/caid\/#organization\"},\"potentialAction\":[{\"@type\":\"SearchAction\",\"target\":{\"@type\":\"EntryPoint\",\"urlTemplate\":\"https:\/\/caid.gob.do\/caid\/?s={search_term_string}\"},\"query-input\":{\"@type\":\"PropertyValueSpecification\",\"valueRequired\":true,\"valueName\":\"search_term_string\"}}],\"inLanguage\":\"es-DO\"},{\"@type\":\"Organization\",\"@id\":\"https:\/\/caid.gob.do\/caid\/#organization\",\"name\":\"Centro de Atenci\u00f3n Integral para la Discapacidad\",\"url\":\"https:\/\/caid.gob.do\/caid\/\",\"logo\":{\"@type\":\"ImageObject\",\"inLanguage\":\"es-DO\",\"@id\":\"https:\/\/caid.gob.do\/caid\/#\/schema\/logo\/image\/\",\"url\":\"https:\/\/caid.gob.do\/caid\/wp-content\/uploads\/CAID-LOGOS-EN-PNG_Mesa-de-trabajo-1-2-1024x505-1.png\",\"contentUrl\":\"https:\/\/caid.gob.do\/caid\/wp-content\/uploads\/CAID-LOGOS-EN-PNG_Mesa-de-trabajo-1-2-1024x505-1.png\",\"width\":1024,\"height\":505,\"caption\":\"Centro de Atenci\u00f3n Integral para la Discapacidad\"},\"image\":{\"@id\":\"https:\/\/caid.gob.do\/caid\/#\/schema\/logo\/image\/\"},\"sameAs\":[\"https:\/\/www.facebook.com\/redcaidrd\",\"https:\/\/x.com\/CAIDRDO\",\"https:\/\/www.instagram.com\/caidrd\/\",\"https:\/\/www.youtube.com\/channel\/UCLnt-fnRlxQdgJQwjgWkrCg\"]},{\"@type\":\"Person\",\"@id\":\"https:\/\/caid.gob.do\/caid\/#\/schema\/person\/525afe382593589065291ef6f470cbd8\",\"name\":\"Mariela Arias Mora\",\"image\":{\"@type\":\"ImageObject\",\"inLanguage\":\"es-DO\",\"@id\":\"https:\/\/caid.gob.do\/caid\/#\/schema\/person\/image\/\",\"url\":\"https:\/\/secure.gravatar.com\/avatar\/1b115711c47d73ed9fd99e20d278be2c6c6604a5d5a499f55ac165e1551473bd?s=96&d=mm&r=g\",\"contentUrl\":\"https:\/\/secure.gravatar.com\/avatar\/1b115711c47d73ed9fd99e20d278be2c6c6604a5d5a499f55ac165e1551473bd?s=96&d=mm&r=g\",\"caption\":\"Mariela Arias Mora\"},\"url\":\"https:\/\/caid.gob.do\/caid\/author\/m-arias\/\"}]}<\/script>\r\n<!-- \/ Yoast SEO plugin. -->","yoast_head_json":{"title":"El trabajador social y su importancia para las familias que reciben servicios en el CAID - CAID","robots":{"index":"index","follow":"follow","max-snippet":"max-snippet:-1","max-image-preview":"max-image-preview:large","max-video-preview":"max-video-preview:-1"},"canonical":"https:\/\/caid.gob.do\/caid\/el-trabajador-social-y-su-importancia-para-las-familias-que-reciben-servicios-en-el-caid\/","og_locale":"es_ES","og_type":"article","og_title":"El trabajador social y su importancia para las familias que reciben servicios en el CAID - CAID","og_description":"La comunicaci\u00f3n y el lenguaje son fundamentales en el desarrollo de los ni\u00f1os, ya que les permiten expresar sus necesidades, emociones e ideas, adem\u00e1s de fortalecer sus relaciones con los dem\u00e1s. Para apoyar este proceso, el CAID, adem\u00e1s de los servicios terap\u00e9uticos, capacita a los padres con herramientas pr\u00e1cticas que permitan estimular la comunicaci\u00f3n de sus hijos e hijas en el hogar.","og_url":"https:\/\/caid.gob.do\/caid\/el-trabajador-social-y-su-importancia-para-las-familias-que-reciben-servicios-en-el-caid\/","og_site_name":"CAID","article_publisher":"https:\/\/www.facebook.com\/redcaidrd","article_published_time":"2025-10-20T13:15:15+00:00","article_modified_time":"2025-10-29T13:16:04+00:00","og_image":[{"width":2560,"height":1440,"url":"https:\/\/caid.gob.do\/caid\/wp-content\/uploads\/Trabajo-social-scaled.jpg","type":"image\/jpeg"}],"author":"Mariela Arias Mora","twitter_card":"summary_large_image","twitter_creator":"@CAIDRDO","twitter_site":"@CAIDRDO","twitter_misc":{"Written by":"Mariela Arias Mora","Est. reading time":"3 minutos"},"schema":{"@context":"https:\/\/schema.org","@graph":[{"@type":"Article","@id":"https:\/\/caid.gob.do\/caid\/el-trabajador-social-y-su-importancia-para-las-familias-que-reciben-servicios-en-el-caid\/#article","isPartOf":{"@id":"https:\/\/caid.gob.do\/caid\/el-trabajador-social-y-su-importancia-para-las-familias-que-reciben-servicios-en-el-caid\/"},"author":{"name":"Mariela Arias Mora","@id":"https:\/\/caid.gob.do\/caid\/#\/schema\/person\/525afe382593589065291ef6f470cbd8"},"headline":"El trabajador social y su importancia para las familias que reciben servicios en el CAID","datePublished":"2025-10-20T13:15:15+00:00","dateModified":"2025-10-29T13:16:04+00:00","mainEntityOfPage":{"@id":"https:\/\/caid.gob.do\/caid\/el-trabajador-social-y-su-importancia-para-las-familias-que-reciben-servicios-en-el-caid\/"},"wordCount":511,"commentCount":0,"publisher":{"@id":"https:\/\/caid.gob.do\/caid\/#organization"},"image":{"@id":"https:\/\/caid.gob.do\/caid\/el-trabajador-social-y-su-importancia-para-las-familias-que-reciben-servicios-en-el-caid\/#primaryimage"},"thumbnailUrl":"https:\/\/caid.gob.do\/caid\/wp-content\/uploads\/Trabajo-social-scaled.jpg","keywords":["Santo Domingo"],"articleSection":["Noticias"],"inLanguage":"es-DO","potentialAction":[{"@type":"CommentAction","name":"Comment","target":["https:\/\/caid.gob.do\/caid\/el-trabajador-social-y-su-importancia-para-las-familias-que-reciben-servicios-en-el-caid\/#respond"]}]},{"@type":"WebPage","@id":"https:\/\/caid.gob.do\/caid\/el-trabajador-social-y-su-importancia-para-las-familias-que-reciben-servicios-en-el-caid\/","url":"https:\/\/caid.gob.do\/caid\/el-trabajador-social-y-su-importancia-para-las-familias-que-reciben-servicios-en-el-caid\/","name":"El trabajador social y su importancia para las familias que reciben servicios en el CAID - CAID","isPartOf":{"@id":"https:\/\/caid.gob.do\/caid\/#website"},"primaryImageOfPage":{"@id":"https:\/\/caid.gob.do\/caid\/el-trabajador-social-y-su-importancia-para-las-familias-que-reciben-servicios-en-el-caid\/#primaryimage"},"image":{"@id":"https:\/\/caid.gob.do\/caid\/el-trabajador-social-y-su-importancia-para-las-familias-que-reciben-servicios-en-el-caid\/#primaryimage"},"thumbnailUrl":"https:\/\/caid.gob.do\/caid\/wp-content\/uploads\/Trabajo-social-scaled.jpg","datePublished":"2025-10-20T13:15:15+00:00","dateModified":"2025-10-29T13:16:04+00:00","breadcrumb":{"@id":"https:\/\/caid.gob.do\/caid\/el-trabajador-social-y-su-importancia-para-las-familias-que-reciben-servicios-en-el-caid\/#breadcrumb"},"inLanguage":"es-DO","potentialAction":[{"@type":"ReadAction","target":["https:\/\/caid.gob.do\/caid\/el-trabajador-social-y-su-importancia-para-las-familias-que-reciben-servicios-en-el-caid\/"]}]},{"@type":"ImageObject","inLanguage":"es-DO","@id":"https:\/\/caid.gob.do\/caid\/el-trabajador-social-y-su-importancia-para-las-familias-que-reciben-servicios-en-el-caid\/#primaryimage","url":"https:\/\/caid.gob.do\/caid\/wp-content\/uploads\/Trabajo-social-scaled.jpg","contentUrl":"https:\/\/caid.gob.do\/caid\/wp-content\/uploads\/Trabajo-social-scaled.jpg","width":2560,"height":1440},{"@type":"BreadcrumbList","@id":"https:\/\/caid.gob.do\/caid\/el-trabajador-social-y-su-importancia-para-las-familias-que-reciben-servicios-en-el-caid\/#breadcrumb","itemListElement":[{"@type":"ListItem","position":1,"name":"Est\u00e1s aqu\u00ed:","item":"https:\/\/caid.gob.do\/caid\/"},{"@type":"ListItem","position":2,"name":"Noticias","item":"https:\/\/caid.gob.do\/caid\/category\/noticias\/"},{"@type":"ListItem","position":3,"name":"El trabajador social y su importancia para las familias que reciben servicios en el CAID"}]},{"@type":"WebSite","@id":"https:\/\/caid.gob.do\/caid\/#website","url":"https:\/\/caid.gob.do\/caid\/","name":"CAID","description":"Centro de Atenci\u00f3n Integral a la Discapacidad","publisher":{"@id":"https:\/\/caid.gob.do\/caid\/#organization"},"potentialAction":[{"@type":"SearchAction","target":{"@type":"EntryPoint","urlTemplate":"https:\/\/caid.gob.do\/caid\/?s={search_term_string}"},"query-input":{"@type":"PropertyValueSpecification","valueRequired":true,"valueName":"search_term_string"}}],"inLanguage":"es-DO"},{"@type":"Organization","@id":"https:\/\/caid.gob.do\/caid\/#organization","name":"Centro de Atenci\u00f3n Integral para la Discapacidad","url":"https:\/\/caid.gob.do\/caid\/","logo":{"@type":"ImageObject","inLanguage":"es-DO","@id":"https:\/\/caid.gob.do\/caid\/#\/schema\/logo\/image\/","url":"https:\/\/caid.gob.do\/caid\/wp-content\/uploads\/CAID-LOGOS-EN-PNG_Mesa-de-trabajo-1-2-1024x505-1.png","contentUrl":"https:\/\/caid.gob.do\/caid\/wp-content\/uploads\/CAID-LOGOS-EN-PNG_Mesa-de-trabajo-1-2-1024x505-1.png","width":1024,"height":505,"caption":"Centro de Atenci\u00f3n Integral para la Discapacidad"},"image":{"@id":"https:\/\/caid.gob.do\/caid\/#\/schema\/logo\/image\/"},"sameAs":["https:\/\/www.facebook.com\/redcaidrd","https:\/\/x.com\/CAIDRDO","https:\/\/www.instagram.com\/caidrd\/","https:\/\/www.youtube.com\/channel\/UCLnt-fnRlxQdgJQwjgWkrCg"]},{"@type":"Person","@id":"https:\/\/caid.gob.do\/caid\/#\/schema\/person\/525afe382593589065291ef6f470cbd8","name":"Mariela Arias Mora","image":{"@type":"ImageObject","inLanguage":"es-DO","@id":"https:\/\/caid.gob.do\/caid\/#\/schema\/person\/image\/","url":"https:\/\/secure.gravatar.com\/avatar\/1b115711c47d73ed9fd99e20d278be2c6c6604a5d5a499f55ac165e1551473bd?s=96&d=mm&r=g","contentUrl":"https:\/\/secure.gravatar.com\/avatar\/1b115711c47d73ed9fd99e20d278be2c6c6604a5d5a499f55ac165e1551473bd?s=96&d=mm&r=g","caption":"Mariela Arias Mora"},"url":"https:\/\/caid.gob.do\/caid\/author\/m-arias\/"}]}},"jetpack_featured_media_url":"https:\/\/caid.gob.do\/caid\/wp-content\/uploads\/Trabajo-social-scaled.jpg","jetpack_sharing_enabled":true,"_links":{"self":[{"href":"https:\/\/caid.gob.do\/caid\/wp-json\/wp\/v2\/posts\/22836","targetHints":{"allow":["GET"]}}],"collection":[{"href":"https:\/\/caid.gob.do\/caid\/wp-json\/wp\/v2\/posts"}],"about":[{"href":"https:\/\/caid.gob.do\/caid\/wp-json\/wp\/v2\/types\/post"}],"author":[{"embeddable":true,"href":"https:\/\/caid.gob.do\/caid\/wp-json\/wp\/v2\/users\/13"}],"replies":[{"embeddable":true,"href":"https:\/\/caid.gob.do\/caid\/wp-json\/wp\/v2\/comments?post=22836"}],"version-history":[{"count":5,"href":"https:\/\/caid.gob.do\/caid\/wp-json\/wp\/v2\/posts\/22836\/revisions"}],"predecessor-version":[{"id":22842,"href":"https:\/\/caid.gob.do\/caid\/wp-json\/wp\/v2\/posts\/22836\/revisions\/22842"}],"wp:featuredmedia":[{"embeddable":true,"href":"https:\/\/caid.gob.do\/caid\/wp-json\/wp\/v2\/media\/22837"}],"wp:attachment":[{"href":"https:\/\/caid.gob.do\/caid\/wp-json\/wp\/v2\/media?parent=22836"}],"wp:term":[{"taxonomy":"category","embeddable":true,"href":"https:\/\/caid.gob.do\/caid\/wp-json\/wp\/v2\/categories?post=22836"},{"taxonomy":"post_tag","embeddable":true,"href":"https:\/\/caid.gob.do\/caid\/wp-json\/wp\/v2\/tags?post=22836"}],"curies":[{"name":"wp","href":"https:\/\/api.w.org\/{rel}","templated":true}]}}