{"id":22843,"date":"2025-10-29T09:18:53","date_gmt":"2025-10-29T13:18:53","guid":{"rendered":"https:\/\/caid.gob.do\/caid\/?p=22843"},"modified":"2025-10-29T09:22:20","modified_gmt":"2025-10-29T13:22:20","slug":"buenas-practicas-para-un-uso-seguro-y-responsable-de-la-tecnologia","status":"publish","type":"post","link":"https:\/\/caid.gob.do\/caid\/buenas-practicas-para-un-uso-seguro-y-responsable-de-la-tecnologia\/","title":{"rendered":"Buenas pr\u00e1cticas para un uso seguro y responsable de la tecnolog\u00eda"},"content":{"rendered":"\t\t<div data-elementor-type=\"wp-post\" data-elementor-id=\"22843\" class=\"elementor elementor-22843\" data-elementor-post-type=\"post\">\n\t\t\t\t<div class=\"elementor-element elementor-element-1b1d5337 e-flex e-con-boxed e-con e-parent\" data-id=\"1b1d5337\" data-element_type=\"container\" data-e-type=\"container\">\n\t\t\t\t\t<div class=\"e-con-inner\">\n\t\t\t\t<div class=\"elementor-element elementor-element-4c0c9689 elementor-widget elementor-widget-text-editor\" data-id=\"4c0c9689\" data-element_type=\"widget\" data-e-type=\"widget\" data-widget_type=\"text-editor.default\">\n\t\t\t\t<div class=\"elementor-widget-container\">\n\t\t\t\t\t\t\t\t\t\n<p><img loading=\"lazy\" decoding=\"async\" class=\"aligncenter wp-image-22845 size-full\" src=\"https:\/\/caid.gob.do\/caid\/wp-content\/uploads\/Foto-ciberseguridad-scaled.jpg\" alt=\"\" width=\"2560\" height=\"1573\" srcset=\"https:\/\/caid.gob.do\/caid\/wp-content\/uploads\/Foto-ciberseguridad-scaled.jpg 2560w, https:\/\/caid.gob.do\/caid\/wp-content\/uploads\/Foto-ciberseguridad-300x184.jpg 300w, https:\/\/caid.gob.do\/caid\/wp-content\/uploads\/Foto-ciberseguridad-1024x629.jpg 1024w, https:\/\/caid.gob.do\/caid\/wp-content\/uploads\/Foto-ciberseguridad-768x472.jpg 768w, https:\/\/caid.gob.do\/caid\/wp-content\/uploads\/Foto-ciberseguridad-1536x944.jpg 1536w, https:\/\/caid.gob.do\/caid\/wp-content\/uploads\/Foto-ciberseguridad-2048x1259.jpg 2048w\" sizes=\"auto, (max-width: 2560px) 100vw, 2560px\" \/><\/p>\n<p><span data-contrast=\"auto\">Santo Domingo. &#8211; En el marco de la campa\u00f1a nacional \u201cEstrategia Comunicacional de Concientizaci\u00f3n en Ciberseguridad\u201d, liderada por el Centro Nacional de Ciberseguridad de la Rep\u00fablica Dominicana (CNCS), el Centro de Atenci\u00f3n Integral para la Discapacidad (CAID) se suma a los esfuerzos por fortalecer la cultura de seguridad digital dentro de las instituciones p\u00fablicas.<\/span><span data-ccp-props=\"{}\">\u00a0<\/span><\/p>\n<p><span data-contrast=\"auto\">La iniciativa busca promover una mayor conciencia sobre la importancia de proteger los activos digitales y garantizar el uso responsable de la tecnolog\u00eda, tanto en el \u00e1mbito laboral como personal.\u00a0<\/span><span data-ccp-props=\"{}\">\u00a0<\/span><\/p>\n<p><span data-contrast=\"auto\">Con el prop\u00f3sito de contribuir a la prevenci\u00f3n de incidentes digitales y fortalecer las capacidades del personal, el CNCS comparte una serie de recomendaciones clave para un uso seguro de la tecnolog\u00eda:<\/span><span data-ccp-props=\"{}\">\u00a0<\/span><\/p>\n<ol>\n<li><b><span data-contrast=\"auto\">Protege tus contrase\u00f1as<\/span><\/b><span data-contrast=\"auto\">. Evita utilizar la misma clave en distintos servicios y crea combinaciones seguras que incluyan letras, n\u00fameros y s\u00edmbolos.<\/span><span data-ccp-props=\"{}\">\u00a0<\/span><\/li>\n<li><b><span data-contrast=\"auto\">Actualiza tus sistemas y aplicaciones<\/span><\/b><span data-contrast=\"auto\">. Las actualizaciones corrigen vulnerabilidades que pueden ser explotadas por atacantes cibern\u00e9ticos.<\/span><span data-ccp-props=\"{}\">\u00a0<\/span><\/li>\n<li><b><span data-contrast=\"auto\">S\u00e9 precavido con los mensajes sospechosos.<\/span><\/b><span data-contrast=\"auto\"> No abras correos o archivos de remitentes desconocidos y verifica siempre la direcci\u00f3n antes de responder o descargar contenido.<\/span><span data-ccp-props=\"{}\">\u00a0<\/span><\/li>\n<li><b><span data-contrast=\"auto\">Usa redes seguras.<\/span><\/b><span data-contrast=\"auto\"> Si necesitas conectarte en lugares p\u00fablicos, emplea una red privada virtual (VPN) para cifrar tu conexi\u00f3n.<\/span><span data-ccp-props=\"{}\">\u00a0<\/span><\/li>\n<li><b><span data-contrast=\"auto\">Evita transacciones sensibles en redes abiertas.<\/span><\/b><span data-contrast=\"auto\"> No accedas a servicios bancarios o institucionales desde conexiones sin seguridad.<\/span><span data-ccp-props=\"{}\">\u00a0<\/span><\/li>\n<li><b><span data-contrast=\"auto\">Cuida tu informaci\u00f3n personal.<\/span><\/b><span data-contrast=\"auto\"> No compartas datos personales o laborales sensibles en redes sociales.<\/span><span data-ccp-props=\"{}\">\u00a0<\/span><\/li>\n<li><b><span data-contrast=\"auto\">Promueve la seguridad digital en tu entorno<\/span><\/b><span data-contrast=\"auto\">. Mant\u00e9n h\u00e1bitos responsables tanto en el trabajo como en el hogar.<\/span><span data-ccp-props=\"{}\">\u00a0<\/span><\/li>\n<\/ol>\n<p>\u00a0<\/p>\n<p><span data-contrast=\"auto\">Estas medidas buscan fortalecer la protecci\u00f3n de los sistemas inform\u00e1ticos y fomentar una actitud preventiva frente a los riesgos digitales.<\/span><span data-ccp-props=\"{}\">\u00a0<\/span><\/p>\n<p><span data-contrast=\"auto\">Desde el CAID, se reafirma el compromiso de continuar promoviendo la educaci\u00f3n y la concienciaci\u00f3n en ciberseguridad como pilares de una gesti\u00f3n moderna, eficiente y segura, en beneficio de toda la comunidad institucional.<\/span><span data-ccp-props=\"{}\">\u00a0<\/span><\/p>\n<p><style>\n.wp-image-20683 {width:100%}\n<\/style><\/p>\n\t\t\t\t\t\t\t\t<\/div>\n\t\t\t\t<\/div>\n\t\t\t\t\t<\/div>\n\t\t\t\t<\/div>\n\t\t\t\t<\/div>\n\t\t","protected":false},"excerpt":{"rendered":"<p>Buenas pr\u00e1cticas para un uso seguro y responsable de la tecnolog\u00eda <\/p>\n<p>Santo Domingo. &#8211; En el marco de la campa\u00f1a nacional \u201cEstrategia Comunicacional de Concientizaci\u00f3n en Ciberseguridad\u201d, liderada por el Centro Nacional de Ciberseguridad de la Rep\u00fablica Dominicana (CNCS), el Centro de Atenci\u00f3n Integral para la Discapacidad (CAID) se suma a los esfuerzos por fortalecer la cultura de seguridad digital dentro de las instituciones p\u00fablicas. <\/p>\n","protected":false},"author":13,"featured_media":22845,"comment_status":"open","ping_status":"open","sticky":false,"template":"","format":"standard","meta":{"_acf_changed":false,"_jetpack_memberships_contains_paid_content":false,"footnotes":""},"categories":[3],"tags":[50],"class_list":["post-22843","post","type-post","status-publish","format-standard","has-post-thumbnail","hentry","category-noticias","tag-santo-domingo"],"acf":[],"yoast_head":"<!-- This site is optimized with the Yoast SEO plugin v27.0 - https:\/\/yoast.com\/product\/yoast-seo-wordpress\/ -->\r\n<title>Buenas pr\u00e1cticas para un uso seguro y responsable de la tecnolog\u00eda - CAID<\/title>\r\n<meta name=\"robots\" content=\"index, follow, max-snippet:-1, max-image-preview:large, max-video-preview:-1\" \/>\r\n<link rel=\"canonical\" href=\"https:\/\/caid.gob.do\/caid\/buenas-practicas-para-un-uso-seguro-y-responsable-de-la-tecnologia\/\" \/>\r\n<meta property=\"og:locale\" content=\"es_ES\" \/>\r\n<meta property=\"og:type\" content=\"article\" \/>\r\n<meta property=\"og:title\" content=\"Buenas pr\u00e1cticas para un uso seguro y responsable de la tecnolog\u00eda - CAID\" \/>\r\n<meta property=\"og:description\" content=\"Buenas pr\u00e1cticas para un uso seguro y responsable de la tecnolog\u00eda  Santo Domingo. - En el marco de la campa\u00f1a nacional \u201cEstrategia Comunicacional de Concientizaci\u00f3n en Ciberseguridad\u201d, liderada por el Centro Nacional de Ciberseguridad de la Rep\u00fablica Dominicana (CNCS), el Centro de Atenci\u00f3n Integral para la Discapacidad (CAID) se suma a los esfuerzos por fortalecer la cultura de seguridad digital dentro de las instituciones p\u00fablicas.\" \/>\r\n<meta property=\"og:url\" content=\"https:\/\/caid.gob.do\/caid\/buenas-practicas-para-un-uso-seguro-y-responsable-de-la-tecnologia\/\" \/>\r\n<meta property=\"og:site_name\" content=\"CAID\" \/>\r\n<meta property=\"article:publisher\" content=\"https:\/\/www.facebook.com\/redcaidrd\" \/>\r\n<meta property=\"article:published_time\" content=\"2025-10-29T13:18:53+00:00\" \/>\r\n<meta property=\"article:modified_time\" content=\"2025-10-29T13:22:20+00:00\" \/>\r\n<meta property=\"og:image\" content=\"https:\/\/caid.gob.do\/caid\/wp-content\/uploads\/Foto-ciberseguridad-scaled.jpg\" \/>\r\n\t<meta property=\"og:image:width\" content=\"2560\" \/>\r\n\t<meta property=\"og:image:height\" content=\"1573\" \/>\r\n\t<meta property=\"og:image:type\" content=\"image\/jpeg\" \/>\r\n<meta name=\"author\" content=\"Mariela Arias Mora\" \/>\r\n<meta name=\"twitter:card\" content=\"summary_large_image\" \/>\r\n<meta name=\"twitter:creator\" content=\"@CAIDRDO\" \/>\r\n<meta name=\"twitter:site\" content=\"@CAIDRDO\" \/>\r\n<meta name=\"twitter:label1\" content=\"Written by\" \/>\n\t<meta name=\"twitter:data1\" content=\"Mariela Arias Mora\" \/>\n\t<meta name=\"twitter:label2\" content=\"Est. reading time\" \/>\n\t<meta name=\"twitter:data2\" content=\"2 minutos\" \/>\r\n<script type=\"application\/ld+json\" class=\"yoast-schema-graph\">{\"@context\":\"https:\/\/schema.org\",\"@graph\":[{\"@type\":\"Article\",\"@id\":\"https:\/\/caid.gob.do\/caid\/buenas-practicas-para-un-uso-seguro-y-responsable-de-la-tecnologia\/#article\",\"isPartOf\":{\"@id\":\"https:\/\/caid.gob.do\/caid\/buenas-practicas-para-un-uso-seguro-y-responsable-de-la-tecnologia\/\"},\"author\":{\"name\":\"Mariela Arias Mora\",\"@id\":\"https:\/\/caid.gob.do\/caid\/#\/schema\/person\/525afe382593589065291ef6f470cbd8\"},\"headline\":\"Buenas pr\u00e1cticas para un uso seguro y responsable de la tecnolog\u00eda\",\"datePublished\":\"2025-10-29T13:18:53+00:00\",\"dateModified\":\"2025-10-29T13:22:20+00:00\",\"mainEntityOfPage\":{\"@id\":\"https:\/\/caid.gob.do\/caid\/buenas-practicas-para-un-uso-seguro-y-responsable-de-la-tecnologia\/\"},\"wordCount\":336,\"commentCount\":0,\"publisher\":{\"@id\":\"https:\/\/caid.gob.do\/caid\/#organization\"},\"image\":{\"@id\":\"https:\/\/caid.gob.do\/caid\/buenas-practicas-para-un-uso-seguro-y-responsable-de-la-tecnologia\/#primaryimage\"},\"thumbnailUrl\":\"https:\/\/caid.gob.do\/caid\/wp-content\/uploads\/Foto-ciberseguridad-scaled.jpg\",\"keywords\":[\"Santo Domingo\"],\"articleSection\":[\"Noticias\"],\"inLanguage\":\"es-DO\",\"potentialAction\":[{\"@type\":\"CommentAction\",\"name\":\"Comment\",\"target\":[\"https:\/\/caid.gob.do\/caid\/buenas-practicas-para-un-uso-seguro-y-responsable-de-la-tecnologia\/#respond\"]}]},{\"@type\":\"WebPage\",\"@id\":\"https:\/\/caid.gob.do\/caid\/buenas-practicas-para-un-uso-seguro-y-responsable-de-la-tecnologia\/\",\"url\":\"https:\/\/caid.gob.do\/caid\/buenas-practicas-para-un-uso-seguro-y-responsable-de-la-tecnologia\/\",\"name\":\"Buenas pr\u00e1cticas para un uso seguro y responsable de la tecnolog\u00eda - CAID\",\"isPartOf\":{\"@id\":\"https:\/\/caid.gob.do\/caid\/#website\"},\"primaryImageOfPage\":{\"@id\":\"https:\/\/caid.gob.do\/caid\/buenas-practicas-para-un-uso-seguro-y-responsable-de-la-tecnologia\/#primaryimage\"},\"image\":{\"@id\":\"https:\/\/caid.gob.do\/caid\/buenas-practicas-para-un-uso-seguro-y-responsable-de-la-tecnologia\/#primaryimage\"},\"thumbnailUrl\":\"https:\/\/caid.gob.do\/caid\/wp-content\/uploads\/Foto-ciberseguridad-scaled.jpg\",\"datePublished\":\"2025-10-29T13:18:53+00:00\",\"dateModified\":\"2025-10-29T13:22:20+00:00\",\"breadcrumb\":{\"@id\":\"https:\/\/caid.gob.do\/caid\/buenas-practicas-para-un-uso-seguro-y-responsable-de-la-tecnologia\/#breadcrumb\"},\"inLanguage\":\"es-DO\",\"potentialAction\":[{\"@type\":\"ReadAction\",\"target\":[\"https:\/\/caid.gob.do\/caid\/buenas-practicas-para-un-uso-seguro-y-responsable-de-la-tecnologia\/\"]}]},{\"@type\":\"ImageObject\",\"inLanguage\":\"es-DO\",\"@id\":\"https:\/\/caid.gob.do\/caid\/buenas-practicas-para-un-uso-seguro-y-responsable-de-la-tecnologia\/#primaryimage\",\"url\":\"https:\/\/caid.gob.do\/caid\/wp-content\/uploads\/Foto-ciberseguridad-scaled.jpg\",\"contentUrl\":\"https:\/\/caid.gob.do\/caid\/wp-content\/uploads\/Foto-ciberseguridad-scaled.jpg\",\"width\":2560,\"height\":1573},{\"@type\":\"BreadcrumbList\",\"@id\":\"https:\/\/caid.gob.do\/caid\/buenas-practicas-para-un-uso-seguro-y-responsable-de-la-tecnologia\/#breadcrumb\",\"itemListElement\":[{\"@type\":\"ListItem\",\"position\":1,\"name\":\"Est\u00e1s aqu\u00ed:\",\"item\":\"https:\/\/caid.gob.do\/caid\/\"},{\"@type\":\"ListItem\",\"position\":2,\"name\":\"Noticias\",\"item\":\"https:\/\/caid.gob.do\/caid\/category\/noticias\/\"},{\"@type\":\"ListItem\",\"position\":3,\"name\":\"Buenas pr\u00e1cticas para un uso seguro y responsable de la tecnolog\u00eda\"}]},{\"@type\":\"WebSite\",\"@id\":\"https:\/\/caid.gob.do\/caid\/#website\",\"url\":\"https:\/\/caid.gob.do\/caid\/\",\"name\":\"CAID\",\"description\":\"Centro de Atenci\u00f3n Integral a la Discapacidad\",\"publisher\":{\"@id\":\"https:\/\/caid.gob.do\/caid\/#organization\"},\"potentialAction\":[{\"@type\":\"SearchAction\",\"target\":{\"@type\":\"EntryPoint\",\"urlTemplate\":\"https:\/\/caid.gob.do\/caid\/?s={search_term_string}\"},\"query-input\":{\"@type\":\"PropertyValueSpecification\",\"valueRequired\":true,\"valueName\":\"search_term_string\"}}],\"inLanguage\":\"es-DO\"},{\"@type\":\"Organization\",\"@id\":\"https:\/\/caid.gob.do\/caid\/#organization\",\"name\":\"Centro de Atenci\u00f3n Integral para la Discapacidad\",\"url\":\"https:\/\/caid.gob.do\/caid\/\",\"logo\":{\"@type\":\"ImageObject\",\"inLanguage\":\"es-DO\",\"@id\":\"https:\/\/caid.gob.do\/caid\/#\/schema\/logo\/image\/\",\"url\":\"https:\/\/caid.gob.do\/caid\/wp-content\/uploads\/CAID-LOGOS-EN-PNG_Mesa-de-trabajo-1-2-1024x505-1.png\",\"contentUrl\":\"https:\/\/caid.gob.do\/caid\/wp-content\/uploads\/CAID-LOGOS-EN-PNG_Mesa-de-trabajo-1-2-1024x505-1.png\",\"width\":1024,\"height\":505,\"caption\":\"Centro de Atenci\u00f3n Integral para la Discapacidad\"},\"image\":{\"@id\":\"https:\/\/caid.gob.do\/caid\/#\/schema\/logo\/image\/\"},\"sameAs\":[\"https:\/\/www.facebook.com\/redcaidrd\",\"https:\/\/x.com\/CAIDRDO\",\"https:\/\/www.instagram.com\/caidrd\/\",\"https:\/\/www.youtube.com\/channel\/UCLnt-fnRlxQdgJQwjgWkrCg\"]},{\"@type\":\"Person\",\"@id\":\"https:\/\/caid.gob.do\/caid\/#\/schema\/person\/525afe382593589065291ef6f470cbd8\",\"name\":\"Mariela Arias Mora\",\"image\":{\"@type\":\"ImageObject\",\"inLanguage\":\"es-DO\",\"@id\":\"https:\/\/caid.gob.do\/caid\/#\/schema\/person\/image\/\",\"url\":\"https:\/\/secure.gravatar.com\/avatar\/1b115711c47d73ed9fd99e20d278be2c6c6604a5d5a499f55ac165e1551473bd?s=96&d=mm&r=g\",\"contentUrl\":\"https:\/\/secure.gravatar.com\/avatar\/1b115711c47d73ed9fd99e20d278be2c6c6604a5d5a499f55ac165e1551473bd?s=96&d=mm&r=g\",\"caption\":\"Mariela Arias Mora\"},\"url\":\"https:\/\/caid.gob.do\/caid\/author\/m-arias\/\"}]}<\/script>\r\n<!-- \/ Yoast SEO plugin. -->","yoast_head_json":{"title":"Buenas pr\u00e1cticas para un uso seguro y responsable de la tecnolog\u00eda - CAID","robots":{"index":"index","follow":"follow","max-snippet":"max-snippet:-1","max-image-preview":"max-image-preview:large","max-video-preview":"max-video-preview:-1"},"canonical":"https:\/\/caid.gob.do\/caid\/buenas-practicas-para-un-uso-seguro-y-responsable-de-la-tecnologia\/","og_locale":"es_ES","og_type":"article","og_title":"Buenas pr\u00e1cticas para un uso seguro y responsable de la tecnolog\u00eda - CAID","og_description":"Buenas pr\u00e1cticas para un uso seguro y responsable de la tecnolog\u00eda  Santo Domingo. - En el marco de la campa\u00f1a nacional \u201cEstrategia Comunicacional de Concientizaci\u00f3n en Ciberseguridad\u201d, liderada por el Centro Nacional de Ciberseguridad de la Rep\u00fablica Dominicana (CNCS), el Centro de Atenci\u00f3n Integral para la Discapacidad (CAID) se suma a los esfuerzos por fortalecer la cultura de seguridad digital dentro de las instituciones p\u00fablicas.","og_url":"https:\/\/caid.gob.do\/caid\/buenas-practicas-para-un-uso-seguro-y-responsable-de-la-tecnologia\/","og_site_name":"CAID","article_publisher":"https:\/\/www.facebook.com\/redcaidrd","article_published_time":"2025-10-29T13:18:53+00:00","article_modified_time":"2025-10-29T13:22:20+00:00","og_image":[{"width":2560,"height":1573,"url":"https:\/\/caid.gob.do\/caid\/wp-content\/uploads\/Foto-ciberseguridad-scaled.jpg","type":"image\/jpeg"}],"author":"Mariela Arias Mora","twitter_card":"summary_large_image","twitter_creator":"@CAIDRDO","twitter_site":"@CAIDRDO","twitter_misc":{"Written by":"Mariela Arias Mora","Est. reading time":"2 minutos"},"schema":{"@context":"https:\/\/schema.org","@graph":[{"@type":"Article","@id":"https:\/\/caid.gob.do\/caid\/buenas-practicas-para-un-uso-seguro-y-responsable-de-la-tecnologia\/#article","isPartOf":{"@id":"https:\/\/caid.gob.do\/caid\/buenas-practicas-para-un-uso-seguro-y-responsable-de-la-tecnologia\/"},"author":{"name":"Mariela Arias Mora","@id":"https:\/\/caid.gob.do\/caid\/#\/schema\/person\/525afe382593589065291ef6f470cbd8"},"headline":"Buenas pr\u00e1cticas para un uso seguro y responsable de la tecnolog\u00eda","datePublished":"2025-10-29T13:18:53+00:00","dateModified":"2025-10-29T13:22:20+00:00","mainEntityOfPage":{"@id":"https:\/\/caid.gob.do\/caid\/buenas-practicas-para-un-uso-seguro-y-responsable-de-la-tecnologia\/"},"wordCount":336,"commentCount":0,"publisher":{"@id":"https:\/\/caid.gob.do\/caid\/#organization"},"image":{"@id":"https:\/\/caid.gob.do\/caid\/buenas-practicas-para-un-uso-seguro-y-responsable-de-la-tecnologia\/#primaryimage"},"thumbnailUrl":"https:\/\/caid.gob.do\/caid\/wp-content\/uploads\/Foto-ciberseguridad-scaled.jpg","keywords":["Santo Domingo"],"articleSection":["Noticias"],"inLanguage":"es-DO","potentialAction":[{"@type":"CommentAction","name":"Comment","target":["https:\/\/caid.gob.do\/caid\/buenas-practicas-para-un-uso-seguro-y-responsable-de-la-tecnologia\/#respond"]}]},{"@type":"WebPage","@id":"https:\/\/caid.gob.do\/caid\/buenas-practicas-para-un-uso-seguro-y-responsable-de-la-tecnologia\/","url":"https:\/\/caid.gob.do\/caid\/buenas-practicas-para-un-uso-seguro-y-responsable-de-la-tecnologia\/","name":"Buenas pr\u00e1cticas para un uso seguro y responsable de la tecnolog\u00eda - CAID","isPartOf":{"@id":"https:\/\/caid.gob.do\/caid\/#website"},"primaryImageOfPage":{"@id":"https:\/\/caid.gob.do\/caid\/buenas-practicas-para-un-uso-seguro-y-responsable-de-la-tecnologia\/#primaryimage"},"image":{"@id":"https:\/\/caid.gob.do\/caid\/buenas-practicas-para-un-uso-seguro-y-responsable-de-la-tecnologia\/#primaryimage"},"thumbnailUrl":"https:\/\/caid.gob.do\/caid\/wp-content\/uploads\/Foto-ciberseguridad-scaled.jpg","datePublished":"2025-10-29T13:18:53+00:00","dateModified":"2025-10-29T13:22:20+00:00","breadcrumb":{"@id":"https:\/\/caid.gob.do\/caid\/buenas-practicas-para-un-uso-seguro-y-responsable-de-la-tecnologia\/#breadcrumb"},"inLanguage":"es-DO","potentialAction":[{"@type":"ReadAction","target":["https:\/\/caid.gob.do\/caid\/buenas-practicas-para-un-uso-seguro-y-responsable-de-la-tecnologia\/"]}]},{"@type":"ImageObject","inLanguage":"es-DO","@id":"https:\/\/caid.gob.do\/caid\/buenas-practicas-para-un-uso-seguro-y-responsable-de-la-tecnologia\/#primaryimage","url":"https:\/\/caid.gob.do\/caid\/wp-content\/uploads\/Foto-ciberseguridad-scaled.jpg","contentUrl":"https:\/\/caid.gob.do\/caid\/wp-content\/uploads\/Foto-ciberseguridad-scaled.jpg","width":2560,"height":1573},{"@type":"BreadcrumbList","@id":"https:\/\/caid.gob.do\/caid\/buenas-practicas-para-un-uso-seguro-y-responsable-de-la-tecnologia\/#breadcrumb","itemListElement":[{"@type":"ListItem","position":1,"name":"Est\u00e1s aqu\u00ed:","item":"https:\/\/caid.gob.do\/caid\/"},{"@type":"ListItem","position":2,"name":"Noticias","item":"https:\/\/caid.gob.do\/caid\/category\/noticias\/"},{"@type":"ListItem","position":3,"name":"Buenas pr\u00e1cticas para un uso seguro y responsable de la tecnolog\u00eda"}]},{"@type":"WebSite","@id":"https:\/\/caid.gob.do\/caid\/#website","url":"https:\/\/caid.gob.do\/caid\/","name":"CAID","description":"Centro de Atenci\u00f3n Integral a la Discapacidad","publisher":{"@id":"https:\/\/caid.gob.do\/caid\/#organization"},"potentialAction":[{"@type":"SearchAction","target":{"@type":"EntryPoint","urlTemplate":"https:\/\/caid.gob.do\/caid\/?s={search_term_string}"},"query-input":{"@type":"PropertyValueSpecification","valueRequired":true,"valueName":"search_term_string"}}],"inLanguage":"es-DO"},{"@type":"Organization","@id":"https:\/\/caid.gob.do\/caid\/#organization","name":"Centro de Atenci\u00f3n Integral para la Discapacidad","url":"https:\/\/caid.gob.do\/caid\/","logo":{"@type":"ImageObject","inLanguage":"es-DO","@id":"https:\/\/caid.gob.do\/caid\/#\/schema\/logo\/image\/","url":"https:\/\/caid.gob.do\/caid\/wp-content\/uploads\/CAID-LOGOS-EN-PNG_Mesa-de-trabajo-1-2-1024x505-1.png","contentUrl":"https:\/\/caid.gob.do\/caid\/wp-content\/uploads\/CAID-LOGOS-EN-PNG_Mesa-de-trabajo-1-2-1024x505-1.png","width":1024,"height":505,"caption":"Centro de Atenci\u00f3n Integral para la Discapacidad"},"image":{"@id":"https:\/\/caid.gob.do\/caid\/#\/schema\/logo\/image\/"},"sameAs":["https:\/\/www.facebook.com\/redcaidrd","https:\/\/x.com\/CAIDRDO","https:\/\/www.instagram.com\/caidrd\/","https:\/\/www.youtube.com\/channel\/UCLnt-fnRlxQdgJQwjgWkrCg"]},{"@type":"Person","@id":"https:\/\/caid.gob.do\/caid\/#\/schema\/person\/525afe382593589065291ef6f470cbd8","name":"Mariela Arias Mora","image":{"@type":"ImageObject","inLanguage":"es-DO","@id":"https:\/\/caid.gob.do\/caid\/#\/schema\/person\/image\/","url":"https:\/\/secure.gravatar.com\/avatar\/1b115711c47d73ed9fd99e20d278be2c6c6604a5d5a499f55ac165e1551473bd?s=96&d=mm&r=g","contentUrl":"https:\/\/secure.gravatar.com\/avatar\/1b115711c47d73ed9fd99e20d278be2c6c6604a5d5a499f55ac165e1551473bd?s=96&d=mm&r=g","caption":"Mariela Arias Mora"},"url":"https:\/\/caid.gob.do\/caid\/author\/m-arias\/"}]}},"jetpack_featured_media_url":"https:\/\/caid.gob.do\/caid\/wp-content\/uploads\/Foto-ciberseguridad-scaled.jpg","jetpack_sharing_enabled":true,"_links":{"self":[{"href":"https:\/\/caid.gob.do\/caid\/wp-json\/wp\/v2\/posts\/22843","targetHints":{"allow":["GET"]}}],"collection":[{"href":"https:\/\/caid.gob.do\/caid\/wp-json\/wp\/v2\/posts"}],"about":[{"href":"https:\/\/caid.gob.do\/caid\/wp-json\/wp\/v2\/types\/post"}],"author":[{"embeddable":true,"href":"https:\/\/caid.gob.do\/caid\/wp-json\/wp\/v2\/users\/13"}],"replies":[{"embeddable":true,"href":"https:\/\/caid.gob.do\/caid\/wp-json\/wp\/v2\/comments?post=22843"}],"version-history":[{"count":5,"href":"https:\/\/caid.gob.do\/caid\/wp-json\/wp\/v2\/posts\/22843\/revisions"}],"predecessor-version":[{"id":22849,"href":"https:\/\/caid.gob.do\/caid\/wp-json\/wp\/v2\/posts\/22843\/revisions\/22849"}],"wp:featuredmedia":[{"embeddable":true,"href":"https:\/\/caid.gob.do\/caid\/wp-json\/wp\/v2\/media\/22845"}],"wp:attachment":[{"href":"https:\/\/caid.gob.do\/caid\/wp-json\/wp\/v2\/media?parent=22843"}],"wp:term":[{"taxonomy":"category","embeddable":true,"href":"https:\/\/caid.gob.do\/caid\/wp-json\/wp\/v2\/categories?post=22843"},{"taxonomy":"post_tag","embeddable":true,"href":"https:\/\/caid.gob.do\/caid\/wp-json\/wp\/v2\/tags?post=22843"}],"curies":[{"name":"wp","href":"https:\/\/api.w.org\/{rel}","templated":true}]}}