{"id":22877,"date":"2025-10-29T12:21:29","date_gmt":"2025-10-29T16:21:29","guid":{"rendered":"https:\/\/caid.gob.do\/caid\/?p=22877"},"modified":"2025-10-31T14:23:06","modified_gmt":"2025-10-31T18:23:06","slug":"caid-inicia-ruta-de-autobuses-para-sus-usuarios","status":"publish","type":"post","link":"https:\/\/caid.gob.do\/caid\/caid-inicia-ruta-de-autobuses-para-sus-usuarios\/","title":{"rendered":"CAID inicia ruta de autobuses para sus usuarios"},"content":{"rendered":"\t\t<div data-elementor-type=\"wp-post\" data-elementor-id=\"22877\" class=\"elementor elementor-22877\" data-elementor-post-type=\"post\">\n\t\t\t\t<div class=\"elementor-element elementor-element-1b1d5337 e-flex e-con-boxed e-con e-parent\" data-id=\"1b1d5337\" data-element_type=\"container\" data-e-type=\"container\">\n\t\t\t\t\t<div class=\"e-con-inner\">\n\t\t\t\t<div class=\"elementor-element elementor-element-4c0c9689 elementor-widget elementor-widget-text-editor\" data-id=\"4c0c9689\" data-element_type=\"widget\" data-e-type=\"widget\" data-widget_type=\"text-editor.default\">\n\t\t\t\t<div class=\"elementor-widget-container\">\n\t\t\t\t\t\t\t\t\t\n<p><em>Con el apoyo del Ministerio de Educaci\u00f3n (MINERD), el nuevo servicio busca eliminar las dificultades de las familias para llegar a los centros y garantizar la asistencia continua a las terapias.<\/em><img loading=\"lazy\" decoding=\"async\" class=\"aligncenter wp-image-22880 size-full\" src=\"https:\/\/caid.gob.do\/caid\/wp-content\/uploads\/Imagen-principal-scaled.jpg\" alt=\"\" width=\"2560\" height=\"2171\" srcset=\"https:\/\/caid.gob.do\/caid\/wp-content\/uploads\/Imagen-principal-scaled.jpg 2560w, https:\/\/caid.gob.do\/caid\/wp-content\/uploads\/Imagen-principal-300x254.jpg 300w, https:\/\/caid.gob.do\/caid\/wp-content\/uploads\/Imagen-principal-1024x869.jpg 1024w, https:\/\/caid.gob.do\/caid\/wp-content\/uploads\/Imagen-principal-768x651.jpg 768w, https:\/\/caid.gob.do\/caid\/wp-content\/uploads\/Imagen-principal-1536x1303.jpg 1536w, https:\/\/caid.gob.do\/caid\/wp-content\/uploads\/Imagen-principal-2048x1737.jpg 2048w\" sizes=\"auto, (max-width: 2560px) 100vw, 2560px\" \/><\/p>\n<p>Santo Domingo. &#8211; Con el objetivo de brindar un apoyo integral y eliminar una de las principales barreras para las familias, el Centro de Atenci\u00f3n Integral para la Discapacidad (CAID) puso en marcha este mi\u00e9rcoles el servicio de transporte TRAE, un servicio gratuito para los ni\u00f1os y ni\u00f1as usuarios de la instituci\u00f3n.<\/p>\n<p>La iniciativa, desarrollada con el respaldo del Ministerio de Educaci\u00f3n (MINERD), conecta a las familias con las sedes del CAID localizadas en Santo Domingo Este, Santo Domingo Oeste, Santiago y San Juan, asegurando que la distancia o la falta de recursos no impidan recibir la atenci\u00f3n que necesitan.<\/p>\n<p>\u201cEl servicio TRAE es un puente de acceso al bienestar. Reafirma nuestro compromiso de no solo ofrecer terapias de calidad en nuestros centros, sino tambi\u00e9n de garantizar que cada familia pueda llegar a ellos de manera digna, segura y puntual\u201d, destac\u00f3 el padre Jorge William Hern\u00e1ndez, presidente del Consejo Directivo del CAID.<\/p>\n<p><img loading=\"lazy\" decoding=\"async\" class=\"aligncenter wp-image-22879 size-full\" src=\"https:\/\/caid.gob.do\/caid\/wp-content\/uploads\/imagen-secundaria-scaled.jpg\" alt=\"\" width=\"2560\" height=\"1707\" srcset=\"https:\/\/caid.gob.do\/caid\/wp-content\/uploads\/imagen-secundaria-scaled.jpg 2560w, https:\/\/caid.gob.do\/caid\/wp-content\/uploads\/imagen-secundaria-300x200.jpg 300w, https:\/\/caid.gob.do\/caid\/wp-content\/uploads\/imagen-secundaria-1024x683.jpg 1024w, https:\/\/caid.gob.do\/caid\/wp-content\/uploads\/imagen-secundaria-768x512.jpg 768w, https:\/\/caid.gob.do\/caid\/wp-content\/uploads\/imagen-secundaria-1536x1024.jpg 1536w, https:\/\/caid.gob.do\/caid\/wp-content\/uploads\/imagen-secundaria-2048x1365.jpg 2048w\" sizes=\"auto, (max-width: 2560px) 100vw, 2560px\" \/><\/p>\n<p>Cada unidad del \u201cTRAE\u201d est\u00e1 a cargo de un conductor capacitado y sensibilizado por el equipo del CAID, preparado para ofrecer un trato amable y un servicio confiable. Los veh\u00edculos est\u00e1n adaptados para garantizar la seguridad y comodidad de cada ni\u00f1o, ni\u00f1a y sus acompa\u00f1antes.<\/p>\n<p>\u201cEsta es una excelente ayuda para los padres que no tenemos facilidad para movilizarnos hacia el CAID\u201d, expres\u00f3 Nathalia Feliz, madre de uno de los usuarios del CAID Santo Domingo Este.<\/p>\n<p>Las rutas del TRAE operan en horarios matutinos y vespertinos. Las familias interesadas en utilizar el servicio pueden consultar las rutas, paradas y horarios detallados en la p\u00e1gina institucional www.caid.gob.do, espec\u00edficamente en la secci\u00f3n \u201cRutas de autobuses CAID\u201d.<\/p>\n<p>Con la implementaci\u00f3n del TRAE, el CAID da un paso m\u00e1s en su misi\u00f3n de promover la inclusi\u00f3n, la equidad y el bienestar de la poblaci\u00f3n infantil con discapacidad y sus familias.<\/p>\n<p><style>\n.wp-image-20683 {width:100%}\n<\/style><\/p>\n\t\t\t\t\t\t\t\t<\/div>\n\t\t\t\t<\/div>\n\t\t\t\t\t<\/div>\n\t\t\t\t<\/div>\n\t\t\t\t<\/div>\n\t\t","protected":false},"excerpt":{"rendered":"<p>Con el apoyo del Ministerio de Educaci\u00f3n (MINERD), el nuevo servicio busca eliminar las dificultades de las familias para llegar a los centros y garantizar la asistencia continua a las terapias.<\/p>\n<p>Santo Domingo. &#8211; Con el objetivo de brindar un apoyo integral y eliminar una de las principales barreras para las familias, el Centro de Atenci\u00f3n Integral para la Discapacidad (CAID) puso en marcha este mi\u00e9rcoles el servicio de transporte TRAE, un servicio gratuito para los ni\u00f1os y ni\u00f1as usuarios de la instituci\u00f3n.<\/p>\n","protected":false},"author":13,"featured_media":22880,"comment_status":"open","ping_status":"open","sticky":false,"template":"","format":"standard","meta":{"_acf_changed":false,"_jetpack_memberships_contains_paid_content":false,"footnotes":""},"categories":[3],"tags":[50],"class_list":["post-22877","post","type-post","status-publish","format-standard","has-post-thumbnail","hentry","category-noticias","tag-santo-domingo"],"acf":[],"yoast_head":"<!-- This site is optimized with the Yoast SEO plugin v27.0 - https:\/\/yoast.com\/product\/yoast-seo-wordpress\/ -->\r\n<title>CAID inicia ruta de autobuses para sus usuarios - CAID<\/title>\r\n<meta name=\"robots\" content=\"index, follow, max-snippet:-1, max-image-preview:large, max-video-preview:-1\" \/>\r\n<link rel=\"canonical\" href=\"https:\/\/caid.gob.do\/caid\/caid-inicia-ruta-de-autobuses-para-sus-usuarios\/\" \/>\r\n<meta property=\"og:locale\" content=\"es_ES\" \/>\r\n<meta property=\"og:type\" content=\"article\" \/>\r\n<meta property=\"og:title\" content=\"CAID inicia ruta de autobuses para sus usuarios - CAID\" \/>\r\n<meta property=\"og:description\" content=\"Con el apoyo del Ministerio de Educaci\u00f3n (MINERD), el nuevo servicio busca eliminar las dificultades de las familias para llegar a los centros y garantizar la asistencia continua a las terapias.  Santo Domingo. - Con el objetivo de brindar un apoyo integral y eliminar una de las principales barreras para las familias, el Centro de Atenci\u00f3n Integral para la Discapacidad (CAID) puso en marcha este mi\u00e9rcoles el servicio de transporte TRAE, un servicio gratuito para los ni\u00f1os y ni\u00f1as usuarios de la instituci\u00f3n.\" \/>\r\n<meta property=\"og:url\" content=\"https:\/\/caid.gob.do\/caid\/caid-inicia-ruta-de-autobuses-para-sus-usuarios\/\" \/>\r\n<meta property=\"og:site_name\" content=\"CAID\" \/>\r\n<meta property=\"article:publisher\" content=\"https:\/\/www.facebook.com\/redcaidrd\" \/>\r\n<meta property=\"article:published_time\" content=\"2025-10-29T16:21:29+00:00\" \/>\r\n<meta property=\"article:modified_time\" content=\"2025-10-31T18:23:06+00:00\" \/>\r\n<meta property=\"og:image\" content=\"https:\/\/caid.gob.do\/caid\/wp-content\/uploads\/Imagen-principal-scaled.jpg\" \/>\r\n\t<meta property=\"og:image:width\" content=\"2560\" \/>\r\n\t<meta property=\"og:image:height\" content=\"2171\" \/>\r\n\t<meta property=\"og:image:type\" content=\"image\/jpeg\" \/>\r\n<meta name=\"author\" content=\"Mariela Arias Mora\" \/>\r\n<meta name=\"twitter:card\" content=\"summary_large_image\" \/>\r\n<meta name=\"twitter:creator\" content=\"@CAIDRDO\" \/>\r\n<meta name=\"twitter:site\" content=\"@CAIDRDO\" \/>\r\n<meta name=\"twitter:label1\" content=\"Written by\" \/>\n\t<meta name=\"twitter:data1\" content=\"Mariela Arias Mora\" \/>\n\t<meta name=\"twitter:label2\" content=\"Est. reading time\" \/>\n\t<meta name=\"twitter:data2\" content=\"2 minutos\" \/>\r\n<script type=\"application\/ld+json\" class=\"yoast-schema-graph\">{\"@context\":\"https:\/\/schema.org\",\"@graph\":[{\"@type\":\"Article\",\"@id\":\"https:\/\/caid.gob.do\/caid\/caid-inicia-ruta-de-autobuses-para-sus-usuarios\/#article\",\"isPartOf\":{\"@id\":\"https:\/\/caid.gob.do\/caid\/caid-inicia-ruta-de-autobuses-para-sus-usuarios\/\"},\"author\":{\"name\":\"Mariela Arias Mora\",\"@id\":\"https:\/\/caid.gob.do\/caid\/#\/schema\/person\/525afe382593589065291ef6f470cbd8\"},\"headline\":\"CAID inicia ruta de autobuses para sus usuarios\",\"datePublished\":\"2025-10-29T16:21:29+00:00\",\"dateModified\":\"2025-10-31T18:23:06+00:00\",\"mainEntityOfPage\":{\"@id\":\"https:\/\/caid.gob.do\/caid\/caid-inicia-ruta-de-autobuses-para-sus-usuarios\/\"},\"wordCount\":363,\"commentCount\":0,\"publisher\":{\"@id\":\"https:\/\/caid.gob.do\/caid\/#organization\"},\"image\":{\"@id\":\"https:\/\/caid.gob.do\/caid\/caid-inicia-ruta-de-autobuses-para-sus-usuarios\/#primaryimage\"},\"thumbnailUrl\":\"https:\/\/caid.gob.do\/caid\/wp-content\/uploads\/Imagen-principal-scaled.jpg\",\"keywords\":[\"Santo Domingo\"],\"articleSection\":[\"Noticias\"],\"inLanguage\":\"es-DO\",\"potentialAction\":[{\"@type\":\"CommentAction\",\"name\":\"Comment\",\"target\":[\"https:\/\/caid.gob.do\/caid\/caid-inicia-ruta-de-autobuses-para-sus-usuarios\/#respond\"]}]},{\"@type\":\"WebPage\",\"@id\":\"https:\/\/caid.gob.do\/caid\/caid-inicia-ruta-de-autobuses-para-sus-usuarios\/\",\"url\":\"https:\/\/caid.gob.do\/caid\/caid-inicia-ruta-de-autobuses-para-sus-usuarios\/\",\"name\":\"CAID inicia ruta de autobuses para sus usuarios - CAID\",\"isPartOf\":{\"@id\":\"https:\/\/caid.gob.do\/caid\/#website\"},\"primaryImageOfPage\":{\"@id\":\"https:\/\/caid.gob.do\/caid\/caid-inicia-ruta-de-autobuses-para-sus-usuarios\/#primaryimage\"},\"image\":{\"@id\":\"https:\/\/caid.gob.do\/caid\/caid-inicia-ruta-de-autobuses-para-sus-usuarios\/#primaryimage\"},\"thumbnailUrl\":\"https:\/\/caid.gob.do\/caid\/wp-content\/uploads\/Imagen-principal-scaled.jpg\",\"datePublished\":\"2025-10-29T16:21:29+00:00\",\"dateModified\":\"2025-10-31T18:23:06+00:00\",\"breadcrumb\":{\"@id\":\"https:\/\/caid.gob.do\/caid\/caid-inicia-ruta-de-autobuses-para-sus-usuarios\/#breadcrumb\"},\"inLanguage\":\"es-DO\",\"potentialAction\":[{\"@type\":\"ReadAction\",\"target\":[\"https:\/\/caid.gob.do\/caid\/caid-inicia-ruta-de-autobuses-para-sus-usuarios\/\"]}]},{\"@type\":\"ImageObject\",\"inLanguage\":\"es-DO\",\"@id\":\"https:\/\/caid.gob.do\/caid\/caid-inicia-ruta-de-autobuses-para-sus-usuarios\/#primaryimage\",\"url\":\"https:\/\/caid.gob.do\/caid\/wp-content\/uploads\/Imagen-principal-scaled.jpg\",\"contentUrl\":\"https:\/\/caid.gob.do\/caid\/wp-content\/uploads\/Imagen-principal-scaled.jpg\",\"width\":2560,\"height\":2171},{\"@type\":\"BreadcrumbList\",\"@id\":\"https:\/\/caid.gob.do\/caid\/caid-inicia-ruta-de-autobuses-para-sus-usuarios\/#breadcrumb\",\"itemListElement\":[{\"@type\":\"ListItem\",\"position\":1,\"name\":\"Est\u00e1s aqu\u00ed:\",\"item\":\"https:\/\/caid.gob.do\/caid\/\"},{\"@type\":\"ListItem\",\"position\":2,\"name\":\"Noticias\",\"item\":\"https:\/\/caid.gob.do\/caid\/category\/noticias\/\"},{\"@type\":\"ListItem\",\"position\":3,\"name\":\"CAID inicia ruta de autobuses para sus usuarios\"}]},{\"@type\":\"WebSite\",\"@id\":\"https:\/\/caid.gob.do\/caid\/#website\",\"url\":\"https:\/\/caid.gob.do\/caid\/\",\"name\":\"CAID\",\"description\":\"Centro de Atenci\u00f3n Integral a la Discapacidad\",\"publisher\":{\"@id\":\"https:\/\/caid.gob.do\/caid\/#organization\"},\"potentialAction\":[{\"@type\":\"SearchAction\",\"target\":{\"@type\":\"EntryPoint\",\"urlTemplate\":\"https:\/\/caid.gob.do\/caid\/?s={search_term_string}\"},\"query-input\":{\"@type\":\"PropertyValueSpecification\",\"valueRequired\":true,\"valueName\":\"search_term_string\"}}],\"inLanguage\":\"es-DO\"},{\"@type\":\"Organization\",\"@id\":\"https:\/\/caid.gob.do\/caid\/#organization\",\"name\":\"Centro de Atenci\u00f3n Integral para la Discapacidad\",\"url\":\"https:\/\/caid.gob.do\/caid\/\",\"logo\":{\"@type\":\"ImageObject\",\"inLanguage\":\"es-DO\",\"@id\":\"https:\/\/caid.gob.do\/caid\/#\/schema\/logo\/image\/\",\"url\":\"https:\/\/caid.gob.do\/caid\/wp-content\/uploads\/CAID-LOGOS-EN-PNG_Mesa-de-trabajo-1-2-1024x505-1.png\",\"contentUrl\":\"https:\/\/caid.gob.do\/caid\/wp-content\/uploads\/CAID-LOGOS-EN-PNG_Mesa-de-trabajo-1-2-1024x505-1.png\",\"width\":1024,\"height\":505,\"caption\":\"Centro de Atenci\u00f3n Integral para la Discapacidad\"},\"image\":{\"@id\":\"https:\/\/caid.gob.do\/caid\/#\/schema\/logo\/image\/\"},\"sameAs\":[\"https:\/\/www.facebook.com\/redcaidrd\",\"https:\/\/x.com\/CAIDRDO\",\"https:\/\/www.instagram.com\/caidrd\/\",\"https:\/\/www.youtube.com\/channel\/UCLnt-fnRlxQdgJQwjgWkrCg\"]},{\"@type\":\"Person\",\"@id\":\"https:\/\/caid.gob.do\/caid\/#\/schema\/person\/525afe382593589065291ef6f470cbd8\",\"name\":\"Mariela Arias Mora\",\"image\":{\"@type\":\"ImageObject\",\"inLanguage\":\"es-DO\",\"@id\":\"https:\/\/caid.gob.do\/caid\/#\/schema\/person\/image\/\",\"url\":\"https:\/\/secure.gravatar.com\/avatar\/1b115711c47d73ed9fd99e20d278be2c6c6604a5d5a499f55ac165e1551473bd?s=96&d=mm&r=g\",\"contentUrl\":\"https:\/\/secure.gravatar.com\/avatar\/1b115711c47d73ed9fd99e20d278be2c6c6604a5d5a499f55ac165e1551473bd?s=96&d=mm&r=g\",\"caption\":\"Mariela Arias Mora\"},\"url\":\"https:\/\/caid.gob.do\/caid\/author\/m-arias\/\"}]}<\/script>\r\n<!-- \/ Yoast SEO plugin. -->","yoast_head_json":{"title":"CAID inicia ruta de autobuses para sus usuarios - CAID","robots":{"index":"index","follow":"follow","max-snippet":"max-snippet:-1","max-image-preview":"max-image-preview:large","max-video-preview":"max-video-preview:-1"},"canonical":"https:\/\/caid.gob.do\/caid\/caid-inicia-ruta-de-autobuses-para-sus-usuarios\/","og_locale":"es_ES","og_type":"article","og_title":"CAID inicia ruta de autobuses para sus usuarios - CAID","og_description":"Con el apoyo del Ministerio de Educaci\u00f3n (MINERD), el nuevo servicio busca eliminar las dificultades de las familias para llegar a los centros y garantizar la asistencia continua a las terapias.  Santo Domingo. - Con el objetivo de brindar un apoyo integral y eliminar una de las principales barreras para las familias, el Centro de Atenci\u00f3n Integral para la Discapacidad (CAID) puso en marcha este mi\u00e9rcoles el servicio de transporte TRAE, un servicio gratuito para los ni\u00f1os y ni\u00f1as usuarios de la instituci\u00f3n.","og_url":"https:\/\/caid.gob.do\/caid\/caid-inicia-ruta-de-autobuses-para-sus-usuarios\/","og_site_name":"CAID","article_publisher":"https:\/\/www.facebook.com\/redcaidrd","article_published_time":"2025-10-29T16:21:29+00:00","article_modified_time":"2025-10-31T18:23:06+00:00","og_image":[{"width":2560,"height":2171,"url":"https:\/\/caid.gob.do\/caid\/wp-content\/uploads\/Imagen-principal-scaled.jpg","type":"image\/jpeg"}],"author":"Mariela Arias Mora","twitter_card":"summary_large_image","twitter_creator":"@CAIDRDO","twitter_site":"@CAIDRDO","twitter_misc":{"Written by":"Mariela Arias Mora","Est. reading time":"2 minutos"},"schema":{"@context":"https:\/\/schema.org","@graph":[{"@type":"Article","@id":"https:\/\/caid.gob.do\/caid\/caid-inicia-ruta-de-autobuses-para-sus-usuarios\/#article","isPartOf":{"@id":"https:\/\/caid.gob.do\/caid\/caid-inicia-ruta-de-autobuses-para-sus-usuarios\/"},"author":{"name":"Mariela Arias Mora","@id":"https:\/\/caid.gob.do\/caid\/#\/schema\/person\/525afe382593589065291ef6f470cbd8"},"headline":"CAID inicia ruta de autobuses para sus usuarios","datePublished":"2025-10-29T16:21:29+00:00","dateModified":"2025-10-31T18:23:06+00:00","mainEntityOfPage":{"@id":"https:\/\/caid.gob.do\/caid\/caid-inicia-ruta-de-autobuses-para-sus-usuarios\/"},"wordCount":363,"commentCount":0,"publisher":{"@id":"https:\/\/caid.gob.do\/caid\/#organization"},"image":{"@id":"https:\/\/caid.gob.do\/caid\/caid-inicia-ruta-de-autobuses-para-sus-usuarios\/#primaryimage"},"thumbnailUrl":"https:\/\/caid.gob.do\/caid\/wp-content\/uploads\/Imagen-principal-scaled.jpg","keywords":["Santo Domingo"],"articleSection":["Noticias"],"inLanguage":"es-DO","potentialAction":[{"@type":"CommentAction","name":"Comment","target":["https:\/\/caid.gob.do\/caid\/caid-inicia-ruta-de-autobuses-para-sus-usuarios\/#respond"]}]},{"@type":"WebPage","@id":"https:\/\/caid.gob.do\/caid\/caid-inicia-ruta-de-autobuses-para-sus-usuarios\/","url":"https:\/\/caid.gob.do\/caid\/caid-inicia-ruta-de-autobuses-para-sus-usuarios\/","name":"CAID inicia ruta de autobuses para sus usuarios - CAID","isPartOf":{"@id":"https:\/\/caid.gob.do\/caid\/#website"},"primaryImageOfPage":{"@id":"https:\/\/caid.gob.do\/caid\/caid-inicia-ruta-de-autobuses-para-sus-usuarios\/#primaryimage"},"image":{"@id":"https:\/\/caid.gob.do\/caid\/caid-inicia-ruta-de-autobuses-para-sus-usuarios\/#primaryimage"},"thumbnailUrl":"https:\/\/caid.gob.do\/caid\/wp-content\/uploads\/Imagen-principal-scaled.jpg","datePublished":"2025-10-29T16:21:29+00:00","dateModified":"2025-10-31T18:23:06+00:00","breadcrumb":{"@id":"https:\/\/caid.gob.do\/caid\/caid-inicia-ruta-de-autobuses-para-sus-usuarios\/#breadcrumb"},"inLanguage":"es-DO","potentialAction":[{"@type":"ReadAction","target":["https:\/\/caid.gob.do\/caid\/caid-inicia-ruta-de-autobuses-para-sus-usuarios\/"]}]},{"@type":"ImageObject","inLanguage":"es-DO","@id":"https:\/\/caid.gob.do\/caid\/caid-inicia-ruta-de-autobuses-para-sus-usuarios\/#primaryimage","url":"https:\/\/caid.gob.do\/caid\/wp-content\/uploads\/Imagen-principal-scaled.jpg","contentUrl":"https:\/\/caid.gob.do\/caid\/wp-content\/uploads\/Imagen-principal-scaled.jpg","width":2560,"height":2171},{"@type":"BreadcrumbList","@id":"https:\/\/caid.gob.do\/caid\/caid-inicia-ruta-de-autobuses-para-sus-usuarios\/#breadcrumb","itemListElement":[{"@type":"ListItem","position":1,"name":"Est\u00e1s aqu\u00ed:","item":"https:\/\/caid.gob.do\/caid\/"},{"@type":"ListItem","position":2,"name":"Noticias","item":"https:\/\/caid.gob.do\/caid\/category\/noticias\/"},{"@type":"ListItem","position":3,"name":"CAID inicia ruta de autobuses para sus usuarios"}]},{"@type":"WebSite","@id":"https:\/\/caid.gob.do\/caid\/#website","url":"https:\/\/caid.gob.do\/caid\/","name":"CAID","description":"Centro de Atenci\u00f3n Integral a la Discapacidad","publisher":{"@id":"https:\/\/caid.gob.do\/caid\/#organization"},"potentialAction":[{"@type":"SearchAction","target":{"@type":"EntryPoint","urlTemplate":"https:\/\/caid.gob.do\/caid\/?s={search_term_string}"},"query-input":{"@type":"PropertyValueSpecification","valueRequired":true,"valueName":"search_term_string"}}],"inLanguage":"es-DO"},{"@type":"Organization","@id":"https:\/\/caid.gob.do\/caid\/#organization","name":"Centro de Atenci\u00f3n Integral para la Discapacidad","url":"https:\/\/caid.gob.do\/caid\/","logo":{"@type":"ImageObject","inLanguage":"es-DO","@id":"https:\/\/caid.gob.do\/caid\/#\/schema\/logo\/image\/","url":"https:\/\/caid.gob.do\/caid\/wp-content\/uploads\/CAID-LOGOS-EN-PNG_Mesa-de-trabajo-1-2-1024x505-1.png","contentUrl":"https:\/\/caid.gob.do\/caid\/wp-content\/uploads\/CAID-LOGOS-EN-PNG_Mesa-de-trabajo-1-2-1024x505-1.png","width":1024,"height":505,"caption":"Centro de Atenci\u00f3n Integral para la Discapacidad"},"image":{"@id":"https:\/\/caid.gob.do\/caid\/#\/schema\/logo\/image\/"},"sameAs":["https:\/\/www.facebook.com\/redcaidrd","https:\/\/x.com\/CAIDRDO","https:\/\/www.instagram.com\/caidrd\/","https:\/\/www.youtube.com\/channel\/UCLnt-fnRlxQdgJQwjgWkrCg"]},{"@type":"Person","@id":"https:\/\/caid.gob.do\/caid\/#\/schema\/person\/525afe382593589065291ef6f470cbd8","name":"Mariela Arias Mora","image":{"@type":"ImageObject","inLanguage":"es-DO","@id":"https:\/\/caid.gob.do\/caid\/#\/schema\/person\/image\/","url":"https:\/\/secure.gravatar.com\/avatar\/1b115711c47d73ed9fd99e20d278be2c6c6604a5d5a499f55ac165e1551473bd?s=96&d=mm&r=g","contentUrl":"https:\/\/secure.gravatar.com\/avatar\/1b115711c47d73ed9fd99e20d278be2c6c6604a5d5a499f55ac165e1551473bd?s=96&d=mm&r=g","caption":"Mariela Arias Mora"},"url":"https:\/\/caid.gob.do\/caid\/author\/m-arias\/"}]}},"jetpack_featured_media_url":"https:\/\/caid.gob.do\/caid\/wp-content\/uploads\/Imagen-principal-scaled.jpg","jetpack_sharing_enabled":true,"_links":{"self":[{"href":"https:\/\/caid.gob.do\/caid\/wp-json\/wp\/v2\/posts\/22877","targetHints":{"allow":["GET"]}}],"collection":[{"href":"https:\/\/caid.gob.do\/caid\/wp-json\/wp\/v2\/posts"}],"about":[{"href":"https:\/\/caid.gob.do\/caid\/wp-json\/wp\/v2\/types\/post"}],"author":[{"embeddable":true,"href":"https:\/\/caid.gob.do\/caid\/wp-json\/wp\/v2\/users\/13"}],"replies":[{"embeddable":true,"href":"https:\/\/caid.gob.do\/caid\/wp-json\/wp\/v2\/comments?post=22877"}],"version-history":[{"count":15,"href":"https:\/\/caid.gob.do\/caid\/wp-json\/wp\/v2\/posts\/22877\/revisions"}],"predecessor-version":[{"id":22894,"href":"https:\/\/caid.gob.do\/caid\/wp-json\/wp\/v2\/posts\/22877\/revisions\/22894"}],"wp:featuredmedia":[{"embeddable":true,"href":"https:\/\/caid.gob.do\/caid\/wp-json\/wp\/v2\/media\/22880"}],"wp:attachment":[{"href":"https:\/\/caid.gob.do\/caid\/wp-json\/wp\/v2\/media?parent=22877"}],"wp:term":[{"taxonomy":"category","embeddable":true,"href":"https:\/\/caid.gob.do\/caid\/wp-json\/wp\/v2\/categories?post=22877"},{"taxonomy":"post_tag","embeddable":true,"href":"https:\/\/caid.gob.do\/caid\/wp-json\/wp\/v2\/tags?post=22877"}],"curies":[{"name":"wp","href":"https:\/\/api.w.org\/{rel}","templated":true}]}}