{"id":22902,"date":"2025-11-06T13:50:53","date_gmt":"2025-11-06T17:50:53","guid":{"rendered":"https:\/\/caid.gob.do\/caid\/?p=22902"},"modified":"2025-11-25T12:28:16","modified_gmt":"2025-11-25T16:28:16","slug":"presidente-del-consejo-directivo-juramenta-al-doctor-fernando-benoit-como-director-nacional-del-caid-y-nuevos-directores-de-sede-para-santo-domingo-oeste-y-santiago","status":"publish","type":"post","link":"https:\/\/caid.gob.do\/caid\/presidente-del-consejo-directivo-juramenta-al-doctor-fernando-benoit-como-director-nacional-del-caid-y-nuevos-directores-de-sede-para-santo-domingo-oeste-y-santiago\/","title":{"rendered":"Presidente del Consejo Directivo juramenta al doctor Fernando Benoit como director nacional del CAID; y nuevos directores de sede para Santo Domingo Oeste y Santiago"},"content":{"rendered":"\t\t<div data-elementor-type=\"wp-post\" data-elementor-id=\"22902\" class=\"elementor elementor-22902\" data-elementor-post-type=\"post\">\n\t\t\t\t<div class=\"elementor-element elementor-element-1b1d5337 e-flex e-con-boxed e-con e-parent\" data-id=\"1b1d5337\" data-element_type=\"container\" data-e-type=\"container\">\n\t\t\t\t\t<div class=\"e-con-inner\">\n\t\t\t\t<div class=\"elementor-element elementor-element-4c0c9689 elementor-widget elementor-widget-text-editor\" data-id=\"4c0c9689\" data-element_type=\"widget\" data-e-type=\"widget\" data-widget_type=\"text-editor.default\">\n\t\t\t\t<div class=\"elementor-widget-container\">\n\t\t\t\t\t\t\t\t\t\n<p><em>La instituci\u00f3n tambi\u00e9n anunci\u00f3 la designaci\u00f3n de la licenciada Claudia Cuevas en la direcci\u00f3n de la sede de Santiago, y del doctor Edison Iriarte Rodr\u00edguez D\u00edaz como director de la sede de Santo Domingo Oeste.<\/em><\/p>\n<p><img loading=\"lazy\" decoding=\"async\" class=\"alignnone wp-image-22908 size-full\" src=\"https:\/\/caid.gob.do\/caid\/wp-content\/uploads\/Foto-secundaria-scaled.jpg\" alt=\"\" width=\"2560\" height=\"1440\" srcset=\"https:\/\/caid.gob.do\/caid\/wp-content\/uploads\/Foto-secundaria-scaled.jpg 2560w, https:\/\/caid.gob.do\/caid\/wp-content\/uploads\/Foto-secundaria-300x169.jpg 300w, https:\/\/caid.gob.do\/caid\/wp-content\/uploads\/Foto-secundaria-1024x576.jpg 1024w, https:\/\/caid.gob.do\/caid\/wp-content\/uploads\/Foto-secundaria-768x432.jpg 768w, https:\/\/caid.gob.do\/caid\/wp-content\/uploads\/Foto-secundaria-1536x864.jpg 1536w, https:\/\/caid.gob.do\/caid\/wp-content\/uploads\/Foto-secundaria-2048x1152.jpg 2048w\" sizes=\"auto, (max-width: 2560px) 100vw, 2560px\" \/><\/p>\n<p><strong>SANTO DOMINGO.<\/strong> \u2013 El Centro de Atenci\u00f3n Integral para la Discapacidad (CAID) anunci\u00f3 este jueves la designaci\u00f3n del doctor Fernando Jos\u00e9 Benoit Pe\u00f1a como su nuevo director nacional, quien se desempe\u00f1aba como director de la sede de Santiago desde agosto de 2021. Sucede en el cargo a Henry Rosa Polanco.<\/p>\n<p>La instituci\u00f3n tambi\u00e9n fortaleci\u00f3 su estructura directiva con el nombramiento, a trav\u00e9s del decreto No.575-25, de la licenciada Claudia Cuevas Coelho en la direcci\u00f3n de la sede de Santiago, y del doctor Edison Iriarte Rodr\u00edguez D\u00edaz como director de la sede de Santo Domingo Oeste.<\/p>\n<p>Al hacer el anuncio, el padre Jorge William Hern\u00e1ndez, presidente del Consejo Directivo, destac\u00f3 la \"admirable eficiencia\" de Benoit Pe\u00f1a al frente de la sede santiaguera. \"Su proactividad y compromiso con la misi\u00f3n del CAID le ha ganado el respeto de la poblaci\u00f3n usuaria y de la opini\u00f3n p\u00fablica, que reconoce la calidad profesional, pero tambi\u00e9n humana, de la atenci\u00f3n ofrecida\", afirm\u00f3.<\/p>\n<p>La carrera del nuevo director nacional est\u00e1 marcada por una s\u00f3lida formaci\u00f3n y un enfoque comunitario. Es m\u00e9dico ortopeda egresado de la PUCMM (2001) y su compromiso se evidenci\u00f3 desde sus inicios, al realizar su pasant\u00eda de ley en la comunidad del pico Diego de Ocampo.<\/p>\n<p>Su especializaci\u00f3n incluye residencia m\u00e9dica en el Hospital Cabral y B\u00e1ez (2005), especializaci\u00f3n en cirug\u00eda de rodilla y medicina deportiva en el Hospital Edgrand Rebagliati Martins de Lima, Per\u00fa (2009), cursos de posgrado en la Escuela de Salud P\u00fablica TH Chan de la Universidad de Harvard.<\/p>\n<p><img loading=\"lazy\" decoding=\"async\" class=\"aligncenter wp-image-22904 size-full\" src=\"https:\/\/caid.gob.do\/caid\/wp-content\/uploads\/Foto-principal-scaled.jpg\" alt=\"\" width=\"2560\" height=\"1297\" srcset=\"https:\/\/caid.gob.do\/caid\/wp-content\/uploads\/Foto-principal-scaled.jpg 2560w, https:\/\/caid.gob.do\/caid\/wp-content\/uploads\/Foto-principal-300x152.jpg 300w, https:\/\/caid.gob.do\/caid\/wp-content\/uploads\/Foto-principal-1024x519.jpg 1024w, https:\/\/caid.gob.do\/caid\/wp-content\/uploads\/Foto-principal-768x389.jpg 768w, https:\/\/caid.gob.do\/caid\/wp-content\/uploads\/Foto-principal-1536x778.jpg 1536w, https:\/\/caid.gob.do\/caid\/wp-content\/uploads\/Foto-principal-2048x1037.jpg 2048w\" sizes=\"auto, (max-width: 2560px) 100vw, 2560px\" \/><\/p>\n<p>Adem\u00e1s, es miembro activo de sociedades m\u00e9dicas internacionales de renombre como la Sociedad Internacional de Artroscopia, Cirug\u00eda de Rodilla y Medicina Deportiva Ortop\u00e9dica (ISAKOS), la Academia Estadounidense de Cirujanos Ortop\u00e9dicos (AAOS) y la Asociaci\u00f3n de Artroscopia de Am\u00e9rica del Norte (AANA).<\/p>\n<p>Logros y visi\u00f3n de futuro<\/p>\n<p>Bajo su liderazgo en Santiago, se implement\u00f3 con \u00e9xito el Nuevo Modelo de Atenci\u00f3n y Servicios (N-MAS), una iniciativa que ampli\u00f3 significativamente la cobertura mediante horarios extendidos y terapia grupal los s\u00e1bados, facilitando el acceso a las familias.<\/p>\n<p>Al aceptar el cargo, Benoit Pe\u00f1a dijo que asume este nuevo reto \u201ccon la plena conciencia del impacto social del CAID. Brindar a nuestros ni\u00f1os y ni\u00f1as con discapacidad la posibilidad de desarrollar al m\u00e1ximo su potencial es un desaf\u00edo que enfrentamos con la decisi\u00f3n de elevar de manera sostenida los est\u00e1ndares de calidad\".<\/p>\n<p>Con estas nuevas designaciones, el CAID refuerza su compromiso con la excelencia y la innovaci\u00f3n en la atenci\u00f3n a ni\u00f1os y ni\u00f1as con condiciones como s\u00edndrome de Down, trastorno del espectro autista y par\u00e1lisis cerebral.<\/p>\n<p><style>\n.wp-image-20683 {width:100%}\n<\/style><\/p>\n\t\t\t\t\t\t\t\t<\/div>\n\t\t\t\t<\/div>\n\t\t\t\t\t<\/div>\n\t\t\t\t<\/div>\n\t\t<div class=\"elementor-element elementor-element-b031e4f e-flex e-con-boxed e-con e-parent\" data-id=\"b031e4f\" data-element_type=\"container\" data-e-type=\"container\">\n\t\t\t\t\t<div class=\"e-con-inner\">\n\t\t\t\t<div class=\"elementor-element elementor-element-1c3cbd7 elementor--h-position-center elementor--v-position-middle elementor-arrows-position-inside elementor-pagination-position-inside elementor-widget elementor-widget-slides\" data-id=\"1c3cbd7\" data-element_type=\"widget\" data-e-type=\"widget\" data-settings=\"{&quot;navigation&quot;:&quot;both&quot;,&quot;autoplay&quot;:&quot;yes&quot;,&quot;pause_on_hover&quot;:&quot;yes&quot;,&quot;pause_on_interaction&quot;:&quot;yes&quot;,&quot;autoplay_speed&quot;:5000,&quot;infinite&quot;:&quot;yes&quot;,&quot;transition&quot;:&quot;slide&quot;,&quot;transition_speed&quot;:500}\" data-widget_type=\"slides.default\">\n\t\t\t\t<div class=\"elementor-widget-container\">\n\t\t\t\t\t\t\t\t\t<div class=\"elementor-swiper\">\n\t\t\t\t\t<div class=\"elementor-slides-wrapper elementor-main-swiper swiper\" role=\"region\" aria-roledescription=\"carousel\" aria-label=\"Slides\" dir=\"ltr\" data-animation=\"fadeInUp\">\n\t\t\t\t<div class=\"swiper-wrapper elementor-slides\">\n\t\t\t\t\t\t\t\t\t\t<div class=\"elementor-repeater-item-6dc8b7c swiper-slide\" role=\"group\" aria-roledescription=\"slide\"><div class=\"swiper-slide-bg\" role=\"img\"><\/div><div class=\"swiper-slide-inner\" ><div class=\"swiper-slide-contents\"><\/div><\/div><\/div><div class=\"elementor-repeater-item-50797a3 swiper-slide\" role=\"group\" aria-roledescription=\"slide\"><div class=\"swiper-slide-bg\" role=\"img\"><\/div><div class=\"swiper-slide-inner\" ><div class=\"swiper-slide-contents\"><\/div><\/div><\/div><div class=\"elementor-repeater-item-e432c69 swiper-slide\" role=\"group\" aria-roledescription=\"slide\"><div class=\"swiper-slide-bg\" role=\"img\"><\/div><div class=\"swiper-slide-inner\" ><div class=\"swiper-slide-contents\"><\/div><\/div><\/div><div class=\"elementor-repeater-item-85dec2f swiper-slide\" role=\"group\" aria-roledescription=\"slide\"><div class=\"swiper-slide-bg\" role=\"img\"><\/div><div class=\"swiper-slide-inner\" ><div class=\"swiper-slide-contents\"><\/div><\/div><\/div><div class=\"elementor-repeater-item-98b30ff swiper-slide\" role=\"group\" aria-roledescription=\"slide\"><div class=\"swiper-slide-bg\" role=\"img\"><\/div><div class=\"swiper-slide-inner\" ><div class=\"swiper-slide-contents\"><\/div><\/div><\/div><div class=\"elementor-repeater-item-17c0645 swiper-slide\" role=\"group\" aria-roledescription=\"slide\"><div class=\"swiper-slide-bg\" role=\"img\"><\/div><div class=\"swiper-slide-inner\" ><div class=\"swiper-slide-contents\"><\/div><\/div><\/div><div class=\"elementor-repeater-item-f35da01 swiper-slide\" role=\"group\" aria-roledescription=\"slide\"><div class=\"swiper-slide-bg\" role=\"img\"><\/div><div class=\"swiper-slide-inner\" ><div class=\"swiper-slide-contents\"><\/div><\/div><\/div><div class=\"elementor-repeater-item-cb309e6 swiper-slide\" role=\"group\" aria-roledescription=\"slide\"><div class=\"swiper-slide-bg\" role=\"img\"><\/div><div class=\"swiper-slide-inner\" ><div class=\"swiper-slide-contents\"><\/div><\/div><\/div>\t\t\t\t<\/div>\n\t\t\t\t\t\t\t\t\t\t\t\t\t\t\t<div class=\"elementor-swiper-button elementor-swiper-button-prev\" role=\"button\" tabindex=\"0\" aria-label=\"Previous slide\">\n\t\t\t\t\t\t\t<i aria-hidden=\"true\" class=\"eicon-chevron-left\"><\/i>\t\t\t\t\t\t<\/div>\n\t\t\t\t\t\t<div class=\"elementor-swiper-button elementor-swiper-button-next\" role=\"button\" tabindex=\"0\" aria-label=\"Next slide\">\n\t\t\t\t\t\t\t<i aria-hidden=\"true\" class=\"eicon-chevron-right\"><\/i>\t\t\t\t\t\t<\/div>\n\t\t\t\t\t\t\t\t\t\t\t\t\t\t\t\t<div class=\"swiper-pagination\"><\/div>\n\t\t\t\t\t\t\t\t\t\t\t\t<\/div>\n\t\t\t\t<\/div>\n\t\t\t\t\t\t\t\t<\/div>\n\t\t\t\t<\/div>\n\t\t\t\t\t<\/div>\n\t\t\t\t<\/div>\n\t\t\t\t<\/div>\n\t\t","protected":false},"excerpt":{"rendered":"<p>La instituci\u00f3n tambi\u00e9n anunci\u00f3 la designaci\u00f3n de la licenciada Claudia Cuevas  en la direcci\u00f3n de la sede de Santiago, y del doctor Edison Iriarte Rodr\u00edguez D\u00edaz como director de la sede de Santo Domingo Oeste.<\/p>\n<p>SANTO DOMINGO. &#8211; El Centro de Atenci\u00f3n Integral para la Discapacidad (CAID) anunci\u00f3 este jueves la designaci\u00f3n del doctor Fernando Jos\u00e9 Benoit Pe\u00f1a como su nuevo director nacional, quien se desempe\u00f1aba como director de la sede de Santiago desde agosto de 2021.  Sucede en el cargo a Henry Rosa Polanco.<\/p>\n","protected":false},"author":13,"featured_media":22908,"comment_status":"open","ping_status":"open","sticky":false,"template":"","format":"standard","meta":{"_acf_changed":false,"_jetpack_memberships_contains_paid_content":false,"footnotes":""},"categories":[3,38],"tags":[50],"class_list":["post-22902","post","type-post","status-publish","format-standard","has-post-thumbnail","hentry","category-noticias","category-noticias-destacadas","tag-santo-domingo"],"acf":[],"yoast_head":"<!-- This site is optimized with the Yoast SEO plugin v27.0 - https:\/\/yoast.com\/product\/yoast-seo-wordpress\/ -->\r\n<title>Presidente del Consejo Directivo juramenta al doctor Fernando Benoit como director nacional del CAID; y nuevos directores de sede para Santo Domingo Oeste y Santiago - CAID<\/title>\r\n<meta name=\"robots\" content=\"index, follow, max-snippet:-1, max-image-preview:large, max-video-preview:-1\" \/>\r\n<link rel=\"canonical\" href=\"https:\/\/caid.gob.do\/caid\/presidente-del-consejo-directivo-juramenta-al-doctor-fernando-benoit-como-director-nacional-del-caid-y-nuevos-directores-de-sede-para-santo-domingo-oeste-y-santiago\/\" \/>\r\n<meta property=\"og:locale\" content=\"es_ES\" \/>\r\n<meta property=\"og:type\" content=\"article\" \/>\r\n<meta property=\"og:title\" content=\"Presidente del Consejo Directivo juramenta al doctor Fernando Benoit como director nacional del CAID; y nuevos directores de sede para Santo Domingo Oeste y Santiago - CAID\" \/>\r\n<meta property=\"og:description\" content=\"La instituci\u00f3n tambi\u00e9n anunci\u00f3 la designaci\u00f3n de la licenciada Claudia Cuevas en la direcci\u00f3n de la sede de Santiago, y del doctor Edison Iriarte Rodr\u00edguez D\u00edaz como director de la sede de Santo Domingo Oeste. SANTO DOMINGO. - El Centro de Atenci\u00f3n Integral para la Discapacidad (CAID) anunci\u00f3 este jueves la designaci\u00f3n del doctor Fernando Jos\u00e9 Benoit Pe\u00f1a como su nuevo director nacional, quien se desempe\u00f1aba como director de la sede de Santiago desde agosto de 2021. Sucede en el cargo a Henry Rosa Polanco.\" \/>\r\n<meta property=\"og:url\" content=\"https:\/\/caid.gob.do\/caid\/presidente-del-consejo-directivo-juramenta-al-doctor-fernando-benoit-como-director-nacional-del-caid-y-nuevos-directores-de-sede-para-santo-domingo-oeste-y-santiago\/\" \/>\r\n<meta property=\"og:site_name\" content=\"CAID\" \/>\r\n<meta property=\"article:publisher\" content=\"https:\/\/www.facebook.com\/redcaidrd\" \/>\r\n<meta property=\"article:published_time\" content=\"2025-11-06T17:50:53+00:00\" \/>\r\n<meta property=\"article:modified_time\" content=\"2025-11-25T16:28:16+00:00\" \/>\r\n<meta property=\"og:image\" content=\"https:\/\/caid.gob.do\/caid\/wp-content\/uploads\/Foto-secundaria-scaled.jpg\" \/>\r\n\t<meta property=\"og:image:width\" content=\"2560\" \/>\r\n\t<meta property=\"og:image:height\" content=\"1440\" \/>\r\n\t<meta property=\"og:image:type\" content=\"image\/jpeg\" \/>\r\n<meta name=\"author\" content=\"Mariela Arias Mora\" \/>\r\n<meta name=\"twitter:card\" content=\"summary_large_image\" \/>\r\n<meta name=\"twitter:creator\" content=\"@CAIDRDO\" \/>\r\n<meta name=\"twitter:site\" content=\"@CAIDRDO\" \/>\r\n<meta name=\"twitter:label1\" content=\"Written by\" \/>\n\t<meta name=\"twitter:data1\" content=\"Mariela Arias Mora\" \/>\n\t<meta name=\"twitter:label2\" content=\"Est. reading time\" \/>\n\t<meta name=\"twitter:data2\" content=\"3 minutos\" \/>\r\n<script type=\"application\/ld+json\" class=\"yoast-schema-graph\">{\"@context\":\"https:\/\/schema.org\",\"@graph\":[{\"@type\":\"Article\",\"@id\":\"https:\/\/caid.gob.do\/caid\/presidente-del-consejo-directivo-juramenta-al-doctor-fernando-benoit-como-director-nacional-del-caid-y-nuevos-directores-de-sede-para-santo-domingo-oeste-y-santiago\/#article\",\"isPartOf\":{\"@id\":\"https:\/\/caid.gob.do\/caid\/presidente-del-consejo-directivo-juramenta-al-doctor-fernando-benoit-como-director-nacional-del-caid-y-nuevos-directores-de-sede-para-santo-domingo-oeste-y-santiago\/\"},\"author\":{\"name\":\"Mariela Arias Mora\",\"@id\":\"https:\/\/caid.gob.do\/caid\/#\/schema\/person\/525afe382593589065291ef6f470cbd8\"},\"headline\":\"Presidente del Consejo Directivo juramenta al doctor Fernando Benoit como director nacional del CAID; y nuevos directores de sede para Santo Domingo Oeste y Santiago\",\"datePublished\":\"2025-11-06T17:50:53+00:00\",\"dateModified\":\"2025-11-25T16:28:16+00:00\",\"mainEntityOfPage\":{\"@id\":\"https:\/\/caid.gob.do\/caid\/presidente-del-consejo-directivo-juramenta-al-doctor-fernando-benoit-como-director-nacional-del-caid-y-nuevos-directores-de-sede-para-santo-domingo-oeste-y-santiago\/\"},\"wordCount\":535,\"commentCount\":0,\"publisher\":{\"@id\":\"https:\/\/caid.gob.do\/caid\/#organization\"},\"image\":{\"@id\":\"https:\/\/caid.gob.do\/caid\/presidente-del-consejo-directivo-juramenta-al-doctor-fernando-benoit-como-director-nacional-del-caid-y-nuevos-directores-de-sede-para-santo-domingo-oeste-y-santiago\/#primaryimage\"},\"thumbnailUrl\":\"https:\/\/caid.gob.do\/caid\/wp-content\/uploads\/Foto-secundaria-scaled.jpg\",\"keywords\":[\"Santo Domingo\"],\"articleSection\":[\"Noticias\",\"Noticias Destacadas\"],\"inLanguage\":\"es-DO\",\"potentialAction\":[{\"@type\":\"CommentAction\",\"name\":\"Comment\",\"target\":[\"https:\/\/caid.gob.do\/caid\/presidente-del-consejo-directivo-juramenta-al-doctor-fernando-benoit-como-director-nacional-del-caid-y-nuevos-directores-de-sede-para-santo-domingo-oeste-y-santiago\/#respond\"]}]},{\"@type\":\"WebPage\",\"@id\":\"https:\/\/caid.gob.do\/caid\/presidente-del-consejo-directivo-juramenta-al-doctor-fernando-benoit-como-director-nacional-del-caid-y-nuevos-directores-de-sede-para-santo-domingo-oeste-y-santiago\/\",\"url\":\"https:\/\/caid.gob.do\/caid\/presidente-del-consejo-directivo-juramenta-al-doctor-fernando-benoit-como-director-nacional-del-caid-y-nuevos-directores-de-sede-para-santo-domingo-oeste-y-santiago\/\",\"name\":\"Presidente del Consejo Directivo juramenta al doctor Fernando Benoit como director nacional del CAID; y nuevos directores de sede para Santo Domingo Oeste y Santiago - CAID\",\"isPartOf\":{\"@id\":\"https:\/\/caid.gob.do\/caid\/#website\"},\"primaryImageOfPage\":{\"@id\":\"https:\/\/caid.gob.do\/caid\/presidente-del-consejo-directivo-juramenta-al-doctor-fernando-benoit-como-director-nacional-del-caid-y-nuevos-directores-de-sede-para-santo-domingo-oeste-y-santiago\/#primaryimage\"},\"image\":{\"@id\":\"https:\/\/caid.gob.do\/caid\/presidente-del-consejo-directivo-juramenta-al-doctor-fernando-benoit-como-director-nacional-del-caid-y-nuevos-directores-de-sede-para-santo-domingo-oeste-y-santiago\/#primaryimage\"},\"thumbnailUrl\":\"https:\/\/caid.gob.do\/caid\/wp-content\/uploads\/Foto-secundaria-scaled.jpg\",\"datePublished\":\"2025-11-06T17:50:53+00:00\",\"dateModified\":\"2025-11-25T16:28:16+00:00\",\"breadcrumb\":{\"@id\":\"https:\/\/caid.gob.do\/caid\/presidente-del-consejo-directivo-juramenta-al-doctor-fernando-benoit-como-director-nacional-del-caid-y-nuevos-directores-de-sede-para-santo-domingo-oeste-y-santiago\/#breadcrumb\"},\"inLanguage\":\"es-DO\",\"potentialAction\":[{\"@type\":\"ReadAction\",\"target\":[\"https:\/\/caid.gob.do\/caid\/presidente-del-consejo-directivo-juramenta-al-doctor-fernando-benoit-como-director-nacional-del-caid-y-nuevos-directores-de-sede-para-santo-domingo-oeste-y-santiago\/\"]}]},{\"@type\":\"ImageObject\",\"inLanguage\":\"es-DO\",\"@id\":\"https:\/\/caid.gob.do\/caid\/presidente-del-consejo-directivo-juramenta-al-doctor-fernando-benoit-como-director-nacional-del-caid-y-nuevos-directores-de-sede-para-santo-domingo-oeste-y-santiago\/#primaryimage\",\"url\":\"https:\/\/caid.gob.do\/caid\/wp-content\/uploads\/Foto-secundaria-scaled.jpg\",\"contentUrl\":\"https:\/\/caid.gob.do\/caid\/wp-content\/uploads\/Foto-secundaria-scaled.jpg\",\"width\":2560,\"height\":1440},{\"@type\":\"BreadcrumbList\",\"@id\":\"https:\/\/caid.gob.do\/caid\/presidente-del-consejo-directivo-juramenta-al-doctor-fernando-benoit-como-director-nacional-del-caid-y-nuevos-directores-de-sede-para-santo-domingo-oeste-y-santiago\/#breadcrumb\",\"itemListElement\":[{\"@type\":\"ListItem\",\"position\":1,\"name\":\"Est\u00e1s aqu\u00ed:\",\"item\":\"https:\/\/caid.gob.do\/caid\/\"},{\"@type\":\"ListItem\",\"position\":2,\"name\":\"Noticias\",\"item\":\"https:\/\/caid.gob.do\/caid\/category\/noticias\/\"},{\"@type\":\"ListItem\",\"position\":3,\"name\":\"Presidente del Consejo Directivo juramenta al doctor Fernando Benoit como director nacional del CAID; y nuevos directores de sede para Santo Domingo Oeste y Santiago\"}]},{\"@type\":\"WebSite\",\"@id\":\"https:\/\/caid.gob.do\/caid\/#website\",\"url\":\"https:\/\/caid.gob.do\/caid\/\",\"name\":\"CAID\",\"description\":\"Centro de Atenci\u00f3n Integral a la Discapacidad\",\"publisher\":{\"@id\":\"https:\/\/caid.gob.do\/caid\/#organization\"},\"potentialAction\":[{\"@type\":\"SearchAction\",\"target\":{\"@type\":\"EntryPoint\",\"urlTemplate\":\"https:\/\/caid.gob.do\/caid\/?s={search_term_string}\"},\"query-input\":{\"@type\":\"PropertyValueSpecification\",\"valueRequired\":true,\"valueName\":\"search_term_string\"}}],\"inLanguage\":\"es-DO\"},{\"@type\":\"Organization\",\"@id\":\"https:\/\/caid.gob.do\/caid\/#organization\",\"name\":\"Centro de Atenci\u00f3n Integral para la Discapacidad\",\"url\":\"https:\/\/caid.gob.do\/caid\/\",\"logo\":{\"@type\":\"ImageObject\",\"inLanguage\":\"es-DO\",\"@id\":\"https:\/\/caid.gob.do\/caid\/#\/schema\/logo\/image\/\",\"url\":\"https:\/\/caid.gob.do\/caid\/wp-content\/uploads\/CAID-LOGOS-EN-PNG_Mesa-de-trabajo-1-2-1024x505-1.png\",\"contentUrl\":\"https:\/\/caid.gob.do\/caid\/wp-content\/uploads\/CAID-LOGOS-EN-PNG_Mesa-de-trabajo-1-2-1024x505-1.png\",\"width\":1024,\"height\":505,\"caption\":\"Centro de Atenci\u00f3n Integral para la Discapacidad\"},\"image\":{\"@id\":\"https:\/\/caid.gob.do\/caid\/#\/schema\/logo\/image\/\"},\"sameAs\":[\"https:\/\/www.facebook.com\/redcaidrd\",\"https:\/\/x.com\/CAIDRDO\",\"https:\/\/www.instagram.com\/caidrd\/\",\"https:\/\/www.youtube.com\/channel\/UCLnt-fnRlxQdgJQwjgWkrCg\"]},{\"@type\":\"Person\",\"@id\":\"https:\/\/caid.gob.do\/caid\/#\/schema\/person\/525afe382593589065291ef6f470cbd8\",\"name\":\"Mariela Arias Mora\",\"image\":{\"@type\":\"ImageObject\",\"inLanguage\":\"es-DO\",\"@id\":\"https:\/\/caid.gob.do\/caid\/#\/schema\/person\/image\/\",\"url\":\"https:\/\/secure.gravatar.com\/avatar\/1b115711c47d73ed9fd99e20d278be2c6c6604a5d5a499f55ac165e1551473bd?s=96&d=mm&r=g\",\"contentUrl\":\"https:\/\/secure.gravatar.com\/avatar\/1b115711c47d73ed9fd99e20d278be2c6c6604a5d5a499f55ac165e1551473bd?s=96&d=mm&r=g\",\"caption\":\"Mariela Arias Mora\"},\"url\":\"https:\/\/caid.gob.do\/caid\/author\/m-arias\/\"}]}<\/script>\r\n<!-- \/ Yoast SEO plugin. -->","yoast_head_json":{"title":"Presidente del Consejo Directivo juramenta al doctor Fernando Benoit como director nacional del CAID; y nuevos directores de sede para Santo Domingo Oeste y Santiago - CAID","robots":{"index":"index","follow":"follow","max-snippet":"max-snippet:-1","max-image-preview":"max-image-preview:large","max-video-preview":"max-video-preview:-1"},"canonical":"https:\/\/caid.gob.do\/caid\/presidente-del-consejo-directivo-juramenta-al-doctor-fernando-benoit-como-director-nacional-del-caid-y-nuevos-directores-de-sede-para-santo-domingo-oeste-y-santiago\/","og_locale":"es_ES","og_type":"article","og_title":"Presidente del Consejo Directivo juramenta al doctor Fernando Benoit como director nacional del CAID; y nuevos directores de sede para Santo Domingo Oeste y Santiago - CAID","og_description":"La instituci\u00f3n tambi\u00e9n anunci\u00f3 la designaci\u00f3n de la licenciada Claudia Cuevas en la direcci\u00f3n de la sede de Santiago, y del doctor Edison Iriarte Rodr\u00edguez D\u00edaz como director de la sede de Santo Domingo Oeste. SANTO DOMINGO. - El Centro de Atenci\u00f3n Integral para la Discapacidad (CAID) anunci\u00f3 este jueves la designaci\u00f3n del doctor Fernando Jos\u00e9 Benoit Pe\u00f1a como su nuevo director nacional, quien se desempe\u00f1aba como director de la sede de Santiago desde agosto de 2021. Sucede en el cargo a Henry Rosa Polanco.","og_url":"https:\/\/caid.gob.do\/caid\/presidente-del-consejo-directivo-juramenta-al-doctor-fernando-benoit-como-director-nacional-del-caid-y-nuevos-directores-de-sede-para-santo-domingo-oeste-y-santiago\/","og_site_name":"CAID","article_publisher":"https:\/\/www.facebook.com\/redcaidrd","article_published_time":"2025-11-06T17:50:53+00:00","article_modified_time":"2025-11-25T16:28:16+00:00","og_image":[{"width":2560,"height":1440,"url":"https:\/\/caid.gob.do\/caid\/wp-content\/uploads\/Foto-secundaria-scaled.jpg","type":"image\/jpeg"}],"author":"Mariela Arias Mora","twitter_card":"summary_large_image","twitter_creator":"@CAIDRDO","twitter_site":"@CAIDRDO","twitter_misc":{"Written by":"Mariela Arias Mora","Est. reading time":"3 minutos"},"schema":{"@context":"https:\/\/schema.org","@graph":[{"@type":"Article","@id":"https:\/\/caid.gob.do\/caid\/presidente-del-consejo-directivo-juramenta-al-doctor-fernando-benoit-como-director-nacional-del-caid-y-nuevos-directores-de-sede-para-santo-domingo-oeste-y-santiago\/#article","isPartOf":{"@id":"https:\/\/caid.gob.do\/caid\/presidente-del-consejo-directivo-juramenta-al-doctor-fernando-benoit-como-director-nacional-del-caid-y-nuevos-directores-de-sede-para-santo-domingo-oeste-y-santiago\/"},"author":{"name":"Mariela Arias Mora","@id":"https:\/\/caid.gob.do\/caid\/#\/schema\/person\/525afe382593589065291ef6f470cbd8"},"headline":"Presidente del Consejo Directivo juramenta al doctor Fernando Benoit como director nacional del CAID; y nuevos directores de sede para Santo Domingo Oeste y Santiago","datePublished":"2025-11-06T17:50:53+00:00","dateModified":"2025-11-25T16:28:16+00:00","mainEntityOfPage":{"@id":"https:\/\/caid.gob.do\/caid\/presidente-del-consejo-directivo-juramenta-al-doctor-fernando-benoit-como-director-nacional-del-caid-y-nuevos-directores-de-sede-para-santo-domingo-oeste-y-santiago\/"},"wordCount":535,"commentCount":0,"publisher":{"@id":"https:\/\/caid.gob.do\/caid\/#organization"},"image":{"@id":"https:\/\/caid.gob.do\/caid\/presidente-del-consejo-directivo-juramenta-al-doctor-fernando-benoit-como-director-nacional-del-caid-y-nuevos-directores-de-sede-para-santo-domingo-oeste-y-santiago\/#primaryimage"},"thumbnailUrl":"https:\/\/caid.gob.do\/caid\/wp-content\/uploads\/Foto-secundaria-scaled.jpg","keywords":["Santo Domingo"],"articleSection":["Noticias","Noticias Destacadas"],"inLanguage":"es-DO","potentialAction":[{"@type":"CommentAction","name":"Comment","target":["https:\/\/caid.gob.do\/caid\/presidente-del-consejo-directivo-juramenta-al-doctor-fernando-benoit-como-director-nacional-del-caid-y-nuevos-directores-de-sede-para-santo-domingo-oeste-y-santiago\/#respond"]}]},{"@type":"WebPage","@id":"https:\/\/caid.gob.do\/caid\/presidente-del-consejo-directivo-juramenta-al-doctor-fernando-benoit-como-director-nacional-del-caid-y-nuevos-directores-de-sede-para-santo-domingo-oeste-y-santiago\/","url":"https:\/\/caid.gob.do\/caid\/presidente-del-consejo-directivo-juramenta-al-doctor-fernando-benoit-como-director-nacional-del-caid-y-nuevos-directores-de-sede-para-santo-domingo-oeste-y-santiago\/","name":"Presidente del Consejo Directivo juramenta al doctor Fernando Benoit como director nacional del CAID; y nuevos directores de sede para Santo Domingo Oeste y Santiago - CAID","isPartOf":{"@id":"https:\/\/caid.gob.do\/caid\/#website"},"primaryImageOfPage":{"@id":"https:\/\/caid.gob.do\/caid\/presidente-del-consejo-directivo-juramenta-al-doctor-fernando-benoit-como-director-nacional-del-caid-y-nuevos-directores-de-sede-para-santo-domingo-oeste-y-santiago\/#primaryimage"},"image":{"@id":"https:\/\/caid.gob.do\/caid\/presidente-del-consejo-directivo-juramenta-al-doctor-fernando-benoit-como-director-nacional-del-caid-y-nuevos-directores-de-sede-para-santo-domingo-oeste-y-santiago\/#primaryimage"},"thumbnailUrl":"https:\/\/caid.gob.do\/caid\/wp-content\/uploads\/Foto-secundaria-scaled.jpg","datePublished":"2025-11-06T17:50:53+00:00","dateModified":"2025-11-25T16:28:16+00:00","breadcrumb":{"@id":"https:\/\/caid.gob.do\/caid\/presidente-del-consejo-directivo-juramenta-al-doctor-fernando-benoit-como-director-nacional-del-caid-y-nuevos-directores-de-sede-para-santo-domingo-oeste-y-santiago\/#breadcrumb"},"inLanguage":"es-DO","potentialAction":[{"@type":"ReadAction","target":["https:\/\/caid.gob.do\/caid\/presidente-del-consejo-directivo-juramenta-al-doctor-fernando-benoit-como-director-nacional-del-caid-y-nuevos-directores-de-sede-para-santo-domingo-oeste-y-santiago\/"]}]},{"@type":"ImageObject","inLanguage":"es-DO","@id":"https:\/\/caid.gob.do\/caid\/presidente-del-consejo-directivo-juramenta-al-doctor-fernando-benoit-como-director-nacional-del-caid-y-nuevos-directores-de-sede-para-santo-domingo-oeste-y-santiago\/#primaryimage","url":"https:\/\/caid.gob.do\/caid\/wp-content\/uploads\/Foto-secundaria-scaled.jpg","contentUrl":"https:\/\/caid.gob.do\/caid\/wp-content\/uploads\/Foto-secundaria-scaled.jpg","width":2560,"height":1440},{"@type":"BreadcrumbList","@id":"https:\/\/caid.gob.do\/caid\/presidente-del-consejo-directivo-juramenta-al-doctor-fernando-benoit-como-director-nacional-del-caid-y-nuevos-directores-de-sede-para-santo-domingo-oeste-y-santiago\/#breadcrumb","itemListElement":[{"@type":"ListItem","position":1,"name":"Est\u00e1s aqu\u00ed:","item":"https:\/\/caid.gob.do\/caid\/"},{"@type":"ListItem","position":2,"name":"Noticias","item":"https:\/\/caid.gob.do\/caid\/category\/noticias\/"},{"@type":"ListItem","position":3,"name":"Presidente del Consejo Directivo juramenta al doctor Fernando Benoit como director nacional del CAID; y nuevos directores de sede para Santo Domingo Oeste y Santiago"}]},{"@type":"WebSite","@id":"https:\/\/caid.gob.do\/caid\/#website","url":"https:\/\/caid.gob.do\/caid\/","name":"CAID","description":"Centro de Atenci\u00f3n Integral a la Discapacidad","publisher":{"@id":"https:\/\/caid.gob.do\/caid\/#organization"},"potentialAction":[{"@type":"SearchAction","target":{"@type":"EntryPoint","urlTemplate":"https:\/\/caid.gob.do\/caid\/?s={search_term_string}"},"query-input":{"@type":"PropertyValueSpecification","valueRequired":true,"valueName":"search_term_string"}}],"inLanguage":"es-DO"},{"@type":"Organization","@id":"https:\/\/caid.gob.do\/caid\/#organization","name":"Centro de Atenci\u00f3n Integral para la Discapacidad","url":"https:\/\/caid.gob.do\/caid\/","logo":{"@type":"ImageObject","inLanguage":"es-DO","@id":"https:\/\/caid.gob.do\/caid\/#\/schema\/logo\/image\/","url":"https:\/\/caid.gob.do\/caid\/wp-content\/uploads\/CAID-LOGOS-EN-PNG_Mesa-de-trabajo-1-2-1024x505-1.png","contentUrl":"https:\/\/caid.gob.do\/caid\/wp-content\/uploads\/CAID-LOGOS-EN-PNG_Mesa-de-trabajo-1-2-1024x505-1.png","width":1024,"height":505,"caption":"Centro de Atenci\u00f3n Integral para la Discapacidad"},"image":{"@id":"https:\/\/caid.gob.do\/caid\/#\/schema\/logo\/image\/"},"sameAs":["https:\/\/www.facebook.com\/redcaidrd","https:\/\/x.com\/CAIDRDO","https:\/\/www.instagram.com\/caidrd\/","https:\/\/www.youtube.com\/channel\/UCLnt-fnRlxQdgJQwjgWkrCg"]},{"@type":"Person","@id":"https:\/\/caid.gob.do\/caid\/#\/schema\/person\/525afe382593589065291ef6f470cbd8","name":"Mariela Arias Mora","image":{"@type":"ImageObject","inLanguage":"es-DO","@id":"https:\/\/caid.gob.do\/caid\/#\/schema\/person\/image\/","url":"https:\/\/secure.gravatar.com\/avatar\/1b115711c47d73ed9fd99e20d278be2c6c6604a5d5a499f55ac165e1551473bd?s=96&d=mm&r=g","contentUrl":"https:\/\/secure.gravatar.com\/avatar\/1b115711c47d73ed9fd99e20d278be2c6c6604a5d5a499f55ac165e1551473bd?s=96&d=mm&r=g","caption":"Mariela Arias Mora"},"url":"https:\/\/caid.gob.do\/caid\/author\/m-arias\/"}]}},"jetpack_featured_media_url":"https:\/\/caid.gob.do\/caid\/wp-content\/uploads\/Foto-secundaria-scaled.jpg","jetpack_sharing_enabled":true,"_links":{"self":[{"href":"https:\/\/caid.gob.do\/caid\/wp-json\/wp\/v2\/posts\/22902","targetHints":{"allow":["GET"]}}],"collection":[{"href":"https:\/\/caid.gob.do\/caid\/wp-json\/wp\/v2\/posts"}],"about":[{"href":"https:\/\/caid.gob.do\/caid\/wp-json\/wp\/v2\/types\/post"}],"author":[{"embeddable":true,"href":"https:\/\/caid.gob.do\/caid\/wp-json\/wp\/v2\/users\/13"}],"replies":[{"embeddable":true,"href":"https:\/\/caid.gob.do\/caid\/wp-json\/wp\/v2\/comments?post=22902"}],"version-history":[{"count":25,"href":"https:\/\/caid.gob.do\/caid\/wp-json\/wp\/v2\/posts\/22902\/revisions"}],"predecessor-version":[{"id":23087,"href":"https:\/\/caid.gob.do\/caid\/wp-json\/wp\/v2\/posts\/22902\/revisions\/23087"}],"wp:featuredmedia":[{"embeddable":true,"href":"https:\/\/caid.gob.do\/caid\/wp-json\/wp\/v2\/media\/22908"}],"wp:attachment":[{"href":"https:\/\/caid.gob.do\/caid\/wp-json\/wp\/v2\/media?parent=22902"}],"wp:term":[{"taxonomy":"category","embeddable":true,"href":"https:\/\/caid.gob.do\/caid\/wp-json\/wp\/v2\/categories?post=22902"},{"taxonomy":"post_tag","embeddable":true,"href":"https:\/\/caid.gob.do\/caid\/wp-json\/wp\/v2\/tags?post=22902"}],"curies":[{"name":"wp","href":"https:\/\/api.w.org\/{rel}","templated":true}]}}