{"id":23101,"date":"2025-11-27T14:42:26","date_gmt":"2025-11-27T18:42:26","guid":{"rendered":"https:\/\/caid.gob.do\/caid\/?p=23101"},"modified":"2025-11-27T15:36:50","modified_gmt":"2025-11-27T19:36:50","slug":"el-compromiso-del-caid-con-la-inclusion-y-la-dignidad-de-los-ninos-y-ninas-con-discapacidad","status":"publish","type":"post","link":"https:\/\/caid.gob.do\/caid\/el-compromiso-del-caid-con-la-inclusion-y-la-dignidad-de-los-ninos-y-ninas-con-discapacidad\/","title":{"rendered":"El compromiso del CAID con la inclusi\u00f3n y la dignidad de los ni\u00f1os y ni\u00f1as con discapacidad"},"content":{"rendered":"\t\t<div data-elementor-type=\"wp-post\" data-elementor-id=\"23101\" class=\"elementor elementor-23101\" data-elementor-post-type=\"post\">\n\t\t\t\t<div class=\"elementor-element elementor-element-1b1d5337 e-flex e-con-boxed e-con e-parent\" data-id=\"1b1d5337\" data-element_type=\"container\" data-e-type=\"container\">\n\t\t\t\t\t<div class=\"e-con-inner\">\n\t\t\t\t<div class=\"elementor-element elementor-element-4c0c9689 elementor-widget elementor-widget-text-editor\" data-id=\"4c0c9689\" data-element_type=\"widget\" data-e-type=\"widget\" data-widget_type=\"text-editor.default\">\n\t\t\t\t<div class=\"elementor-widget-container\">\n\t\t\t\t\t\t\t\t\t\n<p><img loading=\"lazy\" decoding=\"async\" class=\"aligncenter wp-image-23103 size-full\" src=\"https:\/\/caid.gob.do\/caid\/wp-content\/uploads\/DSC06867-scaled.jpg\" alt=\"\" width=\"2560\" height=\"1707\" srcset=\"https:\/\/caid.gob.do\/caid\/wp-content\/uploads\/DSC06867-scaled.jpg 2560w, https:\/\/caid.gob.do\/caid\/wp-content\/uploads\/DSC06867-300x200.jpg 300w, https:\/\/caid.gob.do\/caid\/wp-content\/uploads\/DSC06867-1024x683.jpg 1024w, https:\/\/caid.gob.do\/caid\/wp-content\/uploads\/DSC06867-768x512.jpg 768w, https:\/\/caid.gob.do\/caid\/wp-content\/uploads\/DSC06867-1536x1024.jpg 1536w, https:\/\/caid.gob.do\/caid\/wp-content\/uploads\/DSC06867-2048x1365.jpg 2048w\" sizes=\"auto, (max-width: 2560px) 100vw, 2560px\" \/><\/p>\n<p>Cada 3 de diciembre se conmemora el D\u00eda Internacional de las Personas con Discapacidad, una fecha que invita a reflexionar sobre los desaf\u00edos que enfrenta esta poblaci\u00f3n, pero tambi\u00e9n sobre los avances y los esfuerzos que construyen una sociedad m\u00e1s justa, accesible e inclusiva para todos.<\/p>\n<p>Desde el Centro de Atenci\u00f3n Integral para la Discapacidad (CAID), el primer centro p\u00fablico dedicado a la evaluaci\u00f3n, diagn\u00f3stico y rehabilitaci\u00f3n de ni\u00f1os y ni\u00f1as de cero a doce a\u00f1os de ni\u00f1os con autismo, s\u00edndrome de Down y par\u00e1lisis cerebral, se ha consolidado un modelo de atenci\u00f3n basado en la intervenci\u00f3n multidisciplinaria.<\/p>\n<p>Dicho modelo busca potenciar y desarrollar al m\u00e1ximo las habilidades cognitivas, socioemocionales, psicomotoras y comunicativas de su poblaci\u00f3n usuaria mediante estrategias educativas y terap\u00e9uticas que involucren a la familia y a la comunidad.<\/p>\n<p>Este enfoque integral permite atender las necesidades individuales de cada ni\u00f1o, y acompa\u00f1ar a las familias en el proceso de comprensi\u00f3n, adaptaci\u00f3n y participaci\u00f3n.<\/p>\n<p>En este sentido, el CAID se ha convertido en un espacio de acompa\u00f1amiento y transformaci\u00f3n, donde cada intervenci\u00f3n terap\u00e9utica tambi\u00e9n es un acto de justicia social. Aqu\u00ed, la discapacidad no se entiende como un l\u00edmite, sino como una condici\u00f3n humana que requiere apoyos adecuados, comprensi\u00f3n y oportunidades reales para participar en igualdad.<\/p>\n<p><strong>Acompa\u00f1amiento a las familias<\/strong><\/p>\n<p>\u201c<em>En el CAID brindamos a nuestros ni\u00f1os y ni\u00f1as con discapacidad la posibilidad de desarrollar al m\u00e1ximo su potencial. Es un desaf\u00edo que enfrentamos con la decisi\u00f3n de elevar de manera sostenida los est\u00e1ndares de calidad<\/em>\u201d, expres\u00f3 el director nacional del centro, Fernando Jos\u00e9 Benoit.<\/p>\n<p>De igual manera, los padres expresan constantemente los avances de nuestros usuarios. \u201c<em>Gracias a Dios y al apoyo constante de los terapeutas, que con su preparaci\u00f3n y dedicaci\u00f3n nos han acompa\u00f1ado en cada paso, mi hija ha logrado cosas que antes parec\u00edan lejanas, hoy ya puede caminar y es independiente. Mi familia y yo nos sentimos muy felices y agradecidos, porque en el CAID hemos encontrado no solo terapias, sino tambi\u00e9n <\/em><em>comprensi\u00f3n, calidad humana y esperanza,<\/em>\u201d expres\u00f3 Escoraina Castillo, madre de una ni\u00f1a usuaria.<\/p>\n<p><strong>Actividades conmemorativas<\/strong><\/p>\n<p>En este D\u00eda Internacional de las Personas con Discapacidad, el CAID reafirma su compromiso de continuar desarrollando estrategias educativas y terap\u00e9uticas de calidad, fortaleciendo la participaci\u00f3n comunitaria y promoviendo una cultura de respeto que reconozca la diversidad como un valor.<\/p>\n<p>Con motivo al D\u00eda Internacional de las Personas con Discapacidad, el CAID realizar\u00e1 una caminata este s\u00e1bado 6 de diciembre en la provincia San Juan De La Maguana, para toda la familia.<\/p>\n<p>Tambi\u00e9n compartir\u00e1, a trav\u00e9s de los diferentes canales de comunicaci\u00f3n, contenido de valor e informativo para que las familias con ni\u00f1os y ni\u00f1as con discapacidad puedan seguir form\u00e1ndose en los temas en torno al desarrollo de sus hijos.<\/p>\n<p><style>\n.wp-image-20683 {width:100%}\n<\/style><\/p>\n\t\t\t\t\t\t\t\t<\/div>\n\t\t\t\t<\/div>\n\t\t\t\t\t<\/div>\n\t\t\t\t<\/div>\n\t\t\t\t<\/div>\n\t\t","protected":false},"excerpt":{"rendered":"<p>Cada 3 de diciembre se conmemora el D\u00eda Internacional de las Personas con Discapacidad, una fecha que invita a reflexionar sobre los desaf\u00edos que enfrenta esta poblaci\u00f3n, pero tambi\u00e9n sobre los avances y los esfuerzos que construyen una sociedad m\u00e1s justa, accesible e inclusiva para todos.<\/p>\n<p>Desde el Centro de Atenci\u00f3n Integral para la Discapacidad (CAID), el primer centro p\u00fablico dedicado a la evaluaci\u00f3n, diagn\u00f3stico y rehabilitaci\u00f3n de ni\u00f1os y ni\u00f1as de cero a doce a\u00f1os de ni\u00f1os con autismo, s\u00edndrome de Down y par\u00e1lisis cerebral, se ha consolidado un modelo de atenci\u00f3n basado en la intervenci\u00f3n multidisciplinaria.<\/p>\n","protected":false},"author":13,"featured_media":23103,"comment_status":"open","ping_status":"open","sticky":false,"template":"","format":"standard","meta":{"_acf_changed":false,"_jetpack_memberships_contains_paid_content":false,"footnotes":""},"categories":[3,38],"tags":[50],"class_list":["post-23101","post","type-post","status-publish","format-standard","has-post-thumbnail","hentry","category-noticias","category-noticias-destacadas","tag-santo-domingo"],"acf":[],"yoast_head":"<!-- This site is optimized with the Yoast SEO plugin v27.0 - https:\/\/yoast.com\/product\/yoast-seo-wordpress\/ -->\r\n<title>El compromiso del CAID con la inclusi\u00f3n y la dignidad de los ni\u00f1os y ni\u00f1as con discapacidad - CAID<\/title>\r\n<meta name=\"robots\" content=\"index, follow, max-snippet:-1, max-image-preview:large, max-video-preview:-1\" \/>\r\n<link rel=\"canonical\" href=\"https:\/\/caid.gob.do\/caid\/el-compromiso-del-caid-con-la-inclusion-y-la-dignidad-de-los-ninos-y-ninas-con-discapacidad\/\" \/>\r\n<meta property=\"og:locale\" content=\"es_ES\" \/>\r\n<meta property=\"og:type\" content=\"article\" \/>\r\n<meta property=\"og:title\" content=\"El compromiso del CAID con la inclusi\u00f3n y la dignidad de los ni\u00f1os y ni\u00f1as con discapacidad - CAID\" \/>\r\n<meta property=\"og:description\" content=\"Cada 3 de diciembre se conmemora el D\u00eda Internacional de las Personas con Discapacidad, una fecha que invita a reflexionar sobre los desaf\u00edos que enfrenta esta poblaci\u00f3n, pero tambi\u00e9n sobre los avances y los esfuerzos que construyen una sociedad m\u00e1s justa, accesible e inclusiva para todos. Desde el Centro de Atenci\u00f3n Integral para la Discapacidad (CAID), el primer centro p\u00fablico dedicado a la evaluaci\u00f3n, diagn\u00f3stico y rehabilitaci\u00f3n de ni\u00f1os y ni\u00f1as de cero a doce a\u00f1os de ni\u00f1os con autismo, s\u00edndrome de Down y par\u00e1lisis cerebral, se ha consolidado un modelo de atenci\u00f3n basado en la intervenci\u00f3n multidisciplinaria.\" \/>\r\n<meta property=\"og:url\" content=\"https:\/\/caid.gob.do\/caid\/el-compromiso-del-caid-con-la-inclusion-y-la-dignidad-de-los-ninos-y-ninas-con-discapacidad\/\" \/>\r\n<meta property=\"og:site_name\" content=\"CAID\" \/>\r\n<meta property=\"article:publisher\" content=\"https:\/\/www.facebook.com\/redcaidrd\" \/>\r\n<meta property=\"article:published_time\" content=\"2025-11-27T18:42:26+00:00\" \/>\r\n<meta property=\"article:modified_time\" content=\"2025-11-27T19:36:50+00:00\" \/>\r\n<meta property=\"og:image\" content=\"https:\/\/caid.gob.do\/caid\/wp-content\/uploads\/DSC06867-scaled.jpg\" \/>\r\n\t<meta property=\"og:image:width\" content=\"2560\" \/>\r\n\t<meta property=\"og:image:height\" content=\"1707\" \/>\r\n\t<meta property=\"og:image:type\" content=\"image\/jpeg\" \/>\r\n<meta name=\"author\" content=\"Mariela Arias Mora\" \/>\r\n<meta name=\"twitter:card\" content=\"summary_large_image\" \/>\r\n<meta name=\"twitter:creator\" content=\"@CAIDRDO\" \/>\r\n<meta name=\"twitter:site\" content=\"@CAIDRDO\" \/>\r\n<meta name=\"twitter:label1\" content=\"Written by\" \/>\n\t<meta name=\"twitter:data1\" content=\"Mariela Arias Mora\" \/>\n\t<meta name=\"twitter:label2\" content=\"Est. reading time\" \/>\n\t<meta name=\"twitter:data2\" content=\"3 minutos\" \/>\r\n<script type=\"application\/ld+json\" class=\"yoast-schema-graph\">{\"@context\":\"https:\/\/schema.org\",\"@graph\":[{\"@type\":\"Article\",\"@id\":\"https:\/\/caid.gob.do\/caid\/el-compromiso-del-caid-con-la-inclusion-y-la-dignidad-de-los-ninos-y-ninas-con-discapacidad\/#article\",\"isPartOf\":{\"@id\":\"https:\/\/caid.gob.do\/caid\/el-compromiso-del-caid-con-la-inclusion-y-la-dignidad-de-los-ninos-y-ninas-con-discapacidad\/\"},\"author\":{\"name\":\"Mariela Arias Mora\",\"@id\":\"https:\/\/caid.gob.do\/caid\/#\/schema\/person\/525afe382593589065291ef6f470cbd8\"},\"headline\":\"El compromiso del CAID con la inclusi\u00f3n y la dignidad de los ni\u00f1os y ni\u00f1as con discapacidad\",\"datePublished\":\"2025-11-27T18:42:26+00:00\",\"dateModified\":\"2025-11-27T19:36:50+00:00\",\"mainEntityOfPage\":{\"@id\":\"https:\/\/caid.gob.do\/caid\/el-compromiso-del-caid-con-la-inclusion-y-la-dignidad-de-los-ninos-y-ninas-con-discapacidad\/\"},\"wordCount\":529,\"commentCount\":0,\"publisher\":{\"@id\":\"https:\/\/caid.gob.do\/caid\/#organization\"},\"image\":{\"@id\":\"https:\/\/caid.gob.do\/caid\/el-compromiso-del-caid-con-la-inclusion-y-la-dignidad-de-los-ninos-y-ninas-con-discapacidad\/#primaryimage\"},\"thumbnailUrl\":\"https:\/\/caid.gob.do\/caid\/wp-content\/uploads\/DSC06867-scaled.jpg\",\"keywords\":[\"Santo Domingo\"],\"articleSection\":[\"Noticias\",\"Noticias Destacadas\"],\"inLanguage\":\"es-DO\",\"potentialAction\":[{\"@type\":\"CommentAction\",\"name\":\"Comment\",\"target\":[\"https:\/\/caid.gob.do\/caid\/el-compromiso-del-caid-con-la-inclusion-y-la-dignidad-de-los-ninos-y-ninas-con-discapacidad\/#respond\"]}]},{\"@type\":\"WebPage\",\"@id\":\"https:\/\/caid.gob.do\/caid\/el-compromiso-del-caid-con-la-inclusion-y-la-dignidad-de-los-ninos-y-ninas-con-discapacidad\/\",\"url\":\"https:\/\/caid.gob.do\/caid\/el-compromiso-del-caid-con-la-inclusion-y-la-dignidad-de-los-ninos-y-ninas-con-discapacidad\/\",\"name\":\"El compromiso del CAID con la inclusi\u00f3n y la dignidad de los ni\u00f1os y ni\u00f1as con discapacidad - CAID\",\"isPartOf\":{\"@id\":\"https:\/\/caid.gob.do\/caid\/#website\"},\"primaryImageOfPage\":{\"@id\":\"https:\/\/caid.gob.do\/caid\/el-compromiso-del-caid-con-la-inclusion-y-la-dignidad-de-los-ninos-y-ninas-con-discapacidad\/#primaryimage\"},\"image\":{\"@id\":\"https:\/\/caid.gob.do\/caid\/el-compromiso-del-caid-con-la-inclusion-y-la-dignidad-de-los-ninos-y-ninas-con-discapacidad\/#primaryimage\"},\"thumbnailUrl\":\"https:\/\/caid.gob.do\/caid\/wp-content\/uploads\/DSC06867-scaled.jpg\",\"datePublished\":\"2025-11-27T18:42:26+00:00\",\"dateModified\":\"2025-11-27T19:36:50+00:00\",\"breadcrumb\":{\"@id\":\"https:\/\/caid.gob.do\/caid\/el-compromiso-del-caid-con-la-inclusion-y-la-dignidad-de-los-ninos-y-ninas-con-discapacidad\/#breadcrumb\"},\"inLanguage\":\"es-DO\",\"potentialAction\":[{\"@type\":\"ReadAction\",\"target\":[\"https:\/\/caid.gob.do\/caid\/el-compromiso-del-caid-con-la-inclusion-y-la-dignidad-de-los-ninos-y-ninas-con-discapacidad\/\"]}]},{\"@type\":\"ImageObject\",\"inLanguage\":\"es-DO\",\"@id\":\"https:\/\/caid.gob.do\/caid\/el-compromiso-del-caid-con-la-inclusion-y-la-dignidad-de-los-ninos-y-ninas-con-discapacidad\/#primaryimage\",\"url\":\"https:\/\/caid.gob.do\/caid\/wp-content\/uploads\/DSC06867-scaled.jpg\",\"contentUrl\":\"https:\/\/caid.gob.do\/caid\/wp-content\/uploads\/DSC06867-scaled.jpg\",\"width\":2560,\"height\":1707},{\"@type\":\"BreadcrumbList\",\"@id\":\"https:\/\/caid.gob.do\/caid\/el-compromiso-del-caid-con-la-inclusion-y-la-dignidad-de-los-ninos-y-ninas-con-discapacidad\/#breadcrumb\",\"itemListElement\":[{\"@type\":\"ListItem\",\"position\":1,\"name\":\"Est\u00e1s aqu\u00ed:\",\"item\":\"https:\/\/caid.gob.do\/caid\/\"},{\"@type\":\"ListItem\",\"position\":2,\"name\":\"Noticias\",\"item\":\"https:\/\/caid.gob.do\/caid\/category\/noticias\/\"},{\"@type\":\"ListItem\",\"position\":3,\"name\":\"El compromiso del CAID con la inclusi\u00f3n y la dignidad de los ni\u00f1os y ni\u00f1as con discapacidad\"}]},{\"@type\":\"WebSite\",\"@id\":\"https:\/\/caid.gob.do\/caid\/#website\",\"url\":\"https:\/\/caid.gob.do\/caid\/\",\"name\":\"CAID\",\"description\":\"Centro de Atenci\u00f3n Integral a la Discapacidad\",\"publisher\":{\"@id\":\"https:\/\/caid.gob.do\/caid\/#organization\"},\"potentialAction\":[{\"@type\":\"SearchAction\",\"target\":{\"@type\":\"EntryPoint\",\"urlTemplate\":\"https:\/\/caid.gob.do\/caid\/?s={search_term_string}\"},\"query-input\":{\"@type\":\"PropertyValueSpecification\",\"valueRequired\":true,\"valueName\":\"search_term_string\"}}],\"inLanguage\":\"es-DO\"},{\"@type\":\"Organization\",\"@id\":\"https:\/\/caid.gob.do\/caid\/#organization\",\"name\":\"Centro de Atenci\u00f3n Integral para la Discapacidad\",\"url\":\"https:\/\/caid.gob.do\/caid\/\",\"logo\":{\"@type\":\"ImageObject\",\"inLanguage\":\"es-DO\",\"@id\":\"https:\/\/caid.gob.do\/caid\/#\/schema\/logo\/image\/\",\"url\":\"https:\/\/caid.gob.do\/caid\/wp-content\/uploads\/CAID-LOGOS-EN-PNG_Mesa-de-trabajo-1-2-1024x505-1.png\",\"contentUrl\":\"https:\/\/caid.gob.do\/caid\/wp-content\/uploads\/CAID-LOGOS-EN-PNG_Mesa-de-trabajo-1-2-1024x505-1.png\",\"width\":1024,\"height\":505,\"caption\":\"Centro de Atenci\u00f3n Integral para la Discapacidad\"},\"image\":{\"@id\":\"https:\/\/caid.gob.do\/caid\/#\/schema\/logo\/image\/\"},\"sameAs\":[\"https:\/\/www.facebook.com\/redcaidrd\",\"https:\/\/x.com\/CAIDRDO\",\"https:\/\/www.instagram.com\/caidrd\/\",\"https:\/\/www.youtube.com\/channel\/UCLnt-fnRlxQdgJQwjgWkrCg\"]},{\"@type\":\"Person\",\"@id\":\"https:\/\/caid.gob.do\/caid\/#\/schema\/person\/525afe382593589065291ef6f470cbd8\",\"name\":\"Mariela Arias Mora\",\"image\":{\"@type\":\"ImageObject\",\"inLanguage\":\"es-DO\",\"@id\":\"https:\/\/caid.gob.do\/caid\/#\/schema\/person\/image\/\",\"url\":\"https:\/\/secure.gravatar.com\/avatar\/1b115711c47d73ed9fd99e20d278be2c6c6604a5d5a499f55ac165e1551473bd?s=96&d=mm&r=g\",\"contentUrl\":\"https:\/\/secure.gravatar.com\/avatar\/1b115711c47d73ed9fd99e20d278be2c6c6604a5d5a499f55ac165e1551473bd?s=96&d=mm&r=g\",\"caption\":\"Mariela Arias Mora\"},\"url\":\"https:\/\/caid.gob.do\/caid\/author\/m-arias\/\"}]}<\/script>\r\n<!-- \/ Yoast SEO plugin. -->","yoast_head_json":{"title":"El compromiso del CAID con la inclusi\u00f3n y la dignidad de los ni\u00f1os y ni\u00f1as con discapacidad - CAID","robots":{"index":"index","follow":"follow","max-snippet":"max-snippet:-1","max-image-preview":"max-image-preview:large","max-video-preview":"max-video-preview:-1"},"canonical":"https:\/\/caid.gob.do\/caid\/el-compromiso-del-caid-con-la-inclusion-y-la-dignidad-de-los-ninos-y-ninas-con-discapacidad\/","og_locale":"es_ES","og_type":"article","og_title":"El compromiso del CAID con la inclusi\u00f3n y la dignidad de los ni\u00f1os y ni\u00f1as con discapacidad - CAID","og_description":"Cada 3 de diciembre se conmemora el D\u00eda Internacional de las Personas con Discapacidad, una fecha que invita a reflexionar sobre los desaf\u00edos que enfrenta esta poblaci\u00f3n, pero tambi\u00e9n sobre los avances y los esfuerzos que construyen una sociedad m\u00e1s justa, accesible e inclusiva para todos. Desde el Centro de Atenci\u00f3n Integral para la Discapacidad (CAID), el primer centro p\u00fablico dedicado a la evaluaci\u00f3n, diagn\u00f3stico y rehabilitaci\u00f3n de ni\u00f1os y ni\u00f1as de cero a doce a\u00f1os de ni\u00f1os con autismo, s\u00edndrome de Down y par\u00e1lisis cerebral, se ha consolidado un modelo de atenci\u00f3n basado en la intervenci\u00f3n multidisciplinaria.","og_url":"https:\/\/caid.gob.do\/caid\/el-compromiso-del-caid-con-la-inclusion-y-la-dignidad-de-los-ninos-y-ninas-con-discapacidad\/","og_site_name":"CAID","article_publisher":"https:\/\/www.facebook.com\/redcaidrd","article_published_time":"2025-11-27T18:42:26+00:00","article_modified_time":"2025-11-27T19:36:50+00:00","og_image":[{"width":2560,"height":1707,"url":"https:\/\/caid.gob.do\/caid\/wp-content\/uploads\/DSC06867-scaled.jpg","type":"image\/jpeg"}],"author":"Mariela Arias Mora","twitter_card":"summary_large_image","twitter_creator":"@CAIDRDO","twitter_site":"@CAIDRDO","twitter_misc":{"Written by":"Mariela Arias Mora","Est. reading time":"3 minutos"},"schema":{"@context":"https:\/\/schema.org","@graph":[{"@type":"Article","@id":"https:\/\/caid.gob.do\/caid\/el-compromiso-del-caid-con-la-inclusion-y-la-dignidad-de-los-ninos-y-ninas-con-discapacidad\/#article","isPartOf":{"@id":"https:\/\/caid.gob.do\/caid\/el-compromiso-del-caid-con-la-inclusion-y-la-dignidad-de-los-ninos-y-ninas-con-discapacidad\/"},"author":{"name":"Mariela Arias Mora","@id":"https:\/\/caid.gob.do\/caid\/#\/schema\/person\/525afe382593589065291ef6f470cbd8"},"headline":"El compromiso del CAID con la inclusi\u00f3n y la dignidad de los ni\u00f1os y ni\u00f1as con discapacidad","datePublished":"2025-11-27T18:42:26+00:00","dateModified":"2025-11-27T19:36:50+00:00","mainEntityOfPage":{"@id":"https:\/\/caid.gob.do\/caid\/el-compromiso-del-caid-con-la-inclusion-y-la-dignidad-de-los-ninos-y-ninas-con-discapacidad\/"},"wordCount":529,"commentCount":0,"publisher":{"@id":"https:\/\/caid.gob.do\/caid\/#organization"},"image":{"@id":"https:\/\/caid.gob.do\/caid\/el-compromiso-del-caid-con-la-inclusion-y-la-dignidad-de-los-ninos-y-ninas-con-discapacidad\/#primaryimage"},"thumbnailUrl":"https:\/\/caid.gob.do\/caid\/wp-content\/uploads\/DSC06867-scaled.jpg","keywords":["Santo Domingo"],"articleSection":["Noticias","Noticias Destacadas"],"inLanguage":"es-DO","potentialAction":[{"@type":"CommentAction","name":"Comment","target":["https:\/\/caid.gob.do\/caid\/el-compromiso-del-caid-con-la-inclusion-y-la-dignidad-de-los-ninos-y-ninas-con-discapacidad\/#respond"]}]},{"@type":"WebPage","@id":"https:\/\/caid.gob.do\/caid\/el-compromiso-del-caid-con-la-inclusion-y-la-dignidad-de-los-ninos-y-ninas-con-discapacidad\/","url":"https:\/\/caid.gob.do\/caid\/el-compromiso-del-caid-con-la-inclusion-y-la-dignidad-de-los-ninos-y-ninas-con-discapacidad\/","name":"El compromiso del CAID con la inclusi\u00f3n y la dignidad de los ni\u00f1os y ni\u00f1as con discapacidad - CAID","isPartOf":{"@id":"https:\/\/caid.gob.do\/caid\/#website"},"primaryImageOfPage":{"@id":"https:\/\/caid.gob.do\/caid\/el-compromiso-del-caid-con-la-inclusion-y-la-dignidad-de-los-ninos-y-ninas-con-discapacidad\/#primaryimage"},"image":{"@id":"https:\/\/caid.gob.do\/caid\/el-compromiso-del-caid-con-la-inclusion-y-la-dignidad-de-los-ninos-y-ninas-con-discapacidad\/#primaryimage"},"thumbnailUrl":"https:\/\/caid.gob.do\/caid\/wp-content\/uploads\/DSC06867-scaled.jpg","datePublished":"2025-11-27T18:42:26+00:00","dateModified":"2025-11-27T19:36:50+00:00","breadcrumb":{"@id":"https:\/\/caid.gob.do\/caid\/el-compromiso-del-caid-con-la-inclusion-y-la-dignidad-de-los-ninos-y-ninas-con-discapacidad\/#breadcrumb"},"inLanguage":"es-DO","potentialAction":[{"@type":"ReadAction","target":["https:\/\/caid.gob.do\/caid\/el-compromiso-del-caid-con-la-inclusion-y-la-dignidad-de-los-ninos-y-ninas-con-discapacidad\/"]}]},{"@type":"ImageObject","inLanguage":"es-DO","@id":"https:\/\/caid.gob.do\/caid\/el-compromiso-del-caid-con-la-inclusion-y-la-dignidad-de-los-ninos-y-ninas-con-discapacidad\/#primaryimage","url":"https:\/\/caid.gob.do\/caid\/wp-content\/uploads\/DSC06867-scaled.jpg","contentUrl":"https:\/\/caid.gob.do\/caid\/wp-content\/uploads\/DSC06867-scaled.jpg","width":2560,"height":1707},{"@type":"BreadcrumbList","@id":"https:\/\/caid.gob.do\/caid\/el-compromiso-del-caid-con-la-inclusion-y-la-dignidad-de-los-ninos-y-ninas-con-discapacidad\/#breadcrumb","itemListElement":[{"@type":"ListItem","position":1,"name":"Est\u00e1s aqu\u00ed:","item":"https:\/\/caid.gob.do\/caid\/"},{"@type":"ListItem","position":2,"name":"Noticias","item":"https:\/\/caid.gob.do\/caid\/category\/noticias\/"},{"@type":"ListItem","position":3,"name":"El compromiso del CAID con la inclusi\u00f3n y la dignidad de los ni\u00f1os y ni\u00f1as con discapacidad"}]},{"@type":"WebSite","@id":"https:\/\/caid.gob.do\/caid\/#website","url":"https:\/\/caid.gob.do\/caid\/","name":"CAID","description":"Centro de Atenci\u00f3n Integral a la Discapacidad","publisher":{"@id":"https:\/\/caid.gob.do\/caid\/#organization"},"potentialAction":[{"@type":"SearchAction","target":{"@type":"EntryPoint","urlTemplate":"https:\/\/caid.gob.do\/caid\/?s={search_term_string}"},"query-input":{"@type":"PropertyValueSpecification","valueRequired":true,"valueName":"search_term_string"}}],"inLanguage":"es-DO"},{"@type":"Organization","@id":"https:\/\/caid.gob.do\/caid\/#organization","name":"Centro de Atenci\u00f3n Integral para la Discapacidad","url":"https:\/\/caid.gob.do\/caid\/","logo":{"@type":"ImageObject","inLanguage":"es-DO","@id":"https:\/\/caid.gob.do\/caid\/#\/schema\/logo\/image\/","url":"https:\/\/caid.gob.do\/caid\/wp-content\/uploads\/CAID-LOGOS-EN-PNG_Mesa-de-trabajo-1-2-1024x505-1.png","contentUrl":"https:\/\/caid.gob.do\/caid\/wp-content\/uploads\/CAID-LOGOS-EN-PNG_Mesa-de-trabajo-1-2-1024x505-1.png","width":1024,"height":505,"caption":"Centro de Atenci\u00f3n Integral para la Discapacidad"},"image":{"@id":"https:\/\/caid.gob.do\/caid\/#\/schema\/logo\/image\/"},"sameAs":["https:\/\/www.facebook.com\/redcaidrd","https:\/\/x.com\/CAIDRDO","https:\/\/www.instagram.com\/caidrd\/","https:\/\/www.youtube.com\/channel\/UCLnt-fnRlxQdgJQwjgWkrCg"]},{"@type":"Person","@id":"https:\/\/caid.gob.do\/caid\/#\/schema\/person\/525afe382593589065291ef6f470cbd8","name":"Mariela Arias Mora","image":{"@type":"ImageObject","inLanguage":"es-DO","@id":"https:\/\/caid.gob.do\/caid\/#\/schema\/person\/image\/","url":"https:\/\/secure.gravatar.com\/avatar\/1b115711c47d73ed9fd99e20d278be2c6c6604a5d5a499f55ac165e1551473bd?s=96&d=mm&r=g","contentUrl":"https:\/\/secure.gravatar.com\/avatar\/1b115711c47d73ed9fd99e20d278be2c6c6604a5d5a499f55ac165e1551473bd?s=96&d=mm&r=g","caption":"Mariela Arias Mora"},"url":"https:\/\/caid.gob.do\/caid\/author\/m-arias\/"}]}},"jetpack_featured_media_url":"https:\/\/caid.gob.do\/caid\/wp-content\/uploads\/DSC06867-scaled.jpg","jetpack_sharing_enabled":true,"_links":{"self":[{"href":"https:\/\/caid.gob.do\/caid\/wp-json\/wp\/v2\/posts\/23101","targetHints":{"allow":["GET"]}}],"collection":[{"href":"https:\/\/caid.gob.do\/caid\/wp-json\/wp\/v2\/posts"}],"about":[{"href":"https:\/\/caid.gob.do\/caid\/wp-json\/wp\/v2\/types\/post"}],"author":[{"embeddable":true,"href":"https:\/\/caid.gob.do\/caid\/wp-json\/wp\/v2\/users\/13"}],"replies":[{"embeddable":true,"href":"https:\/\/caid.gob.do\/caid\/wp-json\/wp\/v2\/comments?post=23101"}],"version-history":[{"count":8,"href":"https:\/\/caid.gob.do\/caid\/wp-json\/wp\/v2\/posts\/23101\/revisions"}],"predecessor-version":[{"id":23110,"href":"https:\/\/caid.gob.do\/caid\/wp-json\/wp\/v2\/posts\/23101\/revisions\/23110"}],"wp:featuredmedia":[{"embeddable":true,"href":"https:\/\/caid.gob.do\/caid\/wp-json\/wp\/v2\/media\/23103"}],"wp:attachment":[{"href":"https:\/\/caid.gob.do\/caid\/wp-json\/wp\/v2\/media?parent=23101"}],"wp:term":[{"taxonomy":"category","embeddable":true,"href":"https:\/\/caid.gob.do\/caid\/wp-json\/wp\/v2\/categories?post=23101"},{"taxonomy":"post_tag","embeddable":true,"href":"https:\/\/caid.gob.do\/caid\/wp-json\/wp\/v2\/tags?post=23101"}],"curies":[{"name":"wp","href":"https:\/\/api.w.org\/{rel}","templated":true}]}}