{"id":23117,"date":"2025-12-08T11:01:28","date_gmt":"2025-12-08T15:01:28","guid":{"rendered":"https:\/\/caid.gob.do\/caid\/?p=23117"},"modified":"2025-12-08T11:01:48","modified_gmt":"2025-12-08T15:01:48","slug":"caid-moviliza-la-region-sur-en-caminata-por-el-dia-internacional-de-las-personas-con-discapacidad","status":"publish","type":"post","link":"https:\/\/caid.gob.do\/caid\/caid-moviliza-la-region-sur-en-caminata-por-el-dia-internacional-de-las-personas-con-discapacidad\/","title":{"rendered":"CAID moviliza la regi\u00f3n Sur en caminata por el D\u00eda Internacional de las Personas con Discapacidad"},"content":{"rendered":"\t\t<div data-elementor-type=\"wp-post\" data-elementor-id=\"23117\" class=\"elementor elementor-23117\" data-elementor-post-type=\"post\">\n\t\t\t\t<div class=\"elementor-element elementor-element-1b1d5337 e-flex e-con-boxed e-con e-parent\" data-id=\"1b1d5337\" data-element_type=\"container\" data-e-type=\"container\">\n\t\t\t\t\t<div class=\"e-con-inner\">\n\t\t\t\t<div class=\"elementor-element elementor-element-4c0c9689 elementor-widget elementor-widget-text-editor\" data-id=\"4c0c9689\" data-element_type=\"widget\" data-e-type=\"widget\" data-widget_type=\"text-editor.default\">\n\t\t\t\t<div class=\"elementor-widget-container\">\n\t\t\t\t\t\t\t\t\t\n<p><img loading=\"lazy\" decoding=\"async\" class=\"aligncenter wp-image-23118 size-full\" src=\"https:\/\/caid.gob.do\/caid\/wp-content\/uploads\/DSC07451-1.jpg\" alt=\"\" width=\"2048\" height=\"1152\" srcset=\"https:\/\/caid.gob.do\/caid\/wp-content\/uploads\/DSC07451-1.jpg 2048w, https:\/\/caid.gob.do\/caid\/wp-content\/uploads\/DSC07451-1-300x169.jpg 300w, https:\/\/caid.gob.do\/caid\/wp-content\/uploads\/DSC07451-1-1024x576.jpg 1024w, https:\/\/caid.gob.do\/caid\/wp-content\/uploads\/DSC07451-1-768x432.jpg 768w, https:\/\/caid.gob.do\/caid\/wp-content\/uploads\/DSC07451-1-1536x864.jpg 1536w\" sizes=\"auto, (max-width: 2048px) 100vw, 2048px\" \/><\/p>\n<figure class=\"wp-block-image size-full\"><\/figure>\n\n<p><strong>San Juan de la Maguana.<\/strong>\u2013 El Centro de Atenci\u00f3n Integral para la Discapacidad (CAID) realiz\u00f3 este s\u00e1bado una caminata en celebraci\u00f3n del D\u00eda Internacional de las Personas con Discapacidad, en coordinaci\u00f3n con m\u00e1s de veinte instituciones p\u00fablicas y privadas de la regi\u00f3n Sur.<\/p>\n<p>La jornada inici\u00f3 a las 8:30 de la ma\u00f1ana frente al parque Francisco del Rosario S\u00e1nchez, con la interpretaci\u00f3n del Himno Nacional y un emotivo coro en lenguaje de se\u00f1as a cargo de estudiantes de la Escuela de Sordos Frediry Sol\u00eds Mart\u00ednez. El acto inaugural cont\u00f3 tambi\u00e9n con la bendici\u00f3n del padre Santo Cabral y de monse\u00f1or Tom\u00e1s Alejo Concepci\u00f3n, obispo de la Di\u00f3cesis de San Juan.<\/p>\n<p>Tras el recorrido por la calle principal S\u00e1nchez, los participantes se concentraron en el anfiteatro Francisco Alberto Caama\u00f1o, donde el director del CAID San Juan, el doctor H\u00e9ctor Mateo, pronunci\u00f3 el discurso central. Previo a sus palabras intervinieron el representante regional del CONADIS, Dilcio Peguero y la diputada Elvira Corpor\u00e1n.<\/p>\n<p>\u201cEste d\u00eda nos inspira a salir a las calles de nuestra provincia con un firme prop\u00f3sito: motivar tanto al sector p\u00fablico como al privado a impulsar estrategias y pol\u00edticas que favorezcan a la poblaci\u00f3n con discapacidad\u201d, expres\u00f3 el doctor Mateo.<\/p>\n<p>Destac\u00f3 adem\u00e1s que esta iniciativa busca visibilizar los retos y desaf\u00edos que a\u00fan enfrentan las personas con discapacidad en el pa\u00eds, e hizo un llamado al compromiso de las autoridades, legisladores y l\u00edderes institucionales para garantizar su plena participaci\u00f3n en la vida nacional.<\/p>\n<center><img loading=\"lazy\" decoding=\"async\" class=\"alignnone size-medium wp-image-23121\" src=\"https:\/\/caid.gob.do\/caid\/wp-content\/uploads\/DSC06811-300x169.jpg\" alt=\"\" width=\"300\" height=\"169\" data-wp-editing=\"1\" srcset=\"https:\/\/caid.gob.do\/caid\/wp-content\/uploads\/DSC06811-300x169.jpg 300w, https:\/\/caid.gob.do\/caid\/wp-content\/uploads\/DSC06811-1024x576.jpg 1024w, https:\/\/caid.gob.do\/caid\/wp-content\/uploads\/DSC06811-768x432.jpg 768w, https:\/\/caid.gob.do\/caid\/wp-content\/uploads\/DSC06811-1536x864.jpg 1536w, https:\/\/caid.gob.do\/caid\/wp-content\/uploads\/DSC06811.jpg 2048w\" sizes=\"auto, (max-width: 300px) 100vw, 300px\" \/> <img loading=\"lazy\" decoding=\"async\" class=\"alignnone size-medium wp-image-23120\" src=\"https:\/\/caid.gob.do\/caid\/wp-content\/uploads\/DSC06793-300x169.jpg\" alt=\"\" width=\"300\" height=\"169\" srcset=\"https:\/\/caid.gob.do\/caid\/wp-content\/uploads\/DSC06793-300x169.jpg 300w, https:\/\/caid.gob.do\/caid\/wp-content\/uploads\/DSC06793-1024x576.jpg 1024w, https:\/\/caid.gob.do\/caid\/wp-content\/uploads\/DSC06793-768x432.jpg 768w, https:\/\/caid.gob.do\/caid\/wp-content\/uploads\/DSC06793-1536x864.jpg 1536w, https:\/\/caid.gob.do\/caid\/wp-content\/uploads\/DSC06793.jpg 2048w\" sizes=\"auto, (max-width: 300px) 100vw, 300px\" \/><\/center>\n<p>\u00a0<\/p>\n<p><strong>Actividades de la jornada<\/strong><\/p>\n<p>Adem\u00e1s del recorrido, el evento incluy\u00f3 diversas actividades sobre la discapacidad, desarrolladas en carpas instaladas por instituciones del sector. Se presentaron exposiciones de pintura de ni\u00f1os egresados del CAID, un partido de baloncesto en sillas de ruedas por la Asociaci\u00f3n de Deportistas con Discapacidad Los Playeros de Boca Chica, la participaci\u00f3n del bat\u00f3n ballet de la Alcald\u00eda de San Juan de la Maguana y una presentaci\u00f3n del grupo de danza del Liceo Polit\u00e9cnico San Pablo.<\/p>\n<p><strong>Coordinaci\u00f3n interinstitucional<\/strong><\/p>\n<p>Esta actividad cont\u00f3 con el apoyo del Consejo Nacional de Discapacidad (CONADIS), Asociaci\u00f3n Dominicana de Rehabilitaci\u00f3n (ADR), Asociaci\u00f3n de Personas con Discapacidad en San Juan (APEDISAN), Asociaci\u00f3n de Personas con Discapacidad F\u00edsico Motora(ASODIFIMO), Escuela de Sordos Frediry Sol\u00eds Mart\u00ednez, Fundaci\u00f3n Esperanza de Ni\u00f1os Especiales (FENE), as\u00ed mismo Plan International, la Universidad Aut\u00f3noma de Santo Domingo (UASD), Instituto Superior de Formaci\u00f3n Docente Salom\u00e9 Ure\u00f1a (ISFODOSU) y Universidad Federico Henr\u00edquez y Carbajal (UFHEC), \u00a0COOPEGUB, Eulalio Ram\u00edrez, Gas Milt\u00edn, Eventos Fortuna, Gobernaci\u00f3n Provincial, Alcald\u00eda Municipal, Carlos Morillo (Chijo), Ditur Comercial, Asociaci\u00f3n De Pescadores De Sabana Yegua, Empresas Milan\u00e9s, Induban, Hogar De Ancianos San Juan, Bellas Artes, DIGESETTE, polic\u00eda Nacional, Defensa Civil y el Servicio 911.<\/p>\n<p><style>\n.wp-image-20683 {width:100%}\n<\/style><\/p>\n\t\t\t\t\t\t\t\t<\/div>\n\t\t\t\t<\/div>\n\t\t\t\t\t<\/div>\n\t\t\t\t<\/div>\n\t\t<div class=\"elementor-element elementor-element-b031e4f e-flex e-con-boxed e-con e-parent\" data-id=\"b031e4f\" data-element_type=\"container\" data-e-type=\"container\">\n\t\t\t\t\t<div class=\"e-con-inner\">\n\t\t\t\t<div class=\"elementor-element elementor-element-1c3cbd7 elementor--h-position-center elementor--v-position-middle elementor-arrows-position-inside elementor-pagination-position-inside elementor-widget elementor-widget-slides\" data-id=\"1c3cbd7\" data-element_type=\"widget\" data-e-type=\"widget\" data-settings=\"{&quot;navigation&quot;:&quot;both&quot;,&quot;autoplay&quot;:&quot;yes&quot;,&quot;pause_on_hover&quot;:&quot;yes&quot;,&quot;pause_on_interaction&quot;:&quot;yes&quot;,&quot;autoplay_speed&quot;:5000,&quot;infinite&quot;:&quot;yes&quot;,&quot;transition&quot;:&quot;slide&quot;,&quot;transition_speed&quot;:500}\" data-widget_type=\"slides.default\">\n\t\t\t\t<div class=\"elementor-widget-container\">\n\t\t\t\t\t\t\t\t\t<div class=\"elementor-swiper\">\n\t\t\t\t\t<div class=\"elementor-slides-wrapper elementor-main-swiper swiper\" role=\"region\" aria-roledescription=\"carousel\" aria-label=\"Slides\" dir=\"ltr\" data-animation=\"fadeInUp\">\n\t\t\t\t<div class=\"swiper-wrapper elementor-slides\">\n\t\t\t\t\t\t\t\t\t\t<div class=\"elementor-repeater-item-f81a7d8 swiper-slide\" role=\"group\" aria-roledescription=\"slide\"><div class=\"swiper-slide-bg\" role=\"img\"><\/div><div class=\"swiper-slide-inner\" ><div class=\"swiper-slide-contents\"><\/div><\/div><\/div><div class=\"elementor-repeater-item-66760db swiper-slide\" role=\"group\" aria-roledescription=\"slide\"><div class=\"swiper-slide-bg\" role=\"img\"><\/div><div class=\"swiper-slide-inner\" ><div class=\"swiper-slide-contents\"><\/div><\/div><\/div><div class=\"elementor-repeater-item-76cb960 swiper-slide\" role=\"group\" aria-roledescription=\"slide\"><div class=\"swiper-slide-bg\" role=\"img\"><\/div><div class=\"swiper-slide-inner\" ><div class=\"swiper-slide-contents\"><\/div><\/div><\/div><div class=\"elementor-repeater-item-b36fcfe swiper-slide\" role=\"group\" aria-roledescription=\"slide\"><div class=\"swiper-slide-bg\" role=\"img\"><\/div><div class=\"swiper-slide-inner\" ><div class=\"swiper-slide-contents\"><\/div><\/div><\/div><div class=\"elementor-repeater-item-fbb3762 swiper-slide\" role=\"group\" aria-roledescription=\"slide\"><div class=\"swiper-slide-bg\" role=\"img\"><\/div><div class=\"swiper-slide-inner\" ><div class=\"swiper-slide-contents\"><\/div><\/div><\/div><div class=\"elementor-repeater-item-17c0645 swiper-slide\" role=\"group\" aria-roledescription=\"slide\"><div class=\"swiper-slide-bg\" role=\"img\"><\/div><div class=\"swiper-slide-inner\" ><div class=\"swiper-slide-contents\"><\/div><\/div><\/div><div class=\"elementor-repeater-item-98b30ff swiper-slide\" role=\"group\" aria-roledescription=\"slide\"><div class=\"swiper-slide-bg\" role=\"img\"><\/div><div class=\"swiper-slide-inner\" ><div class=\"swiper-slide-contents\"><\/div><\/div><\/div><div class=\"elementor-repeater-item-50797a3 swiper-slide\" role=\"group\" aria-roledescription=\"slide\"><div class=\"swiper-slide-bg\" role=\"img\"><\/div><div class=\"swiper-slide-inner\" ><div class=\"swiper-slide-contents\"><\/div><\/div><\/div><div class=\"elementor-repeater-item-6dc8b7c swiper-slide\" role=\"group\" aria-roledescription=\"slide\"><div class=\"swiper-slide-bg\" role=\"img\"><\/div><div class=\"swiper-slide-inner\" ><div class=\"swiper-slide-contents\"><\/div><\/div><\/div><div class=\"elementor-repeater-item-c7e2690 swiper-slide\" role=\"group\" aria-roledescription=\"slide\"><div class=\"swiper-slide-bg\" role=\"img\"><\/div><div class=\"swiper-slide-inner\" ><div class=\"swiper-slide-contents\"><\/div><\/div><\/div><div class=\"elementor-repeater-item-b216605 swiper-slide\" role=\"group\" aria-roledescription=\"slide\"><div class=\"swiper-slide-bg\" role=\"img\"><\/div><div class=\"swiper-slide-inner\" ><div class=\"swiper-slide-contents\"><\/div><\/div><\/div><div class=\"elementor-repeater-item-f2089da swiper-slide\" role=\"group\" aria-roledescription=\"slide\"><div class=\"swiper-slide-bg\" role=\"img\"><\/div><div class=\"swiper-slide-inner\" ><div class=\"swiper-slide-contents\"><\/div><\/div><\/div><div class=\"elementor-repeater-item-6ab6d3e swiper-slide\" role=\"group\" aria-roledescription=\"slide\"><div class=\"swiper-slide-bg\" role=\"img\"><\/div><div class=\"swiper-slide-inner\" ><div class=\"swiper-slide-contents\"><\/div><\/div><\/div>\t\t\t\t<\/div>\n\t\t\t\t\t\t\t\t\t\t\t\t\t\t\t<div class=\"elementor-swiper-button elementor-swiper-button-prev\" role=\"button\" tabindex=\"0\" aria-label=\"Previous slide\">\n\t\t\t\t\t\t\t<i aria-hidden=\"true\" class=\"eicon-chevron-left\"><\/i>\t\t\t\t\t\t<\/div>\n\t\t\t\t\t\t<div class=\"elementor-swiper-button elementor-swiper-button-next\" role=\"button\" tabindex=\"0\" aria-label=\"Next slide\">\n\t\t\t\t\t\t\t<i aria-hidden=\"true\" class=\"eicon-chevron-right\"><\/i>\t\t\t\t\t\t<\/div>\n\t\t\t\t\t\t\t\t\t\t\t\t\t\t\t\t<div class=\"swiper-pagination\"><\/div>\n\t\t\t\t\t\t\t\t\t\t\t\t<\/div>\n\t\t\t\t<\/div>\n\t\t\t\t\t\t\t\t<\/div>\n\t\t\t\t<\/div>\n\t\t\t\t\t<\/div>\n\t\t\t\t<\/div>\n\t\t\t\t<\/div>\n\t\t","protected":false},"excerpt":{"rendered":"<p>Santiago, Rep\u00fablica Dominicana. \u2013 Las familias usuarias del Centro de Atenci\u00f3n Integral para la Discapacidad (CAID) Santiago vivieron una experiencia enriquecedora durante su visita a la sala Signos de Identidad y a la exposici\u00f3n Territorios de Creatividad del Centro Cultural Eduardo Le\u00f3n Jimenes, un recorrido que permiti\u00f3 acercar la historia y la cultura dominicana a ni\u00f1os, ni\u00f1as y padres en un entorno accesible y acogedor<\/p>\n","protected":false},"author":16,"featured_media":23118,"comment_status":"open","ping_status":"open","sticky":false,"template":"","format":"standard","meta":{"_acf_changed":false,"_jetpack_memberships_contains_paid_content":false,"footnotes":""},"categories":[3],"tags":[50],"class_list":["post-23117","post","type-post","status-publish","format-standard","has-post-thumbnail","hentry","category-noticias","tag-santo-domingo"],"acf":[],"yoast_head":"<!-- This site is optimized with the Yoast SEO plugin v27.0 - https:\/\/yoast.com\/product\/yoast-seo-wordpress\/ -->\r\n<title>CAID moviliza la regi\u00f3n Sur en caminata por el D\u00eda Internacional de las Personas con Discapacidad - CAID<\/title>\r\n<meta name=\"robots\" content=\"index, follow, max-snippet:-1, max-image-preview:large, max-video-preview:-1\" \/>\r\n<link rel=\"canonical\" href=\"https:\/\/caid.gob.do\/caid\/caid-moviliza-la-region-sur-en-caminata-por-el-dia-internacional-de-las-personas-con-discapacidad\/\" \/>\r\n<meta property=\"og:locale\" content=\"es_ES\" \/>\r\n<meta property=\"og:type\" content=\"article\" \/>\r\n<meta property=\"og:title\" content=\"CAID moviliza la regi\u00f3n Sur en caminata por el D\u00eda Internacional de las Personas con Discapacidad - CAID\" \/>\r\n<meta property=\"og:description\" content=\"Santiago, Rep\u00fablica Dominicana. \u2013 Las familias usuarias del Centro de Atenci\u00f3n Integral para la Discapacidad (CAID) Santiago vivieron una experiencia enriquecedora durante su visita a la sala Signos de Identidad y a la exposici\u00f3n Territorios de Creatividad del Centro Cultural Eduardo Le\u00f3n Jimenes, un recorrido que permiti\u00f3 acercar la historia y la cultura dominicana a ni\u00f1os, ni\u00f1as y padres en un entorno accesible y acogedor\" \/>\r\n<meta property=\"og:url\" content=\"https:\/\/caid.gob.do\/caid\/caid-moviliza-la-region-sur-en-caminata-por-el-dia-internacional-de-las-personas-con-discapacidad\/\" \/>\r\n<meta property=\"og:site_name\" content=\"CAID\" \/>\r\n<meta property=\"article:publisher\" content=\"https:\/\/www.facebook.com\/redcaidrd\" \/>\r\n<meta property=\"article:published_time\" content=\"2025-12-08T15:01:28+00:00\" \/>\r\n<meta property=\"article:modified_time\" content=\"2025-12-08T15:01:48+00:00\" \/>\r\n<meta property=\"og:image\" content=\"https:\/\/caid.gob.do\/caid\/wp-content\/uploads\/DSC07451-1.jpg\" \/>\r\n\t<meta property=\"og:image:width\" content=\"2048\" \/>\r\n\t<meta property=\"og:image:height\" content=\"1152\" \/>\r\n\t<meta property=\"og:image:type\" content=\"image\/jpeg\" \/>\r\n<meta name=\"author\" content=\"Marileidy Manzueta de la Rosa\" \/>\r\n<meta name=\"twitter:card\" content=\"summary_large_image\" \/>\r\n<meta name=\"twitter:creator\" content=\"@CAIDRDO\" \/>\r\n<meta name=\"twitter:site\" content=\"@CAIDRDO\" \/>\r\n<meta name=\"twitter:label1\" content=\"Written by\" \/>\n\t<meta name=\"twitter:data1\" content=\"Marileidy Manzueta de la Rosa\" \/>\n\t<meta name=\"twitter:label2\" content=\"Est. reading time\" \/>\n\t<meta name=\"twitter:data2\" content=\"3 minutos\" \/>\r\n<script type=\"application\/ld+json\" class=\"yoast-schema-graph\">{\"@context\":\"https:\/\/schema.org\",\"@graph\":[{\"@type\":\"Article\",\"@id\":\"https:\/\/caid.gob.do\/caid\/caid-moviliza-la-region-sur-en-caminata-por-el-dia-internacional-de-las-personas-con-discapacidad\/#article\",\"isPartOf\":{\"@id\":\"https:\/\/caid.gob.do\/caid\/caid-moviliza-la-region-sur-en-caminata-por-el-dia-internacional-de-las-personas-con-discapacidad\/\"},\"author\":{\"name\":\"Marileidy Manzueta de la Rosa\",\"@id\":\"https:\/\/caid.gob.do\/caid\/#\/schema\/person\/a863734469bfe0e76e7df922f2afee56\"},\"headline\":\"CAID moviliza la regi\u00f3n Sur en caminata por el D\u00eda Internacional de las Personas con Discapacidad\",\"datePublished\":\"2025-12-08T15:01:28+00:00\",\"dateModified\":\"2025-12-08T15:01:48+00:00\",\"mainEntityOfPage\":{\"@id\":\"https:\/\/caid.gob.do\/caid\/caid-moviliza-la-region-sur-en-caminata-por-el-dia-internacional-de-las-personas-con-discapacidad\/\"},\"wordCount\":517,\"commentCount\":0,\"publisher\":{\"@id\":\"https:\/\/caid.gob.do\/caid\/#organization\"},\"image\":{\"@id\":\"https:\/\/caid.gob.do\/caid\/caid-moviliza-la-region-sur-en-caminata-por-el-dia-internacional-de-las-personas-con-discapacidad\/#primaryimage\"},\"thumbnailUrl\":\"https:\/\/caid.gob.do\/caid\/wp-content\/uploads\/DSC07451-1.jpg\",\"keywords\":[\"Santo Domingo\"],\"articleSection\":[\"Noticias\"],\"inLanguage\":\"es-DO\",\"potentialAction\":[{\"@type\":\"CommentAction\",\"name\":\"Comment\",\"target\":[\"https:\/\/caid.gob.do\/caid\/caid-moviliza-la-region-sur-en-caminata-por-el-dia-internacional-de-las-personas-con-discapacidad\/#respond\"]}]},{\"@type\":\"WebPage\",\"@id\":\"https:\/\/caid.gob.do\/caid\/caid-moviliza-la-region-sur-en-caminata-por-el-dia-internacional-de-las-personas-con-discapacidad\/\",\"url\":\"https:\/\/caid.gob.do\/caid\/caid-moviliza-la-region-sur-en-caminata-por-el-dia-internacional-de-las-personas-con-discapacidad\/\",\"name\":\"CAID moviliza la regi\u00f3n Sur en caminata por el D\u00eda Internacional de las Personas con Discapacidad - CAID\",\"isPartOf\":{\"@id\":\"https:\/\/caid.gob.do\/caid\/#website\"},\"primaryImageOfPage\":{\"@id\":\"https:\/\/caid.gob.do\/caid\/caid-moviliza-la-region-sur-en-caminata-por-el-dia-internacional-de-las-personas-con-discapacidad\/#primaryimage\"},\"image\":{\"@id\":\"https:\/\/caid.gob.do\/caid\/caid-moviliza-la-region-sur-en-caminata-por-el-dia-internacional-de-las-personas-con-discapacidad\/#primaryimage\"},\"thumbnailUrl\":\"https:\/\/caid.gob.do\/caid\/wp-content\/uploads\/DSC07451-1.jpg\",\"datePublished\":\"2025-12-08T15:01:28+00:00\",\"dateModified\":\"2025-12-08T15:01:48+00:00\",\"breadcrumb\":{\"@id\":\"https:\/\/caid.gob.do\/caid\/caid-moviliza-la-region-sur-en-caminata-por-el-dia-internacional-de-las-personas-con-discapacidad\/#breadcrumb\"},\"inLanguage\":\"es-DO\",\"potentialAction\":[{\"@type\":\"ReadAction\",\"target\":[\"https:\/\/caid.gob.do\/caid\/caid-moviliza-la-region-sur-en-caminata-por-el-dia-internacional-de-las-personas-con-discapacidad\/\"]}]},{\"@type\":\"ImageObject\",\"inLanguage\":\"es-DO\",\"@id\":\"https:\/\/caid.gob.do\/caid\/caid-moviliza-la-region-sur-en-caminata-por-el-dia-internacional-de-las-personas-con-discapacidad\/#primaryimage\",\"url\":\"https:\/\/caid.gob.do\/caid\/wp-content\/uploads\/DSC07451-1.jpg\",\"contentUrl\":\"https:\/\/caid.gob.do\/caid\/wp-content\/uploads\/DSC07451-1.jpg\",\"width\":2048,\"height\":1152},{\"@type\":\"BreadcrumbList\",\"@id\":\"https:\/\/caid.gob.do\/caid\/caid-moviliza-la-region-sur-en-caminata-por-el-dia-internacional-de-las-personas-con-discapacidad\/#breadcrumb\",\"itemListElement\":[{\"@type\":\"ListItem\",\"position\":1,\"name\":\"Est\u00e1s aqu\u00ed:\",\"item\":\"https:\/\/caid.gob.do\/caid\/\"},{\"@type\":\"ListItem\",\"position\":2,\"name\":\"Noticias\",\"item\":\"https:\/\/caid.gob.do\/caid\/category\/noticias\/\"},{\"@type\":\"ListItem\",\"position\":3,\"name\":\"CAID moviliza la regi\u00f3n Sur en caminata por el D\u00eda Internacional de las Personas con Discapacidad\"}]},{\"@type\":\"WebSite\",\"@id\":\"https:\/\/caid.gob.do\/caid\/#website\",\"url\":\"https:\/\/caid.gob.do\/caid\/\",\"name\":\"CAID\",\"description\":\"Centro de Atenci\u00f3n Integral a la Discapacidad\",\"publisher\":{\"@id\":\"https:\/\/caid.gob.do\/caid\/#organization\"},\"potentialAction\":[{\"@type\":\"SearchAction\",\"target\":{\"@type\":\"EntryPoint\",\"urlTemplate\":\"https:\/\/caid.gob.do\/caid\/?s={search_term_string}\"},\"query-input\":{\"@type\":\"PropertyValueSpecification\",\"valueRequired\":true,\"valueName\":\"search_term_string\"}}],\"inLanguage\":\"es-DO\"},{\"@type\":\"Organization\",\"@id\":\"https:\/\/caid.gob.do\/caid\/#organization\",\"name\":\"Centro de Atenci\u00f3n Integral para la Discapacidad\",\"url\":\"https:\/\/caid.gob.do\/caid\/\",\"logo\":{\"@type\":\"ImageObject\",\"inLanguage\":\"es-DO\",\"@id\":\"https:\/\/caid.gob.do\/caid\/#\/schema\/logo\/image\/\",\"url\":\"https:\/\/caid.gob.do\/caid\/wp-content\/uploads\/CAID-LOGOS-EN-PNG_Mesa-de-trabajo-1-2-1024x505-1.png\",\"contentUrl\":\"https:\/\/caid.gob.do\/caid\/wp-content\/uploads\/CAID-LOGOS-EN-PNG_Mesa-de-trabajo-1-2-1024x505-1.png\",\"width\":1024,\"height\":505,\"caption\":\"Centro de Atenci\u00f3n Integral para la Discapacidad\"},\"image\":{\"@id\":\"https:\/\/caid.gob.do\/caid\/#\/schema\/logo\/image\/\"},\"sameAs\":[\"https:\/\/www.facebook.com\/redcaidrd\",\"https:\/\/x.com\/CAIDRDO\",\"https:\/\/www.instagram.com\/caidrd\/\",\"https:\/\/www.youtube.com\/channel\/UCLnt-fnRlxQdgJQwjgWkrCg\"]},{\"@type\":\"Person\",\"@id\":\"https:\/\/caid.gob.do\/caid\/#\/schema\/person\/a863734469bfe0e76e7df922f2afee56\",\"name\":\"Marileidy Manzueta de la Rosa\",\"image\":{\"@type\":\"ImageObject\",\"inLanguage\":\"es-DO\",\"@id\":\"https:\/\/caid.gob.do\/caid\/#\/schema\/person\/image\/\",\"url\":\"https:\/\/secure.gravatar.com\/avatar\/99f33815b4c0b13ff0647803fc9e7bed8560d15d8ca068e47374c4bc7cd79870?s=96&d=mm&r=g\",\"contentUrl\":\"https:\/\/secure.gravatar.com\/avatar\/99f33815b4c0b13ff0647803fc9e7bed8560d15d8ca068e47374c4bc7cd79870?s=96&d=mm&r=g\",\"caption\":\"Marileidy Manzueta de la Rosa\"},\"url\":\"https:\/\/caid.gob.do\/caid\/author\/m-manzueta\/\"}]}<\/script>\r\n<!-- \/ Yoast SEO plugin. -->","yoast_head_json":{"title":"CAID moviliza la regi\u00f3n Sur en caminata por el D\u00eda Internacional de las Personas con Discapacidad - CAID","robots":{"index":"index","follow":"follow","max-snippet":"max-snippet:-1","max-image-preview":"max-image-preview:large","max-video-preview":"max-video-preview:-1"},"canonical":"https:\/\/caid.gob.do\/caid\/caid-moviliza-la-region-sur-en-caminata-por-el-dia-internacional-de-las-personas-con-discapacidad\/","og_locale":"es_ES","og_type":"article","og_title":"CAID moviliza la regi\u00f3n Sur en caminata por el D\u00eda Internacional de las Personas con Discapacidad - CAID","og_description":"Santiago, Rep\u00fablica Dominicana. \u2013 Las familias usuarias del Centro de Atenci\u00f3n Integral para la Discapacidad (CAID) Santiago vivieron una experiencia enriquecedora durante su visita a la sala Signos de Identidad y a la exposici\u00f3n Territorios de Creatividad del Centro Cultural Eduardo Le\u00f3n Jimenes, un recorrido que permiti\u00f3 acercar la historia y la cultura dominicana a ni\u00f1os, ni\u00f1as y padres en un entorno accesible y acogedor","og_url":"https:\/\/caid.gob.do\/caid\/caid-moviliza-la-region-sur-en-caminata-por-el-dia-internacional-de-las-personas-con-discapacidad\/","og_site_name":"CAID","article_publisher":"https:\/\/www.facebook.com\/redcaidrd","article_published_time":"2025-12-08T15:01:28+00:00","article_modified_time":"2025-12-08T15:01:48+00:00","og_image":[{"width":2048,"height":1152,"url":"https:\/\/caid.gob.do\/caid\/wp-content\/uploads\/DSC07451-1.jpg","type":"image\/jpeg"}],"author":"Marileidy Manzueta de la Rosa","twitter_card":"summary_large_image","twitter_creator":"@CAIDRDO","twitter_site":"@CAIDRDO","twitter_misc":{"Written by":"Marileidy Manzueta de la Rosa","Est. reading time":"3 minutos"},"schema":{"@context":"https:\/\/schema.org","@graph":[{"@type":"Article","@id":"https:\/\/caid.gob.do\/caid\/caid-moviliza-la-region-sur-en-caminata-por-el-dia-internacional-de-las-personas-con-discapacidad\/#article","isPartOf":{"@id":"https:\/\/caid.gob.do\/caid\/caid-moviliza-la-region-sur-en-caminata-por-el-dia-internacional-de-las-personas-con-discapacidad\/"},"author":{"name":"Marileidy Manzueta de la Rosa","@id":"https:\/\/caid.gob.do\/caid\/#\/schema\/person\/a863734469bfe0e76e7df922f2afee56"},"headline":"CAID moviliza la regi\u00f3n Sur en caminata por el D\u00eda Internacional de las Personas con Discapacidad","datePublished":"2025-12-08T15:01:28+00:00","dateModified":"2025-12-08T15:01:48+00:00","mainEntityOfPage":{"@id":"https:\/\/caid.gob.do\/caid\/caid-moviliza-la-region-sur-en-caminata-por-el-dia-internacional-de-las-personas-con-discapacidad\/"},"wordCount":517,"commentCount":0,"publisher":{"@id":"https:\/\/caid.gob.do\/caid\/#organization"},"image":{"@id":"https:\/\/caid.gob.do\/caid\/caid-moviliza-la-region-sur-en-caminata-por-el-dia-internacional-de-las-personas-con-discapacidad\/#primaryimage"},"thumbnailUrl":"https:\/\/caid.gob.do\/caid\/wp-content\/uploads\/DSC07451-1.jpg","keywords":["Santo Domingo"],"articleSection":["Noticias"],"inLanguage":"es-DO","potentialAction":[{"@type":"CommentAction","name":"Comment","target":["https:\/\/caid.gob.do\/caid\/caid-moviliza-la-region-sur-en-caminata-por-el-dia-internacional-de-las-personas-con-discapacidad\/#respond"]}]},{"@type":"WebPage","@id":"https:\/\/caid.gob.do\/caid\/caid-moviliza-la-region-sur-en-caminata-por-el-dia-internacional-de-las-personas-con-discapacidad\/","url":"https:\/\/caid.gob.do\/caid\/caid-moviliza-la-region-sur-en-caminata-por-el-dia-internacional-de-las-personas-con-discapacidad\/","name":"CAID moviliza la regi\u00f3n Sur en caminata por el D\u00eda Internacional de las Personas con Discapacidad - CAID","isPartOf":{"@id":"https:\/\/caid.gob.do\/caid\/#website"},"primaryImageOfPage":{"@id":"https:\/\/caid.gob.do\/caid\/caid-moviliza-la-region-sur-en-caminata-por-el-dia-internacional-de-las-personas-con-discapacidad\/#primaryimage"},"image":{"@id":"https:\/\/caid.gob.do\/caid\/caid-moviliza-la-region-sur-en-caminata-por-el-dia-internacional-de-las-personas-con-discapacidad\/#primaryimage"},"thumbnailUrl":"https:\/\/caid.gob.do\/caid\/wp-content\/uploads\/DSC07451-1.jpg","datePublished":"2025-12-08T15:01:28+00:00","dateModified":"2025-12-08T15:01:48+00:00","breadcrumb":{"@id":"https:\/\/caid.gob.do\/caid\/caid-moviliza-la-region-sur-en-caminata-por-el-dia-internacional-de-las-personas-con-discapacidad\/#breadcrumb"},"inLanguage":"es-DO","potentialAction":[{"@type":"ReadAction","target":["https:\/\/caid.gob.do\/caid\/caid-moviliza-la-region-sur-en-caminata-por-el-dia-internacional-de-las-personas-con-discapacidad\/"]}]},{"@type":"ImageObject","inLanguage":"es-DO","@id":"https:\/\/caid.gob.do\/caid\/caid-moviliza-la-region-sur-en-caminata-por-el-dia-internacional-de-las-personas-con-discapacidad\/#primaryimage","url":"https:\/\/caid.gob.do\/caid\/wp-content\/uploads\/DSC07451-1.jpg","contentUrl":"https:\/\/caid.gob.do\/caid\/wp-content\/uploads\/DSC07451-1.jpg","width":2048,"height":1152},{"@type":"BreadcrumbList","@id":"https:\/\/caid.gob.do\/caid\/caid-moviliza-la-region-sur-en-caminata-por-el-dia-internacional-de-las-personas-con-discapacidad\/#breadcrumb","itemListElement":[{"@type":"ListItem","position":1,"name":"Est\u00e1s aqu\u00ed:","item":"https:\/\/caid.gob.do\/caid\/"},{"@type":"ListItem","position":2,"name":"Noticias","item":"https:\/\/caid.gob.do\/caid\/category\/noticias\/"},{"@type":"ListItem","position":3,"name":"CAID moviliza la regi\u00f3n Sur en caminata por el D\u00eda Internacional de las Personas con Discapacidad"}]},{"@type":"WebSite","@id":"https:\/\/caid.gob.do\/caid\/#website","url":"https:\/\/caid.gob.do\/caid\/","name":"CAID","description":"Centro de Atenci\u00f3n Integral a la Discapacidad","publisher":{"@id":"https:\/\/caid.gob.do\/caid\/#organization"},"potentialAction":[{"@type":"SearchAction","target":{"@type":"EntryPoint","urlTemplate":"https:\/\/caid.gob.do\/caid\/?s={search_term_string}"},"query-input":{"@type":"PropertyValueSpecification","valueRequired":true,"valueName":"search_term_string"}}],"inLanguage":"es-DO"},{"@type":"Organization","@id":"https:\/\/caid.gob.do\/caid\/#organization","name":"Centro de Atenci\u00f3n Integral para la Discapacidad","url":"https:\/\/caid.gob.do\/caid\/","logo":{"@type":"ImageObject","inLanguage":"es-DO","@id":"https:\/\/caid.gob.do\/caid\/#\/schema\/logo\/image\/","url":"https:\/\/caid.gob.do\/caid\/wp-content\/uploads\/CAID-LOGOS-EN-PNG_Mesa-de-trabajo-1-2-1024x505-1.png","contentUrl":"https:\/\/caid.gob.do\/caid\/wp-content\/uploads\/CAID-LOGOS-EN-PNG_Mesa-de-trabajo-1-2-1024x505-1.png","width":1024,"height":505,"caption":"Centro de Atenci\u00f3n Integral para la Discapacidad"},"image":{"@id":"https:\/\/caid.gob.do\/caid\/#\/schema\/logo\/image\/"},"sameAs":["https:\/\/www.facebook.com\/redcaidrd","https:\/\/x.com\/CAIDRDO","https:\/\/www.instagram.com\/caidrd\/","https:\/\/www.youtube.com\/channel\/UCLnt-fnRlxQdgJQwjgWkrCg"]},{"@type":"Person","@id":"https:\/\/caid.gob.do\/caid\/#\/schema\/person\/a863734469bfe0e76e7df922f2afee56","name":"Marileidy Manzueta de la Rosa","image":{"@type":"ImageObject","inLanguage":"es-DO","@id":"https:\/\/caid.gob.do\/caid\/#\/schema\/person\/image\/","url":"https:\/\/secure.gravatar.com\/avatar\/99f33815b4c0b13ff0647803fc9e7bed8560d15d8ca068e47374c4bc7cd79870?s=96&d=mm&r=g","contentUrl":"https:\/\/secure.gravatar.com\/avatar\/99f33815b4c0b13ff0647803fc9e7bed8560d15d8ca068e47374c4bc7cd79870?s=96&d=mm&r=g","caption":"Marileidy Manzueta de la Rosa"},"url":"https:\/\/caid.gob.do\/caid\/author\/m-manzueta\/"}]}},"jetpack_featured_media_url":"https:\/\/caid.gob.do\/caid\/wp-content\/uploads\/DSC07451-1.jpg","jetpack_sharing_enabled":true,"_links":{"self":[{"href":"https:\/\/caid.gob.do\/caid\/wp-json\/wp\/v2\/posts\/23117","targetHints":{"allow":["GET"]}}],"collection":[{"href":"https:\/\/caid.gob.do\/caid\/wp-json\/wp\/v2\/posts"}],"about":[{"href":"https:\/\/caid.gob.do\/caid\/wp-json\/wp\/v2\/types\/post"}],"author":[{"embeddable":true,"href":"https:\/\/caid.gob.do\/caid\/wp-json\/wp\/v2\/users\/16"}],"replies":[{"embeddable":true,"href":"https:\/\/caid.gob.do\/caid\/wp-json\/wp\/v2\/comments?post=23117"}],"version-history":[{"count":5,"href":"https:\/\/caid.gob.do\/caid\/wp-json\/wp\/v2\/posts\/23117\/revisions"}],"predecessor-version":[{"id":23138,"href":"https:\/\/caid.gob.do\/caid\/wp-json\/wp\/v2\/posts\/23117\/revisions\/23138"}],"wp:featuredmedia":[{"embeddable":true,"href":"https:\/\/caid.gob.do\/caid\/wp-json\/wp\/v2\/media\/23118"}],"wp:attachment":[{"href":"https:\/\/caid.gob.do\/caid\/wp-json\/wp\/v2\/media?parent=23117"}],"wp:term":[{"taxonomy":"category","embeddable":true,"href":"https:\/\/caid.gob.do\/caid\/wp-json\/wp\/v2\/categories?post=23117"},{"taxonomy":"post_tag","embeddable":true,"href":"https:\/\/caid.gob.do\/caid\/wp-json\/wp\/v2\/tags?post=23117"}],"curies":[{"name":"wp","href":"https:\/\/api.w.org\/{rel}","templated":true}]}}