{"id":24182,"date":"2026-04-27T09:03:37","date_gmt":"2026-04-27T13:03:37","guid":{"rendered":"https:\/\/caid.gob.do\/caid\/?p=24182"},"modified":"2026-04-27T09:05:24","modified_gmt":"2026-04-27T13:05:24","slug":"caid-firma-compromiso-estrategico-de-integridad-y-prevencion-de-la-corrupcion-administrativa-2","status":"publish","type":"post","link":"https:\/\/caid.gob.do\/caid\/caid-firma-compromiso-estrategico-de-integridad-y-prevencion-de-la-corrupcion-administrativa-2\/","title":{"rendered":"CAID firma Compromiso Estrat\u00e9gico de Integridad y Prevenci\u00f3n de la Corrupci\u00f3n Administrativa"},"content":{"rendered":"\t\t<div data-elementor-type=\"wp-post\" data-elementor-id=\"24182\" class=\"elementor elementor-24182\" data-elementor-post-type=\"post\">\n\t\t\t\t<div class=\"elementor-element elementor-element-1b1d5337 e-flex e-con-boxed e-con e-parent\" data-id=\"1b1d5337\" data-element_type=\"container\" data-e-type=\"container\">\n\t\t\t\t\t<div class=\"e-con-inner\">\n\t\t\t\t<div class=\"elementor-element elementor-element-4c0c9689 elementor-widget elementor-widget-text-editor\" data-id=\"4c0c9689\" data-element_type=\"widget\" data-e-type=\"widget\" data-widget_type=\"text-editor.default\">\n\t\t\t\t<div class=\"elementor-widget-container\">\n\t\t\t\t\t\t\t\t\t\n<p><img loading=\"lazy\" decoding=\"async\" class=\"alignnone wp-image-24184 size-full\" src=\"https:\/\/caid.gob.do\/caid\/wp-content\/uploads\/DSC00040.jpg\" alt=\"\" width=\"5890\" height=\"3314\" \/><\/p>\n<figure class=\"wp-block-image size-full\"><\/figure>\n\n<p><strong>Santo Domingo, R.D.<\/strong> \u2013 El Centro de Atenci\u00f3n Integral para la Discapacidad (CAID) realiz\u00f3 el acto de firma del Compromiso Estrat\u00e9gico de Integridad y Prevenci\u00f3n de la Corrupci\u00f3n Administrativa, dirigido a los encargados del comit\u00e9 ejecutivo de la instituci\u00f3n, con la participaci\u00f3n de miembros de la Comisi\u00f3n de \u00c9tica y empleados de la entidad.<\/p>\n<p>El objetivo de esta iniciativa es fortalecer la cultura de integridad, \u00e9tica y transparencia dentro de la instituci\u00f3n, as\u00ed como reconocer y consolidar las buenas pr\u00e1cticas organizacionales. Asimismo, este acto marca el inicio del plan de trabajo de la Comisi\u00f3n de Integridad Gubernamental y Cumplimiento Normativo (CIGCN-CAID).<\/p>\n<p>Durante la actividad, el director nacional del CAID, Dr. Fernando Jos\u00e9 Benoit, destac\u00f3 la importancia de este compromiso para el accionar institucional:<\/p>\n<p>\u201c<em>Hoy reafirmamos, como instituci\u00f3n al servicio de las familias, que la integridad no es un enunciado, sino una pr\u00e1ctica diaria que gu\u00eda cada decisi\u00f3n y cada acci\u00f3n.<\/em><\/p>\n<p><em>Este Compromiso de Integridad y Prevenci\u00f3n de la Corrupci\u00f3n Administrativa que firmamos representa nuestra voluntad de actuar con transparencia, responsabilidad y respeto a nuestros usuarios y al inter\u00e9s p\u00fablico\u2019\u2019<\/em><\/p>\n<p>En ese sentido, los firmantes del CAID reafirmaron que, en el desempe\u00f1o de sus funciones, mantendr\u00e1n un estricto apego a los valores \u00e9ticos, garantizando que sus actuaciones est\u00e9n fundamentadas en los principios de la administraci\u00f3n p\u00fablica, as\u00ed como en la protecci\u00f3n de los derechos fundamentales de los ciudadanos.<\/p>\n<p>Participantes<\/p>\n<p>Entre los representantes del CAID Luis Daniel Sosa, encargado del Departamento Jur\u00eddico; Norys V\u00e9lez, encargada del Departamento Comunicaciones; Indhira Plasencio, encargada del Departamento de Planificaci\u00f3n y Desarrollo; Ingrid Agramonte, encargada del Departamento de Recursos Humanos; Karina Sepulveda, encargada del Departamento Financiero; Radhy D\u00edaz, encargada del Departamento de Tecnolog\u00eda de la Informaci\u00f3n y Noelia Ovalles, responsable de Acceso a la Informaci\u00f3n<\/p>\n<p><style>\n.wp-image-20683 {width:100%}\n<\/style><\/p>\n\t\t\t\t\t\t\t\t<\/div>\n\t\t\t\t<\/div>\n\t\t\t\t\t<\/div>\n\t\t\t\t<\/div>\n\t\t\t\t<\/div>\n\t\t","protected":false},"excerpt":{"rendered":"<p>Santo Domingo, R.D. \u2013 El Centro de Atenci\u00f3n Integral para la Discapacidad (CAID) realiz\u00f3 el acto de firma del Compromiso Estrat\u00e9gico de Integridad y Prevenci\u00f3n de la Corrupci\u00f3n Administrativa, dirigido a los encargados del comit\u00e9 ejecutivo de la instituci\u00f3n, con la participaci\u00f3n de miembros de la Comisi\u00f3n de \u00c9tica y empleados de la entidad.<\/p>\n","protected":false},"author":16,"featured_media":24184,"comment_status":"open","ping_status":"open","sticky":false,"template":"","format":"standard","meta":{"_acf_changed":false,"_jetpack_memberships_contains_paid_content":false,"footnotes":""},"categories":[3],"tags":[50],"class_list":["post-24182","post","type-post","status-publish","format-standard","has-post-thumbnail","hentry","category-noticias","tag-santo-domingo"],"acf":[],"yoast_head":"<!-- This site is optimized with the Yoast SEO plugin v27.0 - https:\/\/yoast.com\/product\/yoast-seo-wordpress\/ -->\r\n<title>CAID firma Compromiso Estrat\u00e9gico de Integridad y Prevenci\u00f3n de la Corrupci\u00f3n Administrativa - CAID<\/title>\r\n<meta name=\"robots\" content=\"index, follow, max-snippet:-1, max-image-preview:large, max-video-preview:-1\" \/>\r\n<link rel=\"canonical\" href=\"https:\/\/caid.gob.do\/caid\/caid-firma-compromiso-estrategico-de-integridad-y-prevencion-de-la-corrupcion-administrativa-2\/\" \/>\r\n<meta property=\"og:locale\" content=\"es_ES\" \/>\r\n<meta property=\"og:type\" content=\"article\" \/>\r\n<meta property=\"og:title\" content=\"CAID firma Compromiso Estrat\u00e9gico de Integridad y Prevenci\u00f3n de la Corrupci\u00f3n Administrativa - CAID\" \/>\r\n<meta property=\"og:description\" content=\"Santo Domingo, R.D. \u2013 El Centro de Atenci\u00f3n Integral para la Discapacidad (CAID) realiz\u00f3 el acto de firma del Compromiso Estrat\u00e9gico de Integridad y Prevenci\u00f3n de la Corrupci\u00f3n Administrativa, dirigido a los encargados del comit\u00e9 ejecutivo de la instituci\u00f3n, con la participaci\u00f3n de miembros de la Comisi\u00f3n de \u00c9tica y empleados de la entidad.\" \/>\r\n<meta property=\"og:url\" content=\"https:\/\/caid.gob.do\/caid\/caid-firma-compromiso-estrategico-de-integridad-y-prevencion-de-la-corrupcion-administrativa-2\/\" \/>\r\n<meta property=\"og:site_name\" content=\"CAID\" \/>\r\n<meta property=\"article:publisher\" content=\"https:\/\/www.facebook.com\/redcaidrd\" \/>\r\n<meta property=\"article:published_time\" content=\"2026-04-27T13:03:37+00:00\" \/>\r\n<meta property=\"article:modified_time\" content=\"2026-04-27T13:05:24+00:00\" \/>\r\n<meta property=\"og:image\" content=\"https:\/\/caid.gob.do\/caid\/wp-content\/uploads\/DSC00040.jpg\" \/>\r\n\t<meta property=\"og:image:width\" content=\"800\" \/>\r\n\t<meta property=\"og:image:height\" content=\"450\" \/>\r\n\t<meta property=\"og:image:type\" content=\"image\/jpeg\" \/>\r\n<meta name=\"author\" content=\"Marileidy Manzueta de la Rosa\" \/>\r\n<meta name=\"twitter:card\" content=\"summary_large_image\" \/>\r\n<meta name=\"twitter:creator\" content=\"@CAIDRDO\" \/>\r\n<meta name=\"twitter:site\" content=\"@CAIDRDO\" \/>\r\n<meta name=\"twitter:label1\" content=\"Written by\" \/>\n\t<meta name=\"twitter:data1\" content=\"Marileidy Manzueta de la Rosa\" \/>\n\t<meta name=\"twitter:label2\" content=\"Est. reading time\" \/>\n\t<meta name=\"twitter:data2\" content=\"2 minutos\" \/>\r\n<script type=\"application\/ld+json\" class=\"yoast-schema-graph\">{\"@context\":\"https:\/\/schema.org\",\"@graph\":[{\"@type\":\"Article\",\"@id\":\"https:\/\/caid.gob.do\/caid\/caid-firma-compromiso-estrategico-de-integridad-y-prevencion-de-la-corrupcion-administrativa-2\/#article\",\"isPartOf\":{\"@id\":\"https:\/\/caid.gob.do\/caid\/caid-firma-compromiso-estrategico-de-integridad-y-prevencion-de-la-corrupcion-administrativa-2\/\"},\"author\":{\"name\":\"Marileidy Manzueta de la Rosa\",\"@id\":\"https:\/\/caid.gob.do\/caid\/#\/schema\/person\/a863734469bfe0e76e7df922f2afee56\"},\"headline\":\"CAID firma Compromiso Estrat\u00e9gico de Integridad y Prevenci\u00f3n de la Corrupci\u00f3n Administrativa\",\"datePublished\":\"2026-04-27T13:03:37+00:00\",\"dateModified\":\"2026-04-27T13:05:24+00:00\",\"mainEntityOfPage\":{\"@id\":\"https:\/\/caid.gob.do\/caid\/caid-firma-compromiso-estrategico-de-integridad-y-prevencion-de-la-corrupcion-administrativa-2\/\"},\"wordCount\":335,\"commentCount\":0,\"publisher\":{\"@id\":\"https:\/\/caid.gob.do\/caid\/#organization\"},\"image\":{\"@id\":\"https:\/\/caid.gob.do\/caid\/caid-firma-compromiso-estrategico-de-integridad-y-prevencion-de-la-corrupcion-administrativa-2\/#primaryimage\"},\"thumbnailUrl\":\"https:\/\/caid.gob.do\/caid\/wp-content\/uploads\/DSC00040.jpg\",\"keywords\":[\"Santo Domingo\"],\"articleSection\":[\"Noticias\"],\"inLanguage\":\"es-DO\",\"potentialAction\":[{\"@type\":\"CommentAction\",\"name\":\"Comment\",\"target\":[\"https:\/\/caid.gob.do\/caid\/caid-firma-compromiso-estrategico-de-integridad-y-prevencion-de-la-corrupcion-administrativa-2\/#respond\"]}]},{\"@type\":\"WebPage\",\"@id\":\"https:\/\/caid.gob.do\/caid\/caid-firma-compromiso-estrategico-de-integridad-y-prevencion-de-la-corrupcion-administrativa-2\/\",\"url\":\"https:\/\/caid.gob.do\/caid\/caid-firma-compromiso-estrategico-de-integridad-y-prevencion-de-la-corrupcion-administrativa-2\/\",\"name\":\"CAID firma Compromiso Estrat\u00e9gico de Integridad y Prevenci\u00f3n de la Corrupci\u00f3n Administrativa - CAID\",\"isPartOf\":{\"@id\":\"https:\/\/caid.gob.do\/caid\/#website\"},\"primaryImageOfPage\":{\"@id\":\"https:\/\/caid.gob.do\/caid\/caid-firma-compromiso-estrategico-de-integridad-y-prevencion-de-la-corrupcion-administrativa-2\/#primaryimage\"},\"image\":{\"@id\":\"https:\/\/caid.gob.do\/caid\/caid-firma-compromiso-estrategico-de-integridad-y-prevencion-de-la-corrupcion-administrativa-2\/#primaryimage\"},\"thumbnailUrl\":\"https:\/\/caid.gob.do\/caid\/wp-content\/uploads\/DSC00040.jpg\",\"datePublished\":\"2026-04-27T13:03:37+00:00\",\"dateModified\":\"2026-04-27T13:05:24+00:00\",\"breadcrumb\":{\"@id\":\"https:\/\/caid.gob.do\/caid\/caid-firma-compromiso-estrategico-de-integridad-y-prevencion-de-la-corrupcion-administrativa-2\/#breadcrumb\"},\"inLanguage\":\"es-DO\",\"potentialAction\":[{\"@type\":\"ReadAction\",\"target\":[\"https:\/\/caid.gob.do\/caid\/caid-firma-compromiso-estrategico-de-integridad-y-prevencion-de-la-corrupcion-administrativa-2\/\"]}]},{\"@type\":\"ImageObject\",\"inLanguage\":\"es-DO\",\"@id\":\"https:\/\/caid.gob.do\/caid\/caid-firma-compromiso-estrategico-de-integridad-y-prevencion-de-la-corrupcion-administrativa-2\/#primaryimage\",\"url\":\"https:\/\/caid.gob.do\/caid\/wp-content\/uploads\/DSC00040.jpg\",\"contentUrl\":\"https:\/\/caid.gob.do\/caid\/wp-content\/uploads\/DSC00040.jpg\",\"width\":5890,\"height\":3314},{\"@type\":\"BreadcrumbList\",\"@id\":\"https:\/\/caid.gob.do\/caid\/caid-firma-compromiso-estrategico-de-integridad-y-prevencion-de-la-corrupcion-administrativa-2\/#breadcrumb\",\"itemListElement\":[{\"@type\":\"ListItem\",\"position\":1,\"name\":\"Est\u00e1s aqu\u00ed:\",\"item\":\"https:\/\/caid.gob.do\/caid\/\"},{\"@type\":\"ListItem\",\"position\":2,\"name\":\"Noticias\",\"item\":\"https:\/\/caid.gob.do\/caid\/category\/noticias\/\"},{\"@type\":\"ListItem\",\"position\":3,\"name\":\"CAID firma Compromiso Estrat\u00e9gico de Integridad y Prevenci\u00f3n de la Corrupci\u00f3n Administrativa\"}]},{\"@type\":\"WebSite\",\"@id\":\"https:\/\/caid.gob.do\/caid\/#website\",\"url\":\"https:\/\/caid.gob.do\/caid\/\",\"name\":\"CAID\",\"description\":\"Centro de Atenci\u00f3n Integral a la Discapacidad\",\"publisher\":{\"@id\":\"https:\/\/caid.gob.do\/caid\/#organization\"},\"potentialAction\":[{\"@type\":\"SearchAction\",\"target\":{\"@type\":\"EntryPoint\",\"urlTemplate\":\"https:\/\/caid.gob.do\/caid\/?s={search_term_string}\"},\"query-input\":{\"@type\":\"PropertyValueSpecification\",\"valueRequired\":true,\"valueName\":\"search_term_string\"}}],\"inLanguage\":\"es-DO\"},{\"@type\":\"Organization\",\"@id\":\"https:\/\/caid.gob.do\/caid\/#organization\",\"name\":\"Centro de Atenci\u00f3n Integral para la Discapacidad\",\"url\":\"https:\/\/caid.gob.do\/caid\/\",\"logo\":{\"@type\":\"ImageObject\",\"inLanguage\":\"es-DO\",\"@id\":\"https:\/\/caid.gob.do\/caid\/#\/schema\/logo\/image\/\",\"url\":\"https:\/\/caid.gob.do\/caid\/wp-content\/uploads\/CAID-LOGOS-EN-PNG_Mesa-de-trabajo-1-2-1024x505-1.png\",\"contentUrl\":\"https:\/\/caid.gob.do\/caid\/wp-content\/uploads\/CAID-LOGOS-EN-PNG_Mesa-de-trabajo-1-2-1024x505-1.png\",\"width\":1024,\"height\":505,\"caption\":\"Centro de Atenci\u00f3n Integral para la Discapacidad\"},\"image\":{\"@id\":\"https:\/\/caid.gob.do\/caid\/#\/schema\/logo\/image\/\"},\"sameAs\":[\"https:\/\/www.facebook.com\/redcaidrd\",\"https:\/\/x.com\/CAIDRDO\",\"https:\/\/www.instagram.com\/caidrd\/\",\"https:\/\/www.youtube.com\/channel\/UCLnt-fnRlxQdgJQwjgWkrCg\"]},{\"@type\":\"Person\",\"@id\":\"https:\/\/caid.gob.do\/caid\/#\/schema\/person\/a863734469bfe0e76e7df922f2afee56\",\"name\":\"Marileidy Manzueta de la Rosa\",\"image\":{\"@type\":\"ImageObject\",\"inLanguage\":\"es-DO\",\"@id\":\"https:\/\/caid.gob.do\/caid\/#\/schema\/person\/image\/\",\"url\":\"https:\/\/secure.gravatar.com\/avatar\/99f33815b4c0b13ff0647803fc9e7bed8560d15d8ca068e47374c4bc7cd79870?s=96&d=mm&r=g\",\"contentUrl\":\"https:\/\/secure.gravatar.com\/avatar\/99f33815b4c0b13ff0647803fc9e7bed8560d15d8ca068e47374c4bc7cd79870?s=96&d=mm&r=g\",\"caption\":\"Marileidy Manzueta de la Rosa\"},\"url\":\"https:\/\/caid.gob.do\/caid\/author\/m-manzueta\/\"}]}<\/script>\r\n<!-- \/ Yoast SEO plugin. -->","yoast_head_json":{"title":"CAID firma Compromiso Estrat\u00e9gico de Integridad y Prevenci\u00f3n de la Corrupci\u00f3n Administrativa - CAID","robots":{"index":"index","follow":"follow","max-snippet":"max-snippet:-1","max-image-preview":"max-image-preview:large","max-video-preview":"max-video-preview:-1"},"canonical":"https:\/\/caid.gob.do\/caid\/caid-firma-compromiso-estrategico-de-integridad-y-prevencion-de-la-corrupcion-administrativa-2\/","og_locale":"es_ES","og_type":"article","og_title":"CAID firma Compromiso Estrat\u00e9gico de Integridad y Prevenci\u00f3n de la Corrupci\u00f3n Administrativa - CAID","og_description":"Santo Domingo, R.D. \u2013 El Centro de Atenci\u00f3n Integral para la Discapacidad (CAID) realiz\u00f3 el acto de firma del Compromiso Estrat\u00e9gico de Integridad y Prevenci\u00f3n de la Corrupci\u00f3n Administrativa, dirigido a los encargados del comit\u00e9 ejecutivo de la instituci\u00f3n, con la participaci\u00f3n de miembros de la Comisi\u00f3n de \u00c9tica y empleados de la entidad.","og_url":"https:\/\/caid.gob.do\/caid\/caid-firma-compromiso-estrategico-de-integridad-y-prevencion-de-la-corrupcion-administrativa-2\/","og_site_name":"CAID","article_publisher":"https:\/\/www.facebook.com\/redcaidrd","article_published_time":"2026-04-27T13:03:37+00:00","article_modified_time":"2026-04-27T13:05:24+00:00","og_image":[{"url":"https:\/\/caid.gob.do\/caid\/wp-content\/uploads\/DSC00040.jpg","width":800,"height":450,"type":"image\/jpeg"}],"author":"Marileidy Manzueta de la Rosa","twitter_card":"summary_large_image","twitter_creator":"@CAIDRDO","twitter_site":"@CAIDRDO","twitter_misc":{"Written by":"Marileidy Manzueta de la Rosa","Est. reading time":"2 minutos"},"schema":{"@context":"https:\/\/schema.org","@graph":[{"@type":"Article","@id":"https:\/\/caid.gob.do\/caid\/caid-firma-compromiso-estrategico-de-integridad-y-prevencion-de-la-corrupcion-administrativa-2\/#article","isPartOf":{"@id":"https:\/\/caid.gob.do\/caid\/caid-firma-compromiso-estrategico-de-integridad-y-prevencion-de-la-corrupcion-administrativa-2\/"},"author":{"name":"Marileidy Manzueta de la Rosa","@id":"https:\/\/caid.gob.do\/caid\/#\/schema\/person\/a863734469bfe0e76e7df922f2afee56"},"headline":"CAID firma Compromiso Estrat\u00e9gico de Integridad y Prevenci\u00f3n de la Corrupci\u00f3n Administrativa","datePublished":"2026-04-27T13:03:37+00:00","dateModified":"2026-04-27T13:05:24+00:00","mainEntityOfPage":{"@id":"https:\/\/caid.gob.do\/caid\/caid-firma-compromiso-estrategico-de-integridad-y-prevencion-de-la-corrupcion-administrativa-2\/"},"wordCount":335,"commentCount":0,"publisher":{"@id":"https:\/\/caid.gob.do\/caid\/#organization"},"image":{"@id":"https:\/\/caid.gob.do\/caid\/caid-firma-compromiso-estrategico-de-integridad-y-prevencion-de-la-corrupcion-administrativa-2\/#primaryimage"},"thumbnailUrl":"https:\/\/caid.gob.do\/caid\/wp-content\/uploads\/DSC00040.jpg","keywords":["Santo Domingo"],"articleSection":["Noticias"],"inLanguage":"es-DO","potentialAction":[{"@type":"CommentAction","name":"Comment","target":["https:\/\/caid.gob.do\/caid\/caid-firma-compromiso-estrategico-de-integridad-y-prevencion-de-la-corrupcion-administrativa-2\/#respond"]}]},{"@type":"WebPage","@id":"https:\/\/caid.gob.do\/caid\/caid-firma-compromiso-estrategico-de-integridad-y-prevencion-de-la-corrupcion-administrativa-2\/","url":"https:\/\/caid.gob.do\/caid\/caid-firma-compromiso-estrategico-de-integridad-y-prevencion-de-la-corrupcion-administrativa-2\/","name":"CAID firma Compromiso Estrat\u00e9gico de Integridad y Prevenci\u00f3n de la Corrupci\u00f3n Administrativa - CAID","isPartOf":{"@id":"https:\/\/caid.gob.do\/caid\/#website"},"primaryImageOfPage":{"@id":"https:\/\/caid.gob.do\/caid\/caid-firma-compromiso-estrategico-de-integridad-y-prevencion-de-la-corrupcion-administrativa-2\/#primaryimage"},"image":{"@id":"https:\/\/caid.gob.do\/caid\/caid-firma-compromiso-estrategico-de-integridad-y-prevencion-de-la-corrupcion-administrativa-2\/#primaryimage"},"thumbnailUrl":"https:\/\/caid.gob.do\/caid\/wp-content\/uploads\/DSC00040.jpg","datePublished":"2026-04-27T13:03:37+00:00","dateModified":"2026-04-27T13:05:24+00:00","breadcrumb":{"@id":"https:\/\/caid.gob.do\/caid\/caid-firma-compromiso-estrategico-de-integridad-y-prevencion-de-la-corrupcion-administrativa-2\/#breadcrumb"},"inLanguage":"es-DO","potentialAction":[{"@type":"ReadAction","target":["https:\/\/caid.gob.do\/caid\/caid-firma-compromiso-estrategico-de-integridad-y-prevencion-de-la-corrupcion-administrativa-2\/"]}]},{"@type":"ImageObject","inLanguage":"es-DO","@id":"https:\/\/caid.gob.do\/caid\/caid-firma-compromiso-estrategico-de-integridad-y-prevencion-de-la-corrupcion-administrativa-2\/#primaryimage","url":"https:\/\/caid.gob.do\/caid\/wp-content\/uploads\/DSC00040.jpg","contentUrl":"https:\/\/caid.gob.do\/caid\/wp-content\/uploads\/DSC00040.jpg","width":5890,"height":3314},{"@type":"BreadcrumbList","@id":"https:\/\/caid.gob.do\/caid\/caid-firma-compromiso-estrategico-de-integridad-y-prevencion-de-la-corrupcion-administrativa-2\/#breadcrumb","itemListElement":[{"@type":"ListItem","position":1,"name":"Est\u00e1s aqu\u00ed:","item":"https:\/\/caid.gob.do\/caid\/"},{"@type":"ListItem","position":2,"name":"Noticias","item":"https:\/\/caid.gob.do\/caid\/category\/noticias\/"},{"@type":"ListItem","position":3,"name":"CAID firma Compromiso Estrat\u00e9gico de Integridad y Prevenci\u00f3n de la Corrupci\u00f3n Administrativa"}]},{"@type":"WebSite","@id":"https:\/\/caid.gob.do\/caid\/#website","url":"https:\/\/caid.gob.do\/caid\/","name":"CAID","description":"Centro de Atenci\u00f3n Integral a la Discapacidad","publisher":{"@id":"https:\/\/caid.gob.do\/caid\/#organization"},"potentialAction":[{"@type":"SearchAction","target":{"@type":"EntryPoint","urlTemplate":"https:\/\/caid.gob.do\/caid\/?s={search_term_string}"},"query-input":{"@type":"PropertyValueSpecification","valueRequired":true,"valueName":"search_term_string"}}],"inLanguage":"es-DO"},{"@type":"Organization","@id":"https:\/\/caid.gob.do\/caid\/#organization","name":"Centro de Atenci\u00f3n Integral para la Discapacidad","url":"https:\/\/caid.gob.do\/caid\/","logo":{"@type":"ImageObject","inLanguage":"es-DO","@id":"https:\/\/caid.gob.do\/caid\/#\/schema\/logo\/image\/","url":"https:\/\/caid.gob.do\/caid\/wp-content\/uploads\/CAID-LOGOS-EN-PNG_Mesa-de-trabajo-1-2-1024x505-1.png","contentUrl":"https:\/\/caid.gob.do\/caid\/wp-content\/uploads\/CAID-LOGOS-EN-PNG_Mesa-de-trabajo-1-2-1024x505-1.png","width":1024,"height":505,"caption":"Centro de Atenci\u00f3n Integral para la Discapacidad"},"image":{"@id":"https:\/\/caid.gob.do\/caid\/#\/schema\/logo\/image\/"},"sameAs":["https:\/\/www.facebook.com\/redcaidrd","https:\/\/x.com\/CAIDRDO","https:\/\/www.instagram.com\/caidrd\/","https:\/\/www.youtube.com\/channel\/UCLnt-fnRlxQdgJQwjgWkrCg"]},{"@type":"Person","@id":"https:\/\/caid.gob.do\/caid\/#\/schema\/person\/a863734469bfe0e76e7df922f2afee56","name":"Marileidy Manzueta de la Rosa","image":{"@type":"ImageObject","inLanguage":"es-DO","@id":"https:\/\/caid.gob.do\/caid\/#\/schema\/person\/image\/","url":"https:\/\/secure.gravatar.com\/avatar\/99f33815b4c0b13ff0647803fc9e7bed8560d15d8ca068e47374c4bc7cd79870?s=96&d=mm&r=g","contentUrl":"https:\/\/secure.gravatar.com\/avatar\/99f33815b4c0b13ff0647803fc9e7bed8560d15d8ca068e47374c4bc7cd79870?s=96&d=mm&r=g","caption":"Marileidy Manzueta de la Rosa"},"url":"https:\/\/caid.gob.do\/caid\/author\/m-manzueta\/"}]}},"jetpack_featured_media_url":"https:\/\/caid.gob.do\/caid\/wp-content\/uploads\/DSC00040.jpg","jetpack_sharing_enabled":true,"_links":{"self":[{"href":"https:\/\/caid.gob.do\/caid\/wp-json\/wp\/v2\/posts\/24182","targetHints":{"allow":["GET"]}}],"collection":[{"href":"https:\/\/caid.gob.do\/caid\/wp-json\/wp\/v2\/posts"}],"about":[{"href":"https:\/\/caid.gob.do\/caid\/wp-json\/wp\/v2\/types\/post"}],"author":[{"embeddable":true,"href":"https:\/\/caid.gob.do\/caid\/wp-json\/wp\/v2\/users\/16"}],"replies":[{"embeddable":true,"href":"https:\/\/caid.gob.do\/caid\/wp-json\/wp\/v2\/comments?post=24182"}],"version-history":[{"count":6,"href":"https:\/\/caid.gob.do\/caid\/wp-json\/wp\/v2\/posts\/24182\/revisions"}],"predecessor-version":[{"id":24189,"href":"https:\/\/caid.gob.do\/caid\/wp-json\/wp\/v2\/posts\/24182\/revisions\/24189"}],"wp:featuredmedia":[{"embeddable":true,"href":"https:\/\/caid.gob.do\/caid\/wp-json\/wp\/v2\/media\/24184"}],"wp:attachment":[{"href":"https:\/\/caid.gob.do\/caid\/wp-json\/wp\/v2\/media?parent=24182"}],"wp:term":[{"taxonomy":"category","embeddable":true,"href":"https:\/\/caid.gob.do\/caid\/wp-json\/wp\/v2\/categories?post=24182"},{"taxonomy":"post_tag","embeddable":true,"href":"https:\/\/caid.gob.do\/caid\/wp-json\/wp\/v2\/tags?post=24182"}],"curies":[{"name":"wp","href":"https:\/\/api.w.org\/{rel}","templated":true}]}}