{"id":24233,"date":"2026-04-30T14:37:01","date_gmt":"2026-04-30T18:37:01","guid":{"rendered":"https:\/\/caid.gob.do\/caid\/?p=24233"},"modified":"2026-04-30T14:41:16","modified_gmt":"2026-04-30T18:41:16","slug":"caid-realiza-su-2do-congreso-inclusion-mas-alla-del-diagnostico","status":"publish","type":"post","link":"https:\/\/caid.gob.do\/caid\/caid-realiza-su-2do-congreso-inclusion-mas-alla-del-diagnostico\/","title":{"rendered":"CAID realiza su 2do. Congreso \u201cInclusi\u00f3n, m\u00e1s all\u00e1 del diagn\u00f3stico\u201d"},"content":{"rendered":"\t\t<div data-elementor-type=\"wp-post\" data-elementor-id=\"24233\" class=\"elementor elementor-24233\" data-elementor-post-type=\"post\">\n\t\t\t\t<div class=\"elementor-element elementor-element-1b1d5337 e-flex e-con-boxed e-con e-parent\" data-id=\"1b1d5337\" data-element_type=\"container\" data-e-type=\"container\">\n\t\t\t\t\t<div class=\"e-con-inner\">\n\t\t\t\t<div class=\"elementor-element elementor-element-4c0c9689 elementor-widget elementor-widget-text-editor\" data-id=\"4c0c9689\" data-element_type=\"widget\" data-e-type=\"widget\" data-widget_type=\"text-editor.default\">\n\t\t\t\t<div class=\"elementor-widget-container\">\n\t\t\t\t\t\t\t\t\t\n<p><img loading=\"lazy\" decoding=\"async\" class=\"alignnone wp-image-24236 size-full\" src=\"https:\/\/caid.gob.do\/caid\/wp-content\/uploads\/Foto-principal-1-3.jpg\" alt=\"\" width=\"4023\" height=\"2682\" \/><\/p>\n<figure class=\"wp-block-image size-full\"><\/figure>\n\n<p><em>El evento busca promover la participaci\u00f3n de toda la sociedad en la construcci\u00f3n de un entorno m\u00e1s inclusivo, poniendo en el centro a la persona y su desarrollo integral.<\/em><\/p>\n<p><strong>Santo Domingo.<\/strong> \u2013 El Centro de Atenci\u00f3n Integral para la Discapacidad (CAID) dej\u00f3 inaugurado el 2do. Congreso \u201cInclusi\u00f3n, m\u00e1s all\u00e1 del diagn\u00f3stico\u201d, un espacio de formaci\u00f3n para compartir conocimientos, experiencias y avances en torno a la inclusi\u00f3n, en un acto que cont\u00f3 con la presencia de la vicepresidenta de la Rep\u00fablica, Raquel Pe\u00f1a.<\/p>\n<p>Durante su intervenci\u00f3n, la vicemandataria reafirm\u00f3 el compromiso del Gobierno con la construcci\u00f3n de una sociedad m\u00e1s inclusiva, donde cada persona tenga igualdad de oportunidades para desarrollarse plenamente.<\/p>\n<p><img loading=\"lazy\" decoding=\"async\" class=\"alignnone size-full wp-image-24237\" src=\"https:\/\/caid.gob.do\/caid\/wp-content\/uploads\/Foto-secundaria-1-1.jpg\" alt=\"\" width=\"6000\" height=\"3376\" \/><\/p>\n<p>\u201cDesde el Gobierno que encabeza el presidente Luis Abinader, trabajamos para fortalecer pol\u00edticas p\u00fablicas que acompa\u00f1en a las familias y promuevan entornos m\u00e1s justos y accesibles\u201d, expres\u00f3 Pe\u00f1a, al mencionar el Plan Nacional de Discapacidad 2025-2035, una pol\u00edtica p\u00fablica que traza una hoja de ruta para garantizar igualdad de oportunidades y promover el acceso a servicios de salud, rehabilitaci\u00f3n e integraci\u00f3n en el sistema educativo, en el \u00e1mbito laboral y en la vida social y cultural de las personas con discapacidad.<\/p>\n<p>Por su parte el presidente del Consejo Directivo del CAID, padre Jorge William Hern\u00e1ndez, manifest\u00f3 que el congreso asume como componente inseparable de la calidad de la atenci\u00f3n y sus avances, una mirada social y de derechos humanos. \u201cNo queremos solo abordar los temas relacionados con la atenci\u00f3n m\u00e9dica y terap\u00e9utica de la discapacidad, sino poner el acento en la inclusi\u00f3n como aspecto fundamental\u201d, precis\u00f3 Hern\u00e1ndez.<\/p>\n<p><img loading=\"lazy\" decoding=\"async\" class=\"alignnone size-full wp-image-24238\" src=\"https:\/\/caid.gob.do\/caid\/wp-content\/uploads\/Tercera-foto.jpg\" alt=\"\" width=\"5823\" height=\"3276\" \/><\/p>\n<p>Catorce expositores nacionales e internacionales intervendr\u00e1n durante dos d\u00edas para exponer los avances en la inclusi\u00f3n, a fin de promover la participaci\u00f3n activa de la sociedad en la construcci\u00f3n de un entorno m\u00e1s inclusivo, poniendo en el centro a la persona y su desarrollo integral.<\/p>\n<p>El congreso abordar\u00e1 aspectos como calidad de vida de las personas con alguna condici\u00f3n de discapacidad, pol\u00edticas p\u00fablicas, creaci\u00f3n de espacios urbanos accesibles, tecnolog\u00edas de apoyo, importancia de la alimentaci\u00f3n para el desarrollo de los ni\u00f1os, programas del CAID en favor de ni\u00f1os y ni\u00f1as con discapacidad, entre otros.<\/p>\n<p>La conferencia inaugural, <em>\u201cCalidad de vida y sus implicaciones en la evaluaci\u00f3n y planificaci\u00f3n de servicios de apoyo\u201d<\/em>, estuvo a cargo de Jos\u00e9 Luis Cuesta, especialista con m\u00e1s de 35 a\u00f1os de experiencia y actualmente director de la c\u00e1tedra<\/p>\n<p>Miradas por el Autismo y de la Escuela de Doctorado de la Universidad de Burgos, Espa\u00f1a.<\/p>\n<p><img loading=\"lazy\" decoding=\"async\" class=\"alignnone size-full wp-image-24240\" src=\"https:\/\/caid.gob.do\/caid\/wp-content\/uploads\/Cuarta-foto-1.jpg\" alt=\"\" width=\"6000\" height=\"3376\" \/><\/p>\n<p>El evento, cuenta con el patrocinio de Grupo Naturgy, Humanos Seguros, Industrias San Miguel, Fundaci\u00f3n Corripio, Fundaci\u00f3n Refidonsa y Nuestra Casita RD.<\/p>\n<p><strong>Transmisi\u00f3n en vivo<\/strong><\/p>\n<p>Como parte del inter\u00e9s de la instituci\u00f3n de que toda la poblaci\u00f3n sea parte de esta conversaci\u00f3n que promueve la inclusi\u00f3n, estar\u00e1 transmitiendo en vivo a trav\u00e9s del enlace <a href=\"https:\/\/www.youtube.com\/@caidrd2035\">https:\/\/www.youtube.com\/@caidrd2035<\/a><\/p>\n<p><style>\n.wp-image-20683 {width:100%}\n<\/style><\/p>\n\t\t\t\t\t\t\t\t<\/div>\n\t\t\t\t<\/div>\n\t\t\t\t\t<\/div>\n\t\t\t\t<\/div>\n\t\t\t\t<\/div>\n\t\t","protected":false},"excerpt":{"rendered":"<p>Santo Domingo. \u2013 El Centro de Atenci\u00f3n Integral para la Discapacidad (CAID) dej\u00f3 inaugurado el 2do. Congreso \u201cInclusi\u00f3n, m\u00e1s all\u00e1 del diagn\u00f3stico\u201d, un espacio de formaci\u00f3n para compartir conocimientos, experiencias y avances en torno a la inclusi\u00f3n, en un acto que cont\u00f3 con la presencia de la vicepresidenta de la Rep\u00fablica, Raquel Pe\u00f1a.<\/p>\n","protected":false},"author":16,"featured_media":24236,"comment_status":"open","ping_status":"open","sticky":false,"template":"","format":"standard","meta":{"_acf_changed":false,"_jetpack_memberships_contains_paid_content":false,"footnotes":""},"categories":[56,3],"tags":[50],"class_list":["post-24233","post","type-post","status-publish","format-standard","has-post-thumbnail","hentry","category-congreso","category-noticias","tag-santo-domingo"],"acf":[],"yoast_head":"<!-- This site is optimized with the Yoast SEO plugin v27.0 - https:\/\/yoast.com\/product\/yoast-seo-wordpress\/ -->\r\n<title>CAID realiza su 2do. Congreso \u201cInclusi\u00f3n, m\u00e1s all\u00e1 del diagn\u00f3stico\u201d - CAID<\/title>\r\n<meta name=\"robots\" content=\"index, follow, max-snippet:-1, max-image-preview:large, max-video-preview:-1\" \/>\r\n<link rel=\"canonical\" href=\"https:\/\/caid.gob.do\/caid\/caid-realiza-su-2do-congreso-inclusion-mas-alla-del-diagnostico\/\" \/>\r\n<meta property=\"og:locale\" content=\"es_ES\" \/>\r\n<meta property=\"og:type\" content=\"article\" \/>\r\n<meta property=\"og:title\" content=\"CAID realiza su 2do. Congreso \u201cInclusi\u00f3n, m\u00e1s all\u00e1 del diagn\u00f3stico\u201d - CAID\" \/>\r\n<meta property=\"og:description\" content=\"Santo Domingo. \u2013 El Centro de Atenci\u00f3n Integral para la Discapacidad (CAID) dej\u00f3 inaugurado el 2do. Congreso \u201cInclusi\u00f3n, m\u00e1s all\u00e1 del diagn\u00f3stico\u201d, un espacio de formaci\u00f3n para compartir conocimientos, experiencias y avances en torno a la inclusi\u00f3n, en un acto que cont\u00f3 con la presencia de la vicepresidenta de la Rep\u00fablica, Raquel Pe\u00f1a.\" \/>\r\n<meta property=\"og:url\" content=\"https:\/\/caid.gob.do\/caid\/caid-realiza-su-2do-congreso-inclusion-mas-alla-del-diagnostico\/\" \/>\r\n<meta property=\"og:site_name\" content=\"CAID\" \/>\r\n<meta property=\"article:publisher\" content=\"https:\/\/www.facebook.com\/redcaidrd\" \/>\r\n<meta property=\"article:published_time\" content=\"2026-04-30T18:37:01+00:00\" \/>\r\n<meta property=\"article:modified_time\" content=\"2026-04-30T18:41:16+00:00\" \/>\r\n<meta property=\"og:image\" content=\"https:\/\/caid.gob.do\/caid\/wp-content\/uploads\/Foto-principal-1-3.jpg\" \/>\r\n\t<meta property=\"og:image:width\" content=\"800\" \/>\r\n\t<meta property=\"og:image:height\" content=\"533\" \/>\r\n\t<meta property=\"og:image:type\" content=\"image\/jpeg\" \/>\r\n<meta name=\"author\" content=\"Marileidy Manzueta de la Rosa\" \/>\r\n<meta name=\"twitter:card\" content=\"summary_large_image\" \/>\r\n<meta name=\"twitter:creator\" content=\"@CAIDRDO\" \/>\r\n<meta name=\"twitter:site\" content=\"@CAIDRDO\" \/>\r\n<meta name=\"twitter:label1\" content=\"Written by\" \/>\n\t<meta name=\"twitter:data1\" content=\"Marileidy Manzueta de la Rosa\" \/>\n\t<meta name=\"twitter:label2\" content=\"Est. reading time\" \/>\n\t<meta name=\"twitter:data2\" content=\"3 minutos\" \/>\r\n<script type=\"application\/ld+json\" class=\"yoast-schema-graph\">{\"@context\":\"https:\/\/schema.org\",\"@graph\":[{\"@type\":\"Article\",\"@id\":\"https:\/\/caid.gob.do\/caid\/caid-realiza-su-2do-congreso-inclusion-mas-alla-del-diagnostico\/#article\",\"isPartOf\":{\"@id\":\"https:\/\/caid.gob.do\/caid\/caid-realiza-su-2do-congreso-inclusion-mas-alla-del-diagnostico\/\"},\"author\":{\"name\":\"Marileidy Manzueta de la Rosa\",\"@id\":\"https:\/\/caid.gob.do\/caid\/#\/schema\/person\/a863734469bfe0e76e7df922f2afee56\"},\"headline\":\"CAID realiza su 2do. Congreso \u201cInclusi\u00f3n, m\u00e1s all\u00e1 del diagn\u00f3stico\u201d\",\"datePublished\":\"2026-04-30T18:37:01+00:00\",\"dateModified\":\"2026-04-30T18:41:16+00:00\",\"mainEntityOfPage\":{\"@id\":\"https:\/\/caid.gob.do\/caid\/caid-realiza-su-2do-congreso-inclusion-mas-alla-del-diagnostico\/\"},\"wordCount\":536,\"commentCount\":0,\"publisher\":{\"@id\":\"https:\/\/caid.gob.do\/caid\/#organization\"},\"image\":{\"@id\":\"https:\/\/caid.gob.do\/caid\/caid-realiza-su-2do-congreso-inclusion-mas-alla-del-diagnostico\/#primaryimage\"},\"thumbnailUrl\":\"https:\/\/caid.gob.do\/caid\/wp-content\/uploads\/Foto-principal-1-3.jpg\",\"keywords\":[\"Santo Domingo\"],\"articleSection\":[\"Congreso\",\"Noticias\"],\"inLanguage\":\"es-DO\",\"potentialAction\":[{\"@type\":\"CommentAction\",\"name\":\"Comment\",\"target\":[\"https:\/\/caid.gob.do\/caid\/caid-realiza-su-2do-congreso-inclusion-mas-alla-del-diagnostico\/#respond\"]}]},{\"@type\":\"WebPage\",\"@id\":\"https:\/\/caid.gob.do\/caid\/caid-realiza-su-2do-congreso-inclusion-mas-alla-del-diagnostico\/\",\"url\":\"https:\/\/caid.gob.do\/caid\/caid-realiza-su-2do-congreso-inclusion-mas-alla-del-diagnostico\/\",\"name\":\"CAID realiza su 2do. Congreso \u201cInclusi\u00f3n, m\u00e1s all\u00e1 del diagn\u00f3stico\u201d - CAID\",\"isPartOf\":{\"@id\":\"https:\/\/caid.gob.do\/caid\/#website\"},\"primaryImageOfPage\":{\"@id\":\"https:\/\/caid.gob.do\/caid\/caid-realiza-su-2do-congreso-inclusion-mas-alla-del-diagnostico\/#primaryimage\"},\"image\":{\"@id\":\"https:\/\/caid.gob.do\/caid\/caid-realiza-su-2do-congreso-inclusion-mas-alla-del-diagnostico\/#primaryimage\"},\"thumbnailUrl\":\"https:\/\/caid.gob.do\/caid\/wp-content\/uploads\/Foto-principal-1-3.jpg\",\"datePublished\":\"2026-04-30T18:37:01+00:00\",\"dateModified\":\"2026-04-30T18:41:16+00:00\",\"breadcrumb\":{\"@id\":\"https:\/\/caid.gob.do\/caid\/caid-realiza-su-2do-congreso-inclusion-mas-alla-del-diagnostico\/#breadcrumb\"},\"inLanguage\":\"es-DO\",\"potentialAction\":[{\"@type\":\"ReadAction\",\"target\":[\"https:\/\/caid.gob.do\/caid\/caid-realiza-su-2do-congreso-inclusion-mas-alla-del-diagnostico\/\"]}]},{\"@type\":\"ImageObject\",\"inLanguage\":\"es-DO\",\"@id\":\"https:\/\/caid.gob.do\/caid\/caid-realiza-su-2do-congreso-inclusion-mas-alla-del-diagnostico\/#primaryimage\",\"url\":\"https:\/\/caid.gob.do\/caid\/wp-content\/uploads\/Foto-principal-1-3.jpg\",\"contentUrl\":\"https:\/\/caid.gob.do\/caid\/wp-content\/uploads\/Foto-principal-1-3.jpg\",\"width\":4023,\"height\":2682},{\"@type\":\"BreadcrumbList\",\"@id\":\"https:\/\/caid.gob.do\/caid\/caid-realiza-su-2do-congreso-inclusion-mas-alla-del-diagnostico\/#breadcrumb\",\"itemListElement\":[{\"@type\":\"ListItem\",\"position\":1,\"name\":\"Est\u00e1s aqu\u00ed:\",\"item\":\"https:\/\/caid.gob.do\/caid\/\"},{\"@type\":\"ListItem\",\"position\":2,\"name\":\"Congreso\",\"item\":\"https:\/\/caid.gob.do\/caid\/category\/congreso\/\"},{\"@type\":\"ListItem\",\"position\":3,\"name\":\"CAID realiza su 2do. Congreso \u201cInclusi\u00f3n, m\u00e1s all\u00e1 del diagn\u00f3stico\u201d\"}]},{\"@type\":\"WebSite\",\"@id\":\"https:\/\/caid.gob.do\/caid\/#website\",\"url\":\"https:\/\/caid.gob.do\/caid\/\",\"name\":\"CAID\",\"description\":\"Centro de Atenci\u00f3n Integral a la Discapacidad\",\"publisher\":{\"@id\":\"https:\/\/caid.gob.do\/caid\/#organization\"},\"potentialAction\":[{\"@type\":\"SearchAction\",\"target\":{\"@type\":\"EntryPoint\",\"urlTemplate\":\"https:\/\/caid.gob.do\/caid\/?s={search_term_string}\"},\"query-input\":{\"@type\":\"PropertyValueSpecification\",\"valueRequired\":true,\"valueName\":\"search_term_string\"}}],\"inLanguage\":\"es-DO\"},{\"@type\":\"Organization\",\"@id\":\"https:\/\/caid.gob.do\/caid\/#organization\",\"name\":\"Centro de Atenci\u00f3n Integral para la Discapacidad\",\"url\":\"https:\/\/caid.gob.do\/caid\/\",\"logo\":{\"@type\":\"ImageObject\",\"inLanguage\":\"es-DO\",\"@id\":\"https:\/\/caid.gob.do\/caid\/#\/schema\/logo\/image\/\",\"url\":\"https:\/\/caid.gob.do\/caid\/wp-content\/uploads\/CAID-LOGOS-EN-PNG_Mesa-de-trabajo-1-2-1024x505-1.png\",\"contentUrl\":\"https:\/\/caid.gob.do\/caid\/wp-content\/uploads\/CAID-LOGOS-EN-PNG_Mesa-de-trabajo-1-2-1024x505-1.png\",\"width\":1024,\"height\":505,\"caption\":\"Centro de Atenci\u00f3n Integral para la Discapacidad\"},\"image\":{\"@id\":\"https:\/\/caid.gob.do\/caid\/#\/schema\/logo\/image\/\"},\"sameAs\":[\"https:\/\/www.facebook.com\/redcaidrd\",\"https:\/\/x.com\/CAIDRDO\",\"https:\/\/www.instagram.com\/caidrd\/\",\"https:\/\/www.youtube.com\/channel\/UCLnt-fnRlxQdgJQwjgWkrCg\"]},{\"@type\":\"Person\",\"@id\":\"https:\/\/caid.gob.do\/caid\/#\/schema\/person\/a863734469bfe0e76e7df922f2afee56\",\"name\":\"Marileidy Manzueta de la Rosa\",\"image\":{\"@type\":\"ImageObject\",\"inLanguage\":\"es-DO\",\"@id\":\"https:\/\/caid.gob.do\/caid\/#\/schema\/person\/image\/\",\"url\":\"https:\/\/secure.gravatar.com\/avatar\/99f33815b4c0b13ff0647803fc9e7bed8560d15d8ca068e47374c4bc7cd79870?s=96&d=mm&r=g\",\"contentUrl\":\"https:\/\/secure.gravatar.com\/avatar\/99f33815b4c0b13ff0647803fc9e7bed8560d15d8ca068e47374c4bc7cd79870?s=96&d=mm&r=g\",\"caption\":\"Marileidy Manzueta de la Rosa\"},\"url\":\"https:\/\/caid.gob.do\/caid\/author\/m-manzueta\/\"}]}<\/script>\r\n<!-- \/ Yoast SEO plugin. -->","yoast_head_json":{"title":"CAID realiza su 2do. Congreso \u201cInclusi\u00f3n, m\u00e1s all\u00e1 del diagn\u00f3stico\u201d - CAID","robots":{"index":"index","follow":"follow","max-snippet":"max-snippet:-1","max-image-preview":"max-image-preview:large","max-video-preview":"max-video-preview:-1"},"canonical":"https:\/\/caid.gob.do\/caid\/caid-realiza-su-2do-congreso-inclusion-mas-alla-del-diagnostico\/","og_locale":"es_ES","og_type":"article","og_title":"CAID realiza su 2do. Congreso \u201cInclusi\u00f3n, m\u00e1s all\u00e1 del diagn\u00f3stico\u201d - CAID","og_description":"Santo Domingo. \u2013 El Centro de Atenci\u00f3n Integral para la Discapacidad (CAID) dej\u00f3 inaugurado el 2do. Congreso \u201cInclusi\u00f3n, m\u00e1s all\u00e1 del diagn\u00f3stico\u201d, un espacio de formaci\u00f3n para compartir conocimientos, experiencias y avances en torno a la inclusi\u00f3n, en un acto que cont\u00f3 con la presencia de la vicepresidenta de la Rep\u00fablica, Raquel Pe\u00f1a.","og_url":"https:\/\/caid.gob.do\/caid\/caid-realiza-su-2do-congreso-inclusion-mas-alla-del-diagnostico\/","og_site_name":"CAID","article_publisher":"https:\/\/www.facebook.com\/redcaidrd","article_published_time":"2026-04-30T18:37:01+00:00","article_modified_time":"2026-04-30T18:41:16+00:00","og_image":[{"url":"https:\/\/caid.gob.do\/caid\/wp-content\/uploads\/Foto-principal-1-3.jpg","width":800,"height":533,"type":"image\/jpeg"}],"author":"Marileidy Manzueta de la Rosa","twitter_card":"summary_large_image","twitter_creator":"@CAIDRDO","twitter_site":"@CAIDRDO","twitter_misc":{"Written by":"Marileidy Manzueta de la Rosa","Est. reading time":"3 minutos"},"schema":{"@context":"https:\/\/schema.org","@graph":[{"@type":"Article","@id":"https:\/\/caid.gob.do\/caid\/caid-realiza-su-2do-congreso-inclusion-mas-alla-del-diagnostico\/#article","isPartOf":{"@id":"https:\/\/caid.gob.do\/caid\/caid-realiza-su-2do-congreso-inclusion-mas-alla-del-diagnostico\/"},"author":{"name":"Marileidy Manzueta de la Rosa","@id":"https:\/\/caid.gob.do\/caid\/#\/schema\/person\/a863734469bfe0e76e7df922f2afee56"},"headline":"CAID realiza su 2do. Congreso \u201cInclusi\u00f3n, m\u00e1s all\u00e1 del diagn\u00f3stico\u201d","datePublished":"2026-04-30T18:37:01+00:00","dateModified":"2026-04-30T18:41:16+00:00","mainEntityOfPage":{"@id":"https:\/\/caid.gob.do\/caid\/caid-realiza-su-2do-congreso-inclusion-mas-alla-del-diagnostico\/"},"wordCount":536,"commentCount":0,"publisher":{"@id":"https:\/\/caid.gob.do\/caid\/#organization"},"image":{"@id":"https:\/\/caid.gob.do\/caid\/caid-realiza-su-2do-congreso-inclusion-mas-alla-del-diagnostico\/#primaryimage"},"thumbnailUrl":"https:\/\/caid.gob.do\/caid\/wp-content\/uploads\/Foto-principal-1-3.jpg","keywords":["Santo Domingo"],"articleSection":["Congreso","Noticias"],"inLanguage":"es-DO","potentialAction":[{"@type":"CommentAction","name":"Comment","target":["https:\/\/caid.gob.do\/caid\/caid-realiza-su-2do-congreso-inclusion-mas-alla-del-diagnostico\/#respond"]}]},{"@type":"WebPage","@id":"https:\/\/caid.gob.do\/caid\/caid-realiza-su-2do-congreso-inclusion-mas-alla-del-diagnostico\/","url":"https:\/\/caid.gob.do\/caid\/caid-realiza-su-2do-congreso-inclusion-mas-alla-del-diagnostico\/","name":"CAID realiza su 2do. Congreso \u201cInclusi\u00f3n, m\u00e1s all\u00e1 del diagn\u00f3stico\u201d - CAID","isPartOf":{"@id":"https:\/\/caid.gob.do\/caid\/#website"},"primaryImageOfPage":{"@id":"https:\/\/caid.gob.do\/caid\/caid-realiza-su-2do-congreso-inclusion-mas-alla-del-diagnostico\/#primaryimage"},"image":{"@id":"https:\/\/caid.gob.do\/caid\/caid-realiza-su-2do-congreso-inclusion-mas-alla-del-diagnostico\/#primaryimage"},"thumbnailUrl":"https:\/\/caid.gob.do\/caid\/wp-content\/uploads\/Foto-principal-1-3.jpg","datePublished":"2026-04-30T18:37:01+00:00","dateModified":"2026-04-30T18:41:16+00:00","breadcrumb":{"@id":"https:\/\/caid.gob.do\/caid\/caid-realiza-su-2do-congreso-inclusion-mas-alla-del-diagnostico\/#breadcrumb"},"inLanguage":"es-DO","potentialAction":[{"@type":"ReadAction","target":["https:\/\/caid.gob.do\/caid\/caid-realiza-su-2do-congreso-inclusion-mas-alla-del-diagnostico\/"]}]},{"@type":"ImageObject","inLanguage":"es-DO","@id":"https:\/\/caid.gob.do\/caid\/caid-realiza-su-2do-congreso-inclusion-mas-alla-del-diagnostico\/#primaryimage","url":"https:\/\/caid.gob.do\/caid\/wp-content\/uploads\/Foto-principal-1-3.jpg","contentUrl":"https:\/\/caid.gob.do\/caid\/wp-content\/uploads\/Foto-principal-1-3.jpg","width":4023,"height":2682},{"@type":"BreadcrumbList","@id":"https:\/\/caid.gob.do\/caid\/caid-realiza-su-2do-congreso-inclusion-mas-alla-del-diagnostico\/#breadcrumb","itemListElement":[{"@type":"ListItem","position":1,"name":"Est\u00e1s aqu\u00ed:","item":"https:\/\/caid.gob.do\/caid\/"},{"@type":"ListItem","position":2,"name":"Congreso","item":"https:\/\/caid.gob.do\/caid\/category\/congreso\/"},{"@type":"ListItem","position":3,"name":"CAID realiza su 2do. Congreso \u201cInclusi\u00f3n, m\u00e1s all\u00e1 del diagn\u00f3stico\u201d"}]},{"@type":"WebSite","@id":"https:\/\/caid.gob.do\/caid\/#website","url":"https:\/\/caid.gob.do\/caid\/","name":"CAID","description":"Centro de Atenci\u00f3n Integral a la Discapacidad","publisher":{"@id":"https:\/\/caid.gob.do\/caid\/#organization"},"potentialAction":[{"@type":"SearchAction","target":{"@type":"EntryPoint","urlTemplate":"https:\/\/caid.gob.do\/caid\/?s={search_term_string}"},"query-input":{"@type":"PropertyValueSpecification","valueRequired":true,"valueName":"search_term_string"}}],"inLanguage":"es-DO"},{"@type":"Organization","@id":"https:\/\/caid.gob.do\/caid\/#organization","name":"Centro de Atenci\u00f3n Integral para la Discapacidad","url":"https:\/\/caid.gob.do\/caid\/","logo":{"@type":"ImageObject","inLanguage":"es-DO","@id":"https:\/\/caid.gob.do\/caid\/#\/schema\/logo\/image\/","url":"https:\/\/caid.gob.do\/caid\/wp-content\/uploads\/CAID-LOGOS-EN-PNG_Mesa-de-trabajo-1-2-1024x505-1.png","contentUrl":"https:\/\/caid.gob.do\/caid\/wp-content\/uploads\/CAID-LOGOS-EN-PNG_Mesa-de-trabajo-1-2-1024x505-1.png","width":1024,"height":505,"caption":"Centro de Atenci\u00f3n Integral para la Discapacidad"},"image":{"@id":"https:\/\/caid.gob.do\/caid\/#\/schema\/logo\/image\/"},"sameAs":["https:\/\/www.facebook.com\/redcaidrd","https:\/\/x.com\/CAIDRDO","https:\/\/www.instagram.com\/caidrd\/","https:\/\/www.youtube.com\/channel\/UCLnt-fnRlxQdgJQwjgWkrCg"]},{"@type":"Person","@id":"https:\/\/caid.gob.do\/caid\/#\/schema\/person\/a863734469bfe0e76e7df922f2afee56","name":"Marileidy Manzueta de la Rosa","image":{"@type":"ImageObject","inLanguage":"es-DO","@id":"https:\/\/caid.gob.do\/caid\/#\/schema\/person\/image\/","url":"https:\/\/secure.gravatar.com\/avatar\/99f33815b4c0b13ff0647803fc9e7bed8560d15d8ca068e47374c4bc7cd79870?s=96&d=mm&r=g","contentUrl":"https:\/\/secure.gravatar.com\/avatar\/99f33815b4c0b13ff0647803fc9e7bed8560d15d8ca068e47374c4bc7cd79870?s=96&d=mm&r=g","caption":"Marileidy Manzueta de la Rosa"},"url":"https:\/\/caid.gob.do\/caid\/author\/m-manzueta\/"}]}},"jetpack_featured_media_url":"https:\/\/caid.gob.do\/caid\/wp-content\/uploads\/Foto-principal-1-3.jpg","jetpack_sharing_enabled":true,"_links":{"self":[{"href":"https:\/\/caid.gob.do\/caid\/wp-json\/wp\/v2\/posts\/24233","targetHints":{"allow":["GET"]}}],"collection":[{"href":"https:\/\/caid.gob.do\/caid\/wp-json\/wp\/v2\/posts"}],"about":[{"href":"https:\/\/caid.gob.do\/caid\/wp-json\/wp\/v2\/types\/post"}],"author":[{"embeddable":true,"href":"https:\/\/caid.gob.do\/caid\/wp-json\/wp\/v2\/users\/16"}],"replies":[{"embeddable":true,"href":"https:\/\/caid.gob.do\/caid\/wp-json\/wp\/v2\/comments?post=24233"}],"version-history":[{"count":6,"href":"https:\/\/caid.gob.do\/caid\/wp-json\/wp\/v2\/posts\/24233\/revisions"}],"predecessor-version":[{"id":24244,"href":"https:\/\/caid.gob.do\/caid\/wp-json\/wp\/v2\/posts\/24233\/revisions\/24244"}],"wp:featuredmedia":[{"embeddable":true,"href":"https:\/\/caid.gob.do\/caid\/wp-json\/wp\/v2\/media\/24236"}],"wp:attachment":[{"href":"https:\/\/caid.gob.do\/caid\/wp-json\/wp\/v2\/media?parent=24233"}],"wp:term":[{"taxonomy":"category","embeddable":true,"href":"https:\/\/caid.gob.do\/caid\/wp-json\/wp\/v2\/categories?post=24233"},{"taxonomy":"post_tag","embeddable":true,"href":"https:\/\/caid.gob.do\/caid\/wp-json\/wp\/v2\/tags?post=24233"}],"curies":[{"name":"wp","href":"https:\/\/api.w.org\/{rel}","templated":true}]}}