{"id":6840,"date":"2022-11-01T09:41:40","date_gmt":"2022-11-01T13:41:40","guid":{"rendered":"https:\/\/caid.gob.do\/caid\/?p=6840"},"modified":"2023-08-14T09:39:10","modified_gmt":"2023-08-14T13:39:10","slug":"el-caid-ofrece-un-taller-de-comunicacion-aumentativa-y-alternativa","status":"publish","type":"post","link":"https:\/\/caid.gob.do\/caid\/el-caid-ofrece-un-taller-de-comunicacion-aumentativa-y-alternativa\/","title":{"rendered":"El CAID ofrece un taller de comunicaci\u00f3n aumentativa y alternativa"},"content":{"rendered":"\n<p><em>Los participantes conocieron las ventajas de este novedoso sistema y los beneficios para los ni\u00f1os y ni\u00f1as con dificultades en el desarrollo del habla<\/em><\/p>\n\n\n\n<p><em>San Juan-<\/em> Un taller de introducci\u00f3n a los sistemas aumentativos y alternativos de comunicaci\u00f3n (SAAC) fue impartido por el CAID San Juan para ayudar a las familias a mejorar las capacidades expresivas y del habla de sus hijos e hijas usuarios de los servicios de la instituci\u00f3n.<\/p>\n\n\n\n<figure class=\"wp-block-image alignright size-large is-resized\"><img loading=\"lazy\" decoding=\"async\" src=\"https:\/\/caid.gob.do\/caid\/wp-content\/uploads\/Taller-Merisel-1024x576.jpeg\" alt=\"\" class=\"wp-image-6841\" width=\"520\" height=\"293\" srcset=\"https:\/\/caid.gob.do\/caid\/wp-content\/uploads\/Taller-Merisel-1024x576.jpeg 1024w, https:\/\/caid.gob.do\/caid\/wp-content\/uploads\/Taller-Merisel-300x169.jpeg 300w, https:\/\/caid.gob.do\/caid\/wp-content\/uploads\/Taller-Merisel-768x432.jpeg 768w, https:\/\/caid.gob.do\/caid\/wp-content\/uploads\/Taller-Merisel.jpeg 1280w\" sizes=\"auto, (max-width: 520px) 100vw, 520px\" \/><\/figure>\n\n\n\n<p>En el taller, auspiciado por la Escuela de Padres del CAID, participaron m\u00e1s de 130 personas entre padres, madres, cuidadores, docentes y representantes de instituciones de la red que trabaja con la discapacidad en la regi\u00f3n Sur.<\/p>\n\n\n\n<p>El SAAC es un m\u00e9todo novedoso que ayuda a las personas con dificultades para el habla a comunicarse a trav\u00e9s de herramientas que se adaptan a sus necesidades y a sus habilidades expresivas.&nbsp;<\/p>\n\n\n\n<p>El taller estuvo a cargo de Merisel Mora, logopeda del CAID, y permiti\u00f3 a los participantes compartir testimonios, aclarar dudas y aprender sobre las herramientas que ofrecen los sistemas SAAC.<\/p>\n\n\n\n<p>\u201cHablar no es la \u00fanica forma de expresarnos\u201d, sostuvo Mora, al tiempo que explic\u00f3 las ventajas para las personas que presentan dificultades en el habla y para sus familias, de contar con un sistema de comunicaci\u00f3n alternativo de signos y herramientas de apoyo.<\/p>\n\n\n\n<p>Adem\u00e1s de reducir la frustraci\u00f3n, el manejo de un sistema SAAC aumenta las oportunidades de interacci\u00f3n social y, por ende, la calidad de vida de los ni\u00f1os y ni\u00f1as que con dificultades para hablar.<\/p>\n\n\n\n<p>La terapeuta present\u00f3 algunas de las herramientas SAAC m\u00e1s utilizadas e invit\u00f3 a los participantes a explorar sus potencialidades.<\/p>\n\n\n\n<p>Aproximadamente el 47% de las personas con trastorno del espectro autista tienen dificultades en el desarrollo del habla, mientras que las personas con par\u00e1lisis cerebral pueden desarrollar alteraciones en el lenguaje comprensivo, mientras que entre de las personas con s\u00edndrome de Down se pueden presentar diferentes alteraciones en la producci\u00f3n del habla y el lenguaje, con grandes retos para el desarrollo funcional de la comunicaci\u00f3n.<\/p>\n\n\n\n<p><strong>Departamento de Comunicaciones<\/strong><\/p>\n\n\n\n<p>31\/10\/2022<\/p>\n","protected":false},"excerpt":{"rendered":"<p>San Juan- Un taller de introducci\u00f3n a los sistemas aumentativos y alternativos de comunicaci\u00f3n (SAAC) fue impartido por el CAID San Juan para ayudar a las familias a mejorar las capacidades expresivas y del habla de sus hijos e hijas usuarios de los servicios de la instituci\u00f3n.<\/p>\n","protected":false},"author":1,"featured_media":6841,"comment_status":"closed","ping_status":"closed","sticky":false,"template":"","format":"standard","meta":{"_acf_changed":false,"_jetpack_memberships_contains_paid_content":false,"footnotes":""},"categories":[3],"tags":[52],"class_list":["post-6840","post","type-post","status-publish","format-standard","has-post-thumbnail","hentry","category-noticias","tag-san-juan-de-la-maguana"],"acf":[],"yoast_head":"<!-- This site is optimized with the Yoast SEO plugin v27.0 - https:\/\/yoast.com\/product\/yoast-seo-wordpress\/ -->\r\n<title>El CAID ofrece un taller de comunicaci\u00f3n aumentativa y alternativa - CAID<\/title>\r\n<meta name=\"description\" content=\"Taller un fue impartido por el CAID San Juan para ayudar a las familias a mejorar las capacidades expresivas y del habla.\" \/>\r\n<meta name=\"robots\" content=\"index, follow, max-snippet:-1, max-image-preview:large, max-video-preview:-1\" \/>\r\n<link rel=\"canonical\" href=\"https:\/\/caid.gob.do\/caid\/el-caid-ofrece-un-taller-de-comunicacion-aumentativa-y-alternativa\/\" \/>\r\n<meta property=\"og:locale\" content=\"es_ES\" \/>\r\n<meta property=\"og:type\" content=\"article\" \/>\r\n<meta property=\"og:title\" content=\"El CAID ofrece un taller de comunicaci\u00f3n aumentativa y alternativa\" \/>\r\n<meta property=\"og:description\" content=\"San Juan- Un taller de introducci\u00f3n a los sistemas aumentativos y alternativos de comunicaci\u00f3n (SAAC) fue impartido por el CAID San Juan para ayudar a las familias a mejorar las capacidades expresivas y del habla de sus hijos e hijas usuarios de los servicios de la instituci\u00f3n.\" \/>\r\n<meta property=\"og:url\" content=\"https:\/\/caid.gob.do\/caid\/el-caid-ofrece-un-taller-de-comunicacion-aumentativa-y-alternativa\/\" \/>\r\n<meta property=\"og:site_name\" content=\"CAID\" \/>\r\n<meta property=\"article:publisher\" content=\"https:\/\/www.facebook.com\/redcaidrd\" \/>\r\n<meta property=\"article:published_time\" content=\"2022-11-01T13:41:40+00:00\" \/>\r\n<meta property=\"article:modified_time\" content=\"2023-08-14T13:39:10+00:00\" \/>\r\n<meta property=\"og:image\" content=\"https:\/\/caid.gob.do\/caid\/wp-content\/uploads\/Taller-Merisel.jpeg\" \/>\r\n\t<meta property=\"og:image:width\" content=\"1280\" \/>\r\n\t<meta property=\"og:image:height\" content=\"720\" \/>\r\n\t<meta property=\"og:image:type\" content=\"image\/jpeg\" \/>\r\n<meta name=\"author\" content=\"j.ortega\" \/>\r\n<meta name=\"twitter:card\" content=\"summary_large_image\" \/>\r\n<meta name=\"twitter:title\" content=\"El CAID ofrece un taller de comunicaci\u00f3n aumentativa y alternativa\" \/>\r\n<meta name=\"twitter:description\" content=\"San Juan- Un taller de introducci\u00f3n a los sistemas aumentativos y alternativos de comunicaci\u00f3n (SAAC) fue impartido por el CAID San Juan para ayudar a las familias a mejorar las capacidades expresivas y del habla de sus hijos e hijas usuarios de los servicios de la instituci\u00f3n.\" \/>\r\n<meta name=\"twitter:image\" content=\"https:\/\/caid.gob.do\/caid\/wp-content\/uploads\/Taller-Merisel.jpeg\" \/>\r\n<meta name=\"twitter:creator\" content=\"@CAIDRDO\" \/>\r\n<meta name=\"twitter:site\" content=\"@CAIDRDO\" \/>\r\n<meta name=\"twitter:label1\" content=\"Written by\" \/>\n\t<meta name=\"twitter:data1\" content=\"j.ortega\" \/>\n\t<meta name=\"twitter:label2\" content=\"Est. reading time\" \/>\n\t<meta name=\"twitter:data2\" content=\"2 minutos\" \/>\r\n<script type=\"application\/ld+json\" class=\"yoast-schema-graph\">{\"@context\":\"https:\/\/schema.org\",\"@graph\":[{\"@type\":\"Article\",\"@id\":\"https:\/\/caid.gob.do\/caid\/el-caid-ofrece-un-taller-de-comunicacion-aumentativa-y-alternativa\/#article\",\"isPartOf\":{\"@id\":\"https:\/\/caid.gob.do\/caid\/el-caid-ofrece-un-taller-de-comunicacion-aumentativa-y-alternativa\/\"},\"author\":{\"name\":\"j.ortega\",\"@id\":\"https:\/\/caid.gob.do\/caid\/#\/schema\/person\/eabe18a8e75d76804c0ab7a18828fb37\"},\"headline\":\"El CAID ofrece un taller de comunicaci\u00f3n aumentativa y alternativa\",\"datePublished\":\"2022-11-01T13:41:40+00:00\",\"dateModified\":\"2023-08-14T13:39:10+00:00\",\"mainEntityOfPage\":{\"@id\":\"https:\/\/caid.gob.do\/caid\/el-caid-ofrece-un-taller-de-comunicacion-aumentativa-y-alternativa\/\"},\"wordCount\":365,\"publisher\":{\"@id\":\"https:\/\/caid.gob.do\/caid\/#organization\"},\"image\":{\"@id\":\"https:\/\/caid.gob.do\/caid\/el-caid-ofrece-un-taller-de-comunicacion-aumentativa-y-alternativa\/#primaryimage\"},\"thumbnailUrl\":\"https:\/\/caid.gob.do\/caid\/wp-content\/uploads\/Taller-Merisel.jpeg\",\"keywords\":[\"San Juan de la Maguana\"],\"articleSection\":[\"Noticias\"],\"inLanguage\":\"es-DO\"},{\"@type\":\"WebPage\",\"@id\":\"https:\/\/caid.gob.do\/caid\/el-caid-ofrece-un-taller-de-comunicacion-aumentativa-y-alternativa\/\",\"url\":\"https:\/\/caid.gob.do\/caid\/el-caid-ofrece-un-taller-de-comunicacion-aumentativa-y-alternativa\/\",\"name\":\"El CAID ofrece un taller de comunicaci\u00f3n aumentativa y alternativa - CAID\",\"isPartOf\":{\"@id\":\"https:\/\/caid.gob.do\/caid\/#website\"},\"primaryImageOfPage\":{\"@id\":\"https:\/\/caid.gob.do\/caid\/el-caid-ofrece-un-taller-de-comunicacion-aumentativa-y-alternativa\/#primaryimage\"},\"image\":{\"@id\":\"https:\/\/caid.gob.do\/caid\/el-caid-ofrece-un-taller-de-comunicacion-aumentativa-y-alternativa\/#primaryimage\"},\"thumbnailUrl\":\"https:\/\/caid.gob.do\/caid\/wp-content\/uploads\/Taller-Merisel.jpeg\",\"datePublished\":\"2022-11-01T13:41:40+00:00\",\"dateModified\":\"2023-08-14T13:39:10+00:00\",\"description\":\"Taller un fue impartido por el CAID San Juan para ayudar a las familias a mejorar las capacidades expresivas y del habla.\",\"breadcrumb\":{\"@id\":\"https:\/\/caid.gob.do\/caid\/el-caid-ofrece-un-taller-de-comunicacion-aumentativa-y-alternativa\/#breadcrumb\"},\"inLanguage\":\"es-DO\",\"potentialAction\":[{\"@type\":\"ReadAction\",\"target\":[\"https:\/\/caid.gob.do\/caid\/el-caid-ofrece-un-taller-de-comunicacion-aumentativa-y-alternativa\/\"]}]},{\"@type\":\"ImageObject\",\"inLanguage\":\"es-DO\",\"@id\":\"https:\/\/caid.gob.do\/caid\/el-caid-ofrece-un-taller-de-comunicacion-aumentativa-y-alternativa\/#primaryimage\",\"url\":\"https:\/\/caid.gob.do\/caid\/wp-content\/uploads\/Taller-Merisel.jpeg\",\"contentUrl\":\"https:\/\/caid.gob.do\/caid\/wp-content\/uploads\/Taller-Merisel.jpeg\",\"width\":1280,\"height\":720},{\"@type\":\"BreadcrumbList\",\"@id\":\"https:\/\/caid.gob.do\/caid\/el-caid-ofrece-un-taller-de-comunicacion-aumentativa-y-alternativa\/#breadcrumb\",\"itemListElement\":[{\"@type\":\"ListItem\",\"position\":1,\"name\":\"Est\u00e1s aqu\u00ed:\",\"item\":\"https:\/\/caid.gob.do\/caid\/\"},{\"@type\":\"ListItem\",\"position\":2,\"name\":\"Noticias\",\"item\":\"https:\/\/caid.gob.do\/caid\/category\/noticias\/\"},{\"@type\":\"ListItem\",\"position\":3,\"name\":\"El CAID ofrece un taller de comunicaci\u00f3n aumentativa y alternativa\"}]},{\"@type\":\"WebSite\",\"@id\":\"https:\/\/caid.gob.do\/caid\/#website\",\"url\":\"https:\/\/caid.gob.do\/caid\/\",\"name\":\"CAID\",\"description\":\"Centro de Atenci\u00f3n Integral a la Discapacidad\",\"publisher\":{\"@id\":\"https:\/\/caid.gob.do\/caid\/#organization\"},\"potentialAction\":[{\"@type\":\"SearchAction\",\"target\":{\"@type\":\"EntryPoint\",\"urlTemplate\":\"https:\/\/caid.gob.do\/caid\/?s={search_term_string}\"},\"query-input\":{\"@type\":\"PropertyValueSpecification\",\"valueRequired\":true,\"valueName\":\"search_term_string\"}}],\"inLanguage\":\"es-DO\"},{\"@type\":\"Organization\",\"@id\":\"https:\/\/caid.gob.do\/caid\/#organization\",\"name\":\"Centro de Atenci\u00f3n Integral para la Discapacidad\",\"url\":\"https:\/\/caid.gob.do\/caid\/\",\"logo\":{\"@type\":\"ImageObject\",\"inLanguage\":\"es-DO\",\"@id\":\"https:\/\/caid.gob.do\/caid\/#\/schema\/logo\/image\/\",\"url\":\"https:\/\/caid.gob.do\/caid\/wp-content\/uploads\/CAID-LOGOS-EN-PNG_Mesa-de-trabajo-1-2-1024x505-1.png\",\"contentUrl\":\"https:\/\/caid.gob.do\/caid\/wp-content\/uploads\/CAID-LOGOS-EN-PNG_Mesa-de-trabajo-1-2-1024x505-1.png\",\"width\":1024,\"height\":505,\"caption\":\"Centro de Atenci\u00f3n Integral para la Discapacidad\"},\"image\":{\"@id\":\"https:\/\/caid.gob.do\/caid\/#\/schema\/logo\/image\/\"},\"sameAs\":[\"https:\/\/www.facebook.com\/redcaidrd\",\"https:\/\/x.com\/CAIDRDO\",\"https:\/\/www.instagram.com\/caidrd\/\",\"https:\/\/www.youtube.com\/channel\/UCLnt-fnRlxQdgJQwjgWkrCg\"]},{\"@type\":\"Person\",\"@id\":\"https:\/\/caid.gob.do\/caid\/#\/schema\/person\/eabe18a8e75d76804c0ab7a18828fb37\",\"name\":\"j.ortega\",\"image\":{\"@type\":\"ImageObject\",\"inLanguage\":\"es-DO\",\"@id\":\"https:\/\/caid.gob.do\/caid\/#\/schema\/person\/image\/\",\"url\":\"https:\/\/secure.gravatar.com\/avatar\/375f8cefc66fc63362d75424f6f727ddbbecd8c33b29ce1234841e4c4c30563f?s=96&d=mm&r=g\",\"contentUrl\":\"https:\/\/secure.gravatar.com\/avatar\/375f8cefc66fc63362d75424f6f727ddbbecd8c33b29ce1234841e4c4c30563f?s=96&d=mm&r=g\",\"caption\":\"j.ortega\"},\"sameAs\":[\"https:\/\/caid.gob.do\/caid\"],\"url\":\"https:\/\/caid.gob.do\/caid\/author\/j-ortega\/\"}]}<\/script>\r\n<!-- \/ Yoast SEO plugin. -->","yoast_head_json":{"title":"El CAID ofrece un taller de comunicaci\u00f3n aumentativa y alternativa - CAID","description":"Taller un fue impartido por el CAID San Juan para ayudar a las familias a mejorar las capacidades expresivas y del habla.","robots":{"index":"index","follow":"follow","max-snippet":"max-snippet:-1","max-image-preview":"max-image-preview:large","max-video-preview":"max-video-preview:-1"},"canonical":"https:\/\/caid.gob.do\/caid\/el-caid-ofrece-un-taller-de-comunicacion-aumentativa-y-alternativa\/","og_locale":"es_ES","og_type":"article","og_title":"El CAID ofrece un taller de comunicaci\u00f3n aumentativa y alternativa","og_description":"San Juan- Un taller de introducci\u00f3n a los sistemas aumentativos y alternativos de comunicaci\u00f3n (SAAC) fue impartido por el CAID San Juan para ayudar a las familias a mejorar las capacidades expresivas y del habla de sus hijos e hijas usuarios de los servicios de la instituci\u00f3n.","og_url":"https:\/\/caid.gob.do\/caid\/el-caid-ofrece-un-taller-de-comunicacion-aumentativa-y-alternativa\/","og_site_name":"CAID","article_publisher":"https:\/\/www.facebook.com\/redcaidrd","article_published_time":"2022-11-01T13:41:40+00:00","article_modified_time":"2023-08-14T13:39:10+00:00","og_image":[{"width":1280,"height":720,"url":"https:\/\/caid.gob.do\/caid\/wp-content\/uploads\/Taller-Merisel.jpeg","type":"image\/jpeg"}],"author":"j.ortega","twitter_card":"summary_large_image","twitter_title":"El CAID ofrece un taller de comunicaci\u00f3n aumentativa y alternativa","twitter_description":"San Juan- Un taller de introducci\u00f3n a los sistemas aumentativos y alternativos de comunicaci\u00f3n (SAAC) fue impartido por el CAID San Juan para ayudar a las familias a mejorar las capacidades expresivas y del habla de sus hijos e hijas usuarios de los servicios de la instituci\u00f3n.","twitter_image":"https:\/\/caid.gob.do\/caid\/wp-content\/uploads\/Taller-Merisel.jpeg","twitter_creator":"@CAIDRDO","twitter_site":"@CAIDRDO","twitter_misc":{"Written by":"j.ortega","Est. reading time":"2 minutos"},"schema":{"@context":"https:\/\/schema.org","@graph":[{"@type":"Article","@id":"https:\/\/caid.gob.do\/caid\/el-caid-ofrece-un-taller-de-comunicacion-aumentativa-y-alternativa\/#article","isPartOf":{"@id":"https:\/\/caid.gob.do\/caid\/el-caid-ofrece-un-taller-de-comunicacion-aumentativa-y-alternativa\/"},"author":{"name":"j.ortega","@id":"https:\/\/caid.gob.do\/caid\/#\/schema\/person\/eabe18a8e75d76804c0ab7a18828fb37"},"headline":"El CAID ofrece un taller de comunicaci\u00f3n aumentativa y alternativa","datePublished":"2022-11-01T13:41:40+00:00","dateModified":"2023-08-14T13:39:10+00:00","mainEntityOfPage":{"@id":"https:\/\/caid.gob.do\/caid\/el-caid-ofrece-un-taller-de-comunicacion-aumentativa-y-alternativa\/"},"wordCount":365,"publisher":{"@id":"https:\/\/caid.gob.do\/caid\/#organization"},"image":{"@id":"https:\/\/caid.gob.do\/caid\/el-caid-ofrece-un-taller-de-comunicacion-aumentativa-y-alternativa\/#primaryimage"},"thumbnailUrl":"https:\/\/caid.gob.do\/caid\/wp-content\/uploads\/Taller-Merisel.jpeg","keywords":["San Juan de la Maguana"],"articleSection":["Noticias"],"inLanguage":"es-DO"},{"@type":"WebPage","@id":"https:\/\/caid.gob.do\/caid\/el-caid-ofrece-un-taller-de-comunicacion-aumentativa-y-alternativa\/","url":"https:\/\/caid.gob.do\/caid\/el-caid-ofrece-un-taller-de-comunicacion-aumentativa-y-alternativa\/","name":"El CAID ofrece un taller de comunicaci\u00f3n aumentativa y alternativa - CAID","isPartOf":{"@id":"https:\/\/caid.gob.do\/caid\/#website"},"primaryImageOfPage":{"@id":"https:\/\/caid.gob.do\/caid\/el-caid-ofrece-un-taller-de-comunicacion-aumentativa-y-alternativa\/#primaryimage"},"image":{"@id":"https:\/\/caid.gob.do\/caid\/el-caid-ofrece-un-taller-de-comunicacion-aumentativa-y-alternativa\/#primaryimage"},"thumbnailUrl":"https:\/\/caid.gob.do\/caid\/wp-content\/uploads\/Taller-Merisel.jpeg","datePublished":"2022-11-01T13:41:40+00:00","dateModified":"2023-08-14T13:39:10+00:00","description":"Taller un fue impartido por el CAID San Juan para ayudar a las familias a mejorar las capacidades expresivas y del habla.","breadcrumb":{"@id":"https:\/\/caid.gob.do\/caid\/el-caid-ofrece-un-taller-de-comunicacion-aumentativa-y-alternativa\/#breadcrumb"},"inLanguage":"es-DO","potentialAction":[{"@type":"ReadAction","target":["https:\/\/caid.gob.do\/caid\/el-caid-ofrece-un-taller-de-comunicacion-aumentativa-y-alternativa\/"]}]},{"@type":"ImageObject","inLanguage":"es-DO","@id":"https:\/\/caid.gob.do\/caid\/el-caid-ofrece-un-taller-de-comunicacion-aumentativa-y-alternativa\/#primaryimage","url":"https:\/\/caid.gob.do\/caid\/wp-content\/uploads\/Taller-Merisel.jpeg","contentUrl":"https:\/\/caid.gob.do\/caid\/wp-content\/uploads\/Taller-Merisel.jpeg","width":1280,"height":720},{"@type":"BreadcrumbList","@id":"https:\/\/caid.gob.do\/caid\/el-caid-ofrece-un-taller-de-comunicacion-aumentativa-y-alternativa\/#breadcrumb","itemListElement":[{"@type":"ListItem","position":1,"name":"Est\u00e1s aqu\u00ed:","item":"https:\/\/caid.gob.do\/caid\/"},{"@type":"ListItem","position":2,"name":"Noticias","item":"https:\/\/caid.gob.do\/caid\/category\/noticias\/"},{"@type":"ListItem","position":3,"name":"El CAID ofrece un taller de comunicaci\u00f3n aumentativa y alternativa"}]},{"@type":"WebSite","@id":"https:\/\/caid.gob.do\/caid\/#website","url":"https:\/\/caid.gob.do\/caid\/","name":"CAID","description":"Centro de Atenci\u00f3n Integral a la Discapacidad","publisher":{"@id":"https:\/\/caid.gob.do\/caid\/#organization"},"potentialAction":[{"@type":"SearchAction","target":{"@type":"EntryPoint","urlTemplate":"https:\/\/caid.gob.do\/caid\/?s={search_term_string}"},"query-input":{"@type":"PropertyValueSpecification","valueRequired":true,"valueName":"search_term_string"}}],"inLanguage":"es-DO"},{"@type":"Organization","@id":"https:\/\/caid.gob.do\/caid\/#organization","name":"Centro de Atenci\u00f3n Integral para la Discapacidad","url":"https:\/\/caid.gob.do\/caid\/","logo":{"@type":"ImageObject","inLanguage":"es-DO","@id":"https:\/\/caid.gob.do\/caid\/#\/schema\/logo\/image\/","url":"https:\/\/caid.gob.do\/caid\/wp-content\/uploads\/CAID-LOGOS-EN-PNG_Mesa-de-trabajo-1-2-1024x505-1.png","contentUrl":"https:\/\/caid.gob.do\/caid\/wp-content\/uploads\/CAID-LOGOS-EN-PNG_Mesa-de-trabajo-1-2-1024x505-1.png","width":1024,"height":505,"caption":"Centro de Atenci\u00f3n Integral para la Discapacidad"},"image":{"@id":"https:\/\/caid.gob.do\/caid\/#\/schema\/logo\/image\/"},"sameAs":["https:\/\/www.facebook.com\/redcaidrd","https:\/\/x.com\/CAIDRDO","https:\/\/www.instagram.com\/caidrd\/","https:\/\/www.youtube.com\/channel\/UCLnt-fnRlxQdgJQwjgWkrCg"]},{"@type":"Person","@id":"https:\/\/caid.gob.do\/caid\/#\/schema\/person\/eabe18a8e75d76804c0ab7a18828fb37","name":"j.ortega","image":{"@type":"ImageObject","inLanguage":"es-DO","@id":"https:\/\/caid.gob.do\/caid\/#\/schema\/person\/image\/","url":"https:\/\/secure.gravatar.com\/avatar\/375f8cefc66fc63362d75424f6f727ddbbecd8c33b29ce1234841e4c4c30563f?s=96&d=mm&r=g","contentUrl":"https:\/\/secure.gravatar.com\/avatar\/375f8cefc66fc63362d75424f6f727ddbbecd8c33b29ce1234841e4c4c30563f?s=96&d=mm&r=g","caption":"j.ortega"},"sameAs":["https:\/\/caid.gob.do\/caid"],"url":"https:\/\/caid.gob.do\/caid\/author\/j-ortega\/"}]}},"jetpack_featured_media_url":"https:\/\/caid.gob.do\/caid\/wp-content\/uploads\/Taller-Merisel.jpeg","jetpack_sharing_enabled":true,"_links":{"self":[{"href":"https:\/\/caid.gob.do\/caid\/wp-json\/wp\/v2\/posts\/6840","targetHints":{"allow":["GET"]}}],"collection":[{"href":"https:\/\/caid.gob.do\/caid\/wp-json\/wp\/v2\/posts"}],"about":[{"href":"https:\/\/caid.gob.do\/caid\/wp-json\/wp\/v2\/types\/post"}],"author":[{"embeddable":true,"href":"https:\/\/caid.gob.do\/caid\/wp-json\/wp\/v2\/users\/1"}],"replies":[{"embeddable":true,"href":"https:\/\/caid.gob.do\/caid\/wp-json\/wp\/v2\/comments?post=6840"}],"version-history":[{"count":3,"href":"https:\/\/caid.gob.do\/caid\/wp-json\/wp\/v2\/posts\/6840\/revisions"}],"predecessor-version":[{"id":6844,"href":"https:\/\/caid.gob.do\/caid\/wp-json\/wp\/v2\/posts\/6840\/revisions\/6844"}],"wp:featuredmedia":[{"embeddable":true,"href":"https:\/\/caid.gob.do\/caid\/wp-json\/wp\/v2\/media\/6841"}],"wp:attachment":[{"href":"https:\/\/caid.gob.do\/caid\/wp-json\/wp\/v2\/media?parent=6840"}],"wp:term":[{"taxonomy":"category","embeddable":true,"href":"https:\/\/caid.gob.do\/caid\/wp-json\/wp\/v2\/categories?post=6840"},{"taxonomy":"post_tag","embeddable":true,"href":"https:\/\/caid.gob.do\/caid\/wp-json\/wp\/v2\/tags?post=6840"}],"curies":[{"name":"wp","href":"https:\/\/api.w.org\/{rel}","templated":true}]}}