{"id":9474,"date":"2023-01-23T16:37:30","date_gmt":"2023-01-23T20:37:30","guid":{"rendered":"https:\/\/caid.gob.do\/caid\/?p=9474"},"modified":"2023-07-31T15:39:26","modified_gmt":"2023-07-31T19:39:26","slug":"presidente-del-caid-exhorta-a-explorar-vias-que-amplien-la-cobertura-y-calidad-de-los-servicios-2","status":"publish","type":"post","link":"https:\/\/caid.gob.do\/caid\/presidente-del-caid-exhorta-a-explorar-vias-que-amplien-la-cobertura-y-calidad-de-los-servicios-2\/","title":{"rendered":"Palabras del padre Jorge William Hern\u00e1ndez, presidente del Consejo Directivo del CAID, durante el taller de evaluaci\u00f3n del marco estrat\u00e9gico institucional"},"content":{"rendered":"\t\t<div data-elementor-type=\"wp-post\" data-elementor-id=\"9474\" class=\"elementor elementor-9474\" data-elementor-post-type=\"post\">\n\t\t\t\t\t\t<section class=\"elementor-section elementor-top-section elementor-element elementor-element-444e3976 elementor-section-boxed elementor-section-height-default elementor-section-height-default\" data-id=\"444e3976\" data-element_type=\"section\" data-e-type=\"section\">\n\t\t\t\t\t\t<div class=\"elementor-container elementor-column-gap-default\">\n\t\t\t\t\t<div class=\"elementor-column elementor-col-100 elementor-top-column elementor-element elementor-element-44434bcd\" data-id=\"44434bcd\" data-element_type=\"column\" data-e-type=\"column\">\n\t\t\t<div class=\"elementor-widget-wrap elementor-element-populated\">\n\t\t\t\t\t\t<div class=\"elementor-element elementor-element-8a77974 elementor-widget elementor-widget-image\" data-id=\"8a77974\" data-element_type=\"widget\" data-e-type=\"widget\" data-widget_type=\"image.default\">\n\t\t\t\t<div class=\"elementor-widget-container\">\n\t\t\t\t\t\t\t\t\t\t\t\t\t\t\t<img loading=\"lazy\" decoding=\"async\" width=\"768\" height=\"577\" src=\"https:\/\/caid.gob.do\/caid\/wp-content\/uploads\/padre-768x577.jpg\" class=\"attachment-medium_large size-medium_large wp-image-9468\" alt=\"\" srcset=\"https:\/\/caid.gob.do\/caid\/wp-content\/uploads\/padre-768x577.jpg 768w, https:\/\/caid.gob.do\/caid\/wp-content\/uploads\/padre-300x225.jpg 300w, https:\/\/caid.gob.do\/caid\/wp-content\/uploads\/padre-1024x769.jpg 1024w, https:\/\/caid.gob.do\/caid\/wp-content\/uploads\/padre-1536x1153.jpg 1536w, https:\/\/caid.gob.do\/caid\/wp-content\/uploads\/padre-2048x1538.jpg 2048w\" sizes=\"auto, (max-width: 768px) 100vw, 768px\" \/>\t\t\t\t\t\t\t\t\t\t\t\t\t\t\t<\/div>\n\t\t\t\t<\/div>\n\t\t\t\t<div class=\"elementor-element elementor-element-5bbe0517 elementor-widget elementor-widget-text-editor\" data-id=\"5bbe0517\" data-element_type=\"widget\" data-e-type=\"widget\" data-widget_type=\"text-editor.default\">\n\t\t\t\t<div class=\"elementor-widget-container\">\n\t\t\t\t\t\t\t\t\t\n<p>Muy buenos d\u00edas,<br \/>Se\u00f1ores y se\u00f1oras miembros del Consejo Directivo del CAID aqu\u00ed presentes, Director\u00a0Nacional,\u00a0directores m\u00e9dicos, directivos de la Red, amigos y amigas todos y todas,<\/p>\n\n<p>Abordar\u00e9 tres puntos en estas palabras de bienvenida e introducci\u00f3n a este taller que forma parte del proceso de formulaci\u00f3n del primer plan estrat\u00e9gico institucional del CAID. Primero, har\u00e9 uso de la reflexi\u00f3n sapiencial para referirme a este momento como un \u201ctiempo de crear\u201d. Segundo, tocar\u00e9 algunos aspectos espec\u00edficos de la recreaci\u00f3n del CAID como instituci\u00f3n p\u00fablica. Tercero, asumir\u00e9 el protocolo de darles la bienvenida con una exhortaci\u00f3n final.<br \/><br \/><strong>1. Tiempo de crear.<br \/><\/strong><br \/>Este es un espacio privilegiado en el que cada uno de nosotros ha hecho un tiempo para encontrarnos, compartir y tener la posibilidad de aportar desde nuestro ser y quehacer a la creaci\u00f3n del horizonte al que juntos queremos mirar.<\/p>\n\n<p>La sabidur\u00eda nos recuerda que esta \u201cmirada larga de centinelas\u201d que queremos poner en el futuro, tiene que ir acompa\u00f1ada de una \u201cmirada corta de orfebres, para apreciar, amar y dar calor a lo m\u00e1s diminuto de cada jornada\u201d, con la certeza de que ese horizonte al que nos dirigimos ya est\u00e1 presente en lo cotidiano y lo peque\u00f1o, \u201cde la misma manera que la espiga de trigo ya est\u00e1 dentro de cada peque\u00f1o grano que se siembra\u201d<sup>1<\/sup>.<\/p>\n\n<p>Esta din\u00e1mica de crear, ya saben ustedes, no est\u00e1 exenta de tensiones opuestas y contradictorias, provocadas por polaridades que surgen de la realidad personal, institucional y cultural. El reto no est\u00e1 en librarse de ellas, sino vivirlas en un di\u00e1logo integrador \u201caprovechando precisamente esos dinamismos opuestos\u201d<sup>2<\/sup>.<\/p>\n\n<p>Como la par\u00e1bola que escribi\u00f3 mi compa\u00f1ero jesuita Benjam\u00edn<sup>3<\/sup>:<\/p>\n\n<p style=\"padding-left: 40px;\">El reino de Dios se parece a los dos remos de una barca. <br \/><br \/>A veces los dos remos trabajan juntos, al un\u00edsono, bien sincronizados, y la barca avanza r\u00e1pido, en l\u00ednea recta. <br \/><br \/>A veces es necesario girar en una direcci\u00f3n, y un remo se hunde fijo en el agua mientras el otro hace casi todo el trabajo, <br \/><br \/>y en otras ocasiones un remo se mueve en un sentido y el otro se mueve en direcci\u00f3n contraria para realizar el giro completo. <br \/><br \/>Sin la tensi\u00f3n coordinada de los dos remos no se puede crear una ruta propia sobre el mar sin caminos hechos.<\/p>\n<p style=\"padding-left: 40px;\">\u00a0<\/p>\n<p><strong>2. Recreaci\u00f3n institucional del CAID<\/strong><\/p>\n<p>Para abordar el segundo punto, sigo el hilo de la siguiente interrogante:<br \/><br \/><strong>2.1<\/strong> \u00bfC\u00f3mo asumi\u00f3 el CAID la presente administraci\u00f3n gubernamental del Presidente Luis<br \/>Abinader?<br \/><br \/>Encontramos las respuestas expl\u00edcitas, precisamente en lo que el Presidente consider\u00f3 al emitir el decreto 170-21 que recrea al CAID, espec\u00edficamente en los considerandos 1, 4 y 9; que destaco<br \/>de la siguiente manera:<\/p>\n<p>Primero, reconoce el \u201c\u00e9xito alcanzado por este proyecto\u201d hasta el momento<sup>4<\/sup>. En lo personal, soy testigo del cuidado que han tenido tanto su persona como la primera dama, Raquel Arbaje. Esta actitud nos invita a discernir lo bueno y acogerlo sin prejuicios por el bien de los dem\u00e1s.<\/p>\n<p>Segundo, lo eleva a \u201cuna de las prioridades del <strong>Estado<\/strong> Dominicano\u201d<sup>5<\/sup>; a un compromiso de\u00a0 Estado, que no est\u00e1 sujeto a qui\u00e9n le toca dirigir los destinos de la naci\u00f3n en un momento dado.<\/p>\n<p>Tercero, subraya el rol del Estado en \u201cla protecci\u00f3n efectiva de los derechos de la persona y el<br \/>respeto de su dignidad\u201d y su misi\u00f3n de poner medios que permitan a las personas crecer \u201cde<br \/>forma igualitaria, equitativa y progresiva\u201d<sup>6<\/sup>. <br \/><br \/>As\u00ed, el Presidente nos da la tarea hist\u00f3rica de <strong>institucionalizar<\/strong> al CAID.<\/p>\n<p><strong>2.2 <\/strong>\u00bfPor d\u00f3nde empezamos?<\/p>\n<p>Pues bien, el mismo Presidente es quien da el primer paso con la disoluci\u00f3n del Despacho de la Primera Dama, transfiriendo al CAID al Ministerio de Salud, cumpliendo con la Ley Org\u00e1nica de la Administraci\u00f3n P\u00fablica 247-12, cuando se\u00f1ala que (cito):<\/p>\n<p style=\"padding-left: 40px;\">\u201clos entes y \u00f3rganos que conforman la Administraci\u00f3n P\u00fablica deben ser concebidos y dise\u00f1ados atendiendo a criterios de racionalidad y coherencia en la definici\u00f3n y organizaci\u00f3n de los servicios p\u00fablicos\u201d<sup>7<\/sup>.<\/p>\n<p>As\u00ed, el CAID se comienza a ordenar bajo \u201cun enfoque sectorial\u201d<sup>8<\/sup> en el Ministerio de Salud como parte natural y org\u00e1nica del sistema de salud y cuidado de la Red-p\u00fablica.<\/p>\n<p>Este ordenamiento queda mejor definido en el primer art\u00edculo del decreto que recrea al CAID, cuando establece que se constituya en \u201cun \u00f3rgano desconcentrado, tanto funcional como territorialmente, adscrito al Ministerio de Salud P\u00fablica y Asistencia Social (MISPAS)\u201d,<sup>9<\/sup>.<\/p>\n<p>De las m\u00faltiples implicaciones que tiene esta redefinici\u00f3n, quisiera subrayar tres (3) aspectos por<br \/>considerarlas de importancia en este proceso de construcci\u00f3n de identidad que nos invita la<br \/>formulaci\u00f3n del PEI:<br \/><br \/>Primero, el CAID se convierte en una unidad administrativa habilitada a ejercer en nombre del<br \/>ministerio de salud el conjunto de competencias que posee, y las nuevas que le atribuye el<br \/>decreto 170-21, con el prop\u00f3sito de mantener su especializaci\u00f3n y calidad en la prestaci\u00f3n de los<br \/>servicios y, sobre todo, la cercan\u00eda a los usuarios<sup>10<\/sup>.<br \/><br \/>Segundo, el presupuesto que maneja el CAID pasa a ser transparentado por primera vez, ya que tiene que ser incluido por ley \u201cen el presupuesto del \u00f3rgano o ente del que forma parte\u201d <sup>11<\/sup>, en este caso del Ministerio de Salud, y como unidad ejecutora tiene que rendir cuentas. Y este es un paso gigantesco.<\/p>\n<p>Tercero, el CAID pasa a ser encabezado por un Consejo Directivo, con la misi\u00f3n de \u201cestablecer las normas administrativas, t\u00e9cnicas y econ\u00f3micas para su funcionamiento\u201d <sup>12<\/sup> y con la \u201cpotestad exclusiva\u201d de \u201cla evaluaci\u00f3n, contrataci\u00f3n y desvinculaci\u00f3n de todo el personal\u201d.<br \/><br \/>El Presidente otorg\u00f3 al Consejo esta \u00faltima potestad, con miras a preservar en lo adelante al personal especializado para que est\u00e9 menos sujeto a los per\u00edodos pol\u00edticos, raz\u00f3n por la cual nos ha permitido conservar al 95% del personal de toda la Red-CAID<sup>13<\/sup>.<\/p>\n<p><strong>2.3<\/strong> \u00bfPor d\u00f3nde seguimos?<\/p>\n<p>Esa respuesta nos toca a todos nosotros marchar en su b\u00fasqueda y hacerla realidad.<\/p>\n<p>Es oportuno seguir abriendo caminos en la formaci\u00f3n t\u00e9cnica de alto nivel para el personal, ocuparse en su cuidado y continuar corrigiendo la enorme distorsi\u00f3n encontrada en los salarios que, en algunos casos, ha sido de un 45% por debajo en terapeutas y hasta un 95% por debajo en auxiliares de cita, por poner dos ejemplos. Ya s\u00f3lo nos resta un 40% por ajuste salarial, de todo<br \/>el personal de la red.<\/p>\n<p>Sin duda alguna, tendr\u00edamos que preguntarnos por la idoneidad de la puesta en marcha de un nuevo modelo de atenci\u00f3n y servicios que nos permita darle la oportunidad a un mayor n\u00famero de familias de contar con nuestras evaluaciones y diagn\u00f3sticos, as\u00ed como de la formaci\u00f3n y acompa\u00f1amiento que ofrecemos.<br \/><br \/>Convendr\u00eda seguir explorando las v\u00edas de aprovechar otros turnos de servicios m\u00e1s all\u00e1 de los d\u00edas y horarios habituales; acercarnos a los territorios con las intervenciones terap\u00e9uticas que ofrecemos y materializar la articulaci\u00f3n en red con el mapeo nacional que empezamos.<br \/><br \/>Debemos pronto poder gozar, de una vez y por todas, de un sistema integrado y robusto de informaci\u00f3n, incluso en l\u00ednea; y evaluar los servicios que podr\u00edan obtener las familias por esa misma v\u00eda.<br \/><br \/>Por otro lado, continuar el camino de ampliaci\u00f3n de la captaci\u00f3n de fondos por medios propios para aportar significativamente a nuestra sostenibilidad.<br \/><br \/>Adem\u00e1s, nos toca ahora poner los medios para crecer en nuestra comunicaci\u00f3n interna y saber comunicar hacia afuera lo mucho y bien que hacemos con el compromiso y la excelencia inigualable de un personal entregado.<\/p>\n<p><strong>3. Bienvenida<\/strong><\/p>\n<p>Finalmente, les doy la m\u00e1s entra\u00f1able bienvenida a ser parte de este proceso de construcci\u00f3n colectiva, anim\u00e1ndolos a profundizar la mirada en la provisi\u00f3n de servicios desde la perspectiva de los derechos de los ni\u00f1os y ni\u00f1as; y no quedar atrapados en los enfoques del mero cumplimiento de la productividad en t\u00e9rminos de cantidades de atenciones ni desde la perspectiva de una seudo-compasi\u00f3n asistencialista o paternalista.<\/p>\n<p><br \/>Dios nos bendiga y anime con el don de la sabidur\u00eda y el discernimiento para el bien de los dem\u00e1s y su mayor gloria.<\/p>\n<p>\u00a0<\/p>\n<p>P. Jorge Willian Hern\u00e1ndez D\u00edaz, sj.<br \/>Presidente del Consejo Directivo.<\/p>\n<p>&#8212;&#8212;&#8212;&#8212;&#8212;&#8212;&#8212;&#8211;<\/p>\n<p>Palabras de bienvenida e introducci\u00f3n al taller de formulaci\u00f3n del Primer Plan Estrat\u00e9gico Institucional del CAID el lunes 23 de enero de 2023.<\/p>\n<p>1 Gonz\u00e1lez Buelta, Benjam\u00edn, sj (2009). Tiempo de crear: polaridades evang\u00e9licas. Espa\u00f1a: Sal Terrae, p.30.<br \/>2 Op.cit., p.24.<br \/>3 Op.cit., p.25.<br \/>4 9no. Considerando, decreto No. 170-21 que \u201crecrea\u201d al CAID, del 16 de marzo de 2021.<br \/>5 4to. Considerando, \u00eddem.<br \/>6 1er. Considerando, \u00eddem.<br \/>7 Considerando s\u00e9ptimo de la Ley Org\u00e1nica de la Administraci\u00f3n P\u00fablica, 247-12, del 14 agosto del 2012 (en lo<br \/>adelante Ley 247-12); subrayados m\u00edos.<br \/>8 Art. 11, Secci\u00f3n I, Cap. III, del decreto No. 252-15 que establece el Reglamento General de la Administraci\u00f3n<br \/>P\u00fablica en aplicaci\u00f3n de la Ley 247-12.<br \/>9 Art. 1, del Decreto 170-21.<br \/>10 Ver art\u00edculo 70, Cap\u00edtulo III, T\u00edtulo III, de la Ley 247-12. Ver, adem\u00e1s, el art. 6, Cap\u00edtulo I, T\u00edtulo I, de la Ley 247-12;<br \/>y el P\u00e1rrafo III, Art. 10, Secci\u00f3n I, Cap. III, del Decreto 252-15;<br \/>11 Art\u00edculo 72, Cap\u00edtulo III, T\u00edtulo III, de la Ley 247-12.<br \/>12 Ar\u00edculo 2, Derecto 170-21.<br \/>13 A la fecha, s\u00f3lo el 5% de todo el personal de la red CAID ha sido desvinculado, l\u00e9ase 21 personas de 465<\/p>\n<p>\u00a0<\/p>\t\t\t\t\t\t\t\t<\/div>\n\t\t\t\t<\/div>\n\t\t\t\t\t<\/div>\n\t\t<\/div>\n\t\t\t\t\t<\/div>\n\t\t<\/section>\n\t\t\t\t<\/div>\n\t\t","protected":false},"excerpt":{"rendered":"<p>Muy buenos d\u00edas,Se\u00f1ores y se\u00f1oras miembros del Consejo Directivo del CAID aqu\u00ed presentes, Director\u00a0Nacional,\u00a0directores m\u00e9dicos, directivos de la Red, amigos y amigas todos y todas, Abordar\u00e9 tres puntos en estas palabras de bienvenida e introducci\u00f3n a este taller que forma parte del proceso de formulaci\u00f3n del primer plan estrat\u00e9gico institucional del CAID. Primero, har\u00e9 uso [&hellip;]<\/p>\n","protected":false},"author":1,"featured_media":9468,"comment_status":"open","ping_status":"open","sticky":false,"template":"","format":"standard","meta":{"_acf_changed":false,"_jetpack_memberships_contains_paid_content":false,"footnotes":""},"categories":[45],"tags":[50],"class_list":["post-9474","post","type-post","status-publish","format-standard","has-post-thumbnail","hentry","category-publicaciones-institucionales","tag-santo-domingo"],"acf":[],"yoast_head":"<!-- This site is optimized with the Yoast SEO plugin v27.5 - https:\/\/yoast.com\/product\/yoast-seo-wordpress\/ -->\r\n<title>Palabras del padre Jorge William Hern\u00e1ndez, presidente del Consejo Directivo del CAID, durante el taller de evaluaci\u00f3n del marco estrat\u00e9gico institucional - CAID<\/title>\r\n<meta name=\"robots\" content=\"index, follow, max-snippet:-1, max-image-preview:large, max-video-preview:-1\" \/>\r\n<link rel=\"canonical\" href=\"https:\/\/caid.gob.do\/caid\/presidente-del-caid-exhorta-a-explorar-vias-que-amplien-la-cobertura-y-calidad-de-los-servicios-2\/\" \/>\r\n<meta property=\"og:locale\" content=\"es_ES\" \/>\r\n<meta property=\"og:type\" content=\"article\" \/>\r\n<meta property=\"og:title\" content=\"Palabras del padre Jorge William Hern\u00e1ndez, presidente del Consejo Directivo del CAID, durante el taller de evaluaci\u00f3n del marco estrat\u00e9gico institucional - CAID\" \/>\r\n<meta property=\"og:description\" content=\"Muy buenos d\u00edas,Se\u00f1ores y se\u00f1oras miembros del Consejo Directivo del CAID aqu\u00ed presentes, Director\u00a0Nacional,\u00a0directores m\u00e9dicos, directivos de la Red, amigos y amigas todos y todas, Abordar\u00e9 tres puntos en estas palabras de bienvenida e introducci\u00f3n a este taller que forma parte del proceso de formulaci\u00f3n del primer plan estrat\u00e9gico institucional del CAID. Primero, har\u00e9 uso [&hellip;]\" \/>\r\n<meta property=\"og:url\" content=\"https:\/\/caid.gob.do\/caid\/presidente-del-caid-exhorta-a-explorar-vias-que-amplien-la-cobertura-y-calidad-de-los-servicios-2\/\" \/>\r\n<meta property=\"og:site_name\" content=\"CAID\" \/>\r\n<meta property=\"article:publisher\" content=\"https:\/\/www.facebook.com\/redcaidrd\" \/>\r\n<meta property=\"article:published_time\" content=\"2023-01-23T20:37:30+00:00\" \/>\r\n<meta property=\"article:modified_time\" content=\"2023-07-31T19:39:26+00:00\" \/>\r\n<meta property=\"og:image\" content=\"https:\/\/caid.gob.do\/caid\/wp-content\/uploads\/padre-scaled.jpg\" \/>\r\n\t<meta property=\"og:image:width\" content=\"2560\" \/>\r\n\t<meta property=\"og:image:height\" content=\"1922\" \/>\r\n\t<meta property=\"og:image:type\" content=\"image\/jpeg\" \/>\r\n<meta name=\"author\" content=\"j.ortega\" \/>\r\n<meta name=\"twitter:card\" content=\"summary_large_image\" \/>\r\n<meta name=\"twitter:creator\" content=\"@CAIDRDO\" \/>\r\n<meta name=\"twitter:site\" content=\"@CAIDRDO\" \/>\r\n<meta name=\"twitter:label1\" content=\"Written by\" \/>\n\t<meta name=\"twitter:data1\" content=\"j.ortega\" \/>\n\t<meta name=\"twitter:label2\" content=\"Est. reading time\" \/>\n\t<meta name=\"twitter:data2\" content=\"8 minutos\" \/>\r\n<script type=\"application\/ld+json\" class=\"yoast-schema-graph\">{\"@context\":\"https:\\\/\\\/schema.org\",\"@graph\":[{\"@type\":\"Article\",\"@id\":\"https:\\\/\\\/caid.gob.do\\\/caid\\\/presidente-del-caid-exhorta-a-explorar-vias-que-amplien-la-cobertura-y-calidad-de-los-servicios-2\\\/#article\",\"isPartOf\":{\"@id\":\"https:\\\/\\\/caid.gob.do\\\/caid\\\/presidente-del-caid-exhorta-a-explorar-vias-que-amplien-la-cobertura-y-calidad-de-los-servicios-2\\\/\"},\"author\":{\"name\":\"j.ortega\",\"@id\":\"https:\\\/\\\/caid.gob.do\\\/caid\\\/#\\\/schema\\\/person\\\/eabe18a8e75d76804c0ab7a18828fb37\"},\"headline\":\"Palabras del padre Jorge William Hern\u00e1ndez, presidente del Consejo Directivo del CAID, durante el taller de evaluaci\u00f3n del marco estrat\u00e9gico institucional\",\"datePublished\":\"2023-01-23T20:37:30+00:00\",\"dateModified\":\"2023-07-31T19:39:26+00:00\",\"mainEntityOfPage\":{\"@id\":\"https:\\\/\\\/caid.gob.do\\\/caid\\\/presidente-del-caid-exhorta-a-explorar-vias-que-amplien-la-cobertura-y-calidad-de-los-servicios-2\\\/\"},\"wordCount\":1630,\"commentCount\":0,\"publisher\":{\"@id\":\"https:\\\/\\\/caid.gob.do\\\/caid\\\/#organization\"},\"image\":{\"@id\":\"https:\\\/\\\/caid.gob.do\\\/caid\\\/presidente-del-caid-exhorta-a-explorar-vias-que-amplien-la-cobertura-y-calidad-de-los-servicios-2\\\/#primaryimage\"},\"thumbnailUrl\":\"https:\\\/\\\/caid.gob.do\\\/caid\\\/wp-content\\\/uploads\\\/padre-scaled.jpg\",\"keywords\":[\"Santo Domingo\"],\"articleSection\":[\"Publicaciones institucionales\"],\"inLanguage\":\"es-DO\",\"potentialAction\":[{\"@type\":\"CommentAction\",\"name\":\"Comment\",\"target\":[\"https:\\\/\\\/caid.gob.do\\\/caid\\\/presidente-del-caid-exhorta-a-explorar-vias-que-amplien-la-cobertura-y-calidad-de-los-servicios-2\\\/#respond\"]}]},{\"@type\":\"WebPage\",\"@id\":\"https:\\\/\\\/caid.gob.do\\\/caid\\\/presidente-del-caid-exhorta-a-explorar-vias-que-amplien-la-cobertura-y-calidad-de-los-servicios-2\\\/\",\"url\":\"https:\\\/\\\/caid.gob.do\\\/caid\\\/presidente-del-caid-exhorta-a-explorar-vias-que-amplien-la-cobertura-y-calidad-de-los-servicios-2\\\/\",\"name\":\"Palabras del padre Jorge William Hern\u00e1ndez, presidente del Consejo Directivo del CAID, durante el taller de evaluaci\u00f3n del marco estrat\u00e9gico institucional - CAID\",\"isPartOf\":{\"@id\":\"https:\\\/\\\/caid.gob.do\\\/caid\\\/#website\"},\"primaryImageOfPage\":{\"@id\":\"https:\\\/\\\/caid.gob.do\\\/caid\\\/presidente-del-caid-exhorta-a-explorar-vias-que-amplien-la-cobertura-y-calidad-de-los-servicios-2\\\/#primaryimage\"},\"image\":{\"@id\":\"https:\\\/\\\/caid.gob.do\\\/caid\\\/presidente-del-caid-exhorta-a-explorar-vias-que-amplien-la-cobertura-y-calidad-de-los-servicios-2\\\/#primaryimage\"},\"thumbnailUrl\":\"https:\\\/\\\/caid.gob.do\\\/caid\\\/wp-content\\\/uploads\\\/padre-scaled.jpg\",\"datePublished\":\"2023-01-23T20:37:30+00:00\",\"dateModified\":\"2023-07-31T19:39:26+00:00\",\"breadcrumb\":{\"@id\":\"https:\\\/\\\/caid.gob.do\\\/caid\\\/presidente-del-caid-exhorta-a-explorar-vias-que-amplien-la-cobertura-y-calidad-de-los-servicios-2\\\/#breadcrumb\"},\"inLanguage\":\"es-DO\",\"potentialAction\":[{\"@type\":\"ReadAction\",\"target\":[\"https:\\\/\\\/caid.gob.do\\\/caid\\\/presidente-del-caid-exhorta-a-explorar-vias-que-amplien-la-cobertura-y-calidad-de-los-servicios-2\\\/\"]}]},{\"@type\":\"ImageObject\",\"inLanguage\":\"es-DO\",\"@id\":\"https:\\\/\\\/caid.gob.do\\\/caid\\\/presidente-del-caid-exhorta-a-explorar-vias-que-amplien-la-cobertura-y-calidad-de-los-servicios-2\\\/#primaryimage\",\"url\":\"https:\\\/\\\/caid.gob.do\\\/caid\\\/wp-content\\\/uploads\\\/padre-scaled.jpg\",\"contentUrl\":\"https:\\\/\\\/caid.gob.do\\\/caid\\\/wp-content\\\/uploads\\\/padre-scaled.jpg\",\"width\":2560,\"height\":1922},{\"@type\":\"BreadcrumbList\",\"@id\":\"https:\\\/\\\/caid.gob.do\\\/caid\\\/presidente-del-caid-exhorta-a-explorar-vias-que-amplien-la-cobertura-y-calidad-de-los-servicios-2\\\/#breadcrumb\",\"itemListElement\":[{\"@type\":\"ListItem\",\"position\":1,\"name\":\"Est\u00e1s aqu\u00ed:\",\"item\":\"https:\\\/\\\/caid.gob.do\\\/caid\\\/\"},{\"@type\":\"ListItem\",\"position\":2,\"name\":\"Publicaciones institucionales\",\"item\":\"https:\\\/\\\/caid.gob.do\\\/caid\\\/category\\\/publicaciones-institucionales\\\/\"},{\"@type\":\"ListItem\",\"position\":3,\"name\":\"Palabras del padre Jorge William Hern\u00e1ndez, presidente del Consejo Directivo del CAID, durante el taller de evaluaci\u00f3n del marco estrat\u00e9gico institucional\"}]},{\"@type\":\"WebSite\",\"@id\":\"https:\\\/\\\/caid.gob.do\\\/caid\\\/#website\",\"url\":\"https:\\\/\\\/caid.gob.do\\\/caid\\\/\",\"name\":\"CAID\",\"description\":\"Centro de Atenci\u00f3n Integral a la Discapacidad\",\"publisher\":{\"@id\":\"https:\\\/\\\/caid.gob.do\\\/caid\\\/#organization\"},\"potentialAction\":[{\"@type\":\"SearchAction\",\"target\":{\"@type\":\"EntryPoint\",\"urlTemplate\":\"https:\\\/\\\/caid.gob.do\\\/caid\\\/?s={search_term_string}\"},\"query-input\":{\"@type\":\"PropertyValueSpecification\",\"valueRequired\":true,\"valueName\":\"search_term_string\"}}],\"inLanguage\":\"es-DO\"},{\"@type\":\"Organization\",\"@id\":\"https:\\\/\\\/caid.gob.do\\\/caid\\\/#organization\",\"name\":\"Centro de Atenci\u00f3n Integral para la Discapacidad\",\"url\":\"https:\\\/\\\/caid.gob.do\\\/caid\\\/\",\"logo\":{\"@type\":\"ImageObject\",\"inLanguage\":\"es-DO\",\"@id\":\"https:\\\/\\\/caid.gob.do\\\/caid\\\/#\\\/schema\\\/logo\\\/image\\\/\",\"url\":\"https:\\\/\\\/caid.gob.do\\\/caid\\\/wp-content\\\/uploads\\\/CAID-LOGOS-EN-PNG_Mesa-de-trabajo-1-2-1024x505-1.png\",\"contentUrl\":\"https:\\\/\\\/caid.gob.do\\\/caid\\\/wp-content\\\/uploads\\\/CAID-LOGOS-EN-PNG_Mesa-de-trabajo-1-2-1024x505-1.png\",\"width\":1024,\"height\":505,\"caption\":\"Centro de Atenci\u00f3n Integral para la Discapacidad\"},\"image\":{\"@id\":\"https:\\\/\\\/caid.gob.do\\\/caid\\\/#\\\/schema\\\/logo\\\/image\\\/\"},\"sameAs\":[\"https:\\\/\\\/www.facebook.com\\\/redcaidrd\",\"https:\\\/\\\/x.com\\\/CAIDRDO\",\"https:\\\/\\\/www.instagram.com\\\/caidrd\\\/\",\"https:\\\/\\\/www.youtube.com\\\/channel\\\/UCLnt-fnRlxQdgJQwjgWkrCg\"]},{\"@type\":\"Person\",\"@id\":\"https:\\\/\\\/caid.gob.do\\\/caid\\\/#\\\/schema\\\/person\\\/eabe18a8e75d76804c0ab7a18828fb37\",\"name\":\"j.ortega\",\"image\":{\"@type\":\"ImageObject\",\"inLanguage\":\"es-DO\",\"@id\":\"https:\\\/\\\/secure.gravatar.com\\\/avatar\\\/375f8cefc66fc63362d75424f6f727ddbbecd8c33b29ce1234841e4c4c30563f?s=96&d=mm&r=g\",\"url\":\"https:\\\/\\\/secure.gravatar.com\\\/avatar\\\/375f8cefc66fc63362d75424f6f727ddbbecd8c33b29ce1234841e4c4c30563f?s=96&d=mm&r=g\",\"contentUrl\":\"https:\\\/\\\/secure.gravatar.com\\\/avatar\\\/375f8cefc66fc63362d75424f6f727ddbbecd8c33b29ce1234841e4c4c30563f?s=96&d=mm&r=g\",\"caption\":\"j.ortega\"},\"sameAs\":[\"https:\\\/\\\/caid.gob.do\\\/caid\"],\"url\":\"https:\\\/\\\/caid.gob.do\\\/caid\\\/author\\\/j-ortega\\\/\"}]}<\/script>\r\n<!-- \/ Yoast SEO plugin. -->","yoast_head_json":{"title":"Palabras del padre Jorge William Hern\u00e1ndez, presidente del Consejo Directivo del CAID, durante el taller de evaluaci\u00f3n del marco estrat\u00e9gico institucional - CAID","robots":{"index":"index","follow":"follow","max-snippet":"max-snippet:-1","max-image-preview":"max-image-preview:large","max-video-preview":"max-video-preview:-1"},"canonical":"https:\/\/caid.gob.do\/caid\/presidente-del-caid-exhorta-a-explorar-vias-que-amplien-la-cobertura-y-calidad-de-los-servicios-2\/","og_locale":"es_ES","og_type":"article","og_title":"Palabras del padre Jorge William Hern\u00e1ndez, presidente del Consejo Directivo del CAID, durante el taller de evaluaci\u00f3n del marco estrat\u00e9gico institucional - CAID","og_description":"Muy buenos d\u00edas,Se\u00f1ores y se\u00f1oras miembros del Consejo Directivo del CAID aqu\u00ed presentes, Director\u00a0Nacional,\u00a0directores m\u00e9dicos, directivos de la Red, amigos y amigas todos y todas, Abordar\u00e9 tres puntos en estas palabras de bienvenida e introducci\u00f3n a este taller que forma parte del proceso de formulaci\u00f3n del primer plan estrat\u00e9gico institucional del CAID. Primero, har\u00e9 uso [&hellip;]","og_url":"https:\/\/caid.gob.do\/caid\/presidente-del-caid-exhorta-a-explorar-vias-que-amplien-la-cobertura-y-calidad-de-los-servicios-2\/","og_site_name":"CAID","article_publisher":"https:\/\/www.facebook.com\/redcaidrd","article_published_time":"2023-01-23T20:37:30+00:00","article_modified_time":"2023-07-31T19:39:26+00:00","og_image":[{"width":2560,"height":1922,"url":"https:\/\/caid.gob.do\/caid\/wp-content\/uploads\/padre-scaled.jpg","type":"image\/jpeg"}],"author":"j.ortega","twitter_card":"summary_large_image","twitter_creator":"@CAIDRDO","twitter_site":"@CAIDRDO","twitter_misc":{"Written by":"j.ortega","Est. reading time":"8 minutos"},"schema":{"@context":"https:\/\/schema.org","@graph":[{"@type":"Article","@id":"https:\/\/caid.gob.do\/caid\/presidente-del-caid-exhorta-a-explorar-vias-que-amplien-la-cobertura-y-calidad-de-los-servicios-2\/#article","isPartOf":{"@id":"https:\/\/caid.gob.do\/caid\/presidente-del-caid-exhorta-a-explorar-vias-que-amplien-la-cobertura-y-calidad-de-los-servicios-2\/"},"author":{"name":"j.ortega","@id":"https:\/\/caid.gob.do\/caid\/#\/schema\/person\/eabe18a8e75d76804c0ab7a18828fb37"},"headline":"Palabras del padre Jorge William Hern\u00e1ndez, presidente del Consejo Directivo del CAID, durante el taller de evaluaci\u00f3n del marco estrat\u00e9gico institucional","datePublished":"2023-01-23T20:37:30+00:00","dateModified":"2023-07-31T19:39:26+00:00","mainEntityOfPage":{"@id":"https:\/\/caid.gob.do\/caid\/presidente-del-caid-exhorta-a-explorar-vias-que-amplien-la-cobertura-y-calidad-de-los-servicios-2\/"},"wordCount":1630,"commentCount":0,"publisher":{"@id":"https:\/\/caid.gob.do\/caid\/#organization"},"image":{"@id":"https:\/\/caid.gob.do\/caid\/presidente-del-caid-exhorta-a-explorar-vias-que-amplien-la-cobertura-y-calidad-de-los-servicios-2\/#primaryimage"},"thumbnailUrl":"https:\/\/caid.gob.do\/caid\/wp-content\/uploads\/padre-scaled.jpg","keywords":["Santo Domingo"],"articleSection":["Publicaciones institucionales"],"inLanguage":"es-DO","potentialAction":[{"@type":"CommentAction","name":"Comment","target":["https:\/\/caid.gob.do\/caid\/presidente-del-caid-exhorta-a-explorar-vias-que-amplien-la-cobertura-y-calidad-de-los-servicios-2\/#respond"]}]},{"@type":"WebPage","@id":"https:\/\/caid.gob.do\/caid\/presidente-del-caid-exhorta-a-explorar-vias-que-amplien-la-cobertura-y-calidad-de-los-servicios-2\/","url":"https:\/\/caid.gob.do\/caid\/presidente-del-caid-exhorta-a-explorar-vias-que-amplien-la-cobertura-y-calidad-de-los-servicios-2\/","name":"Palabras del padre Jorge William Hern\u00e1ndez, presidente del Consejo Directivo del CAID, durante el taller de evaluaci\u00f3n del marco estrat\u00e9gico institucional - CAID","isPartOf":{"@id":"https:\/\/caid.gob.do\/caid\/#website"},"primaryImageOfPage":{"@id":"https:\/\/caid.gob.do\/caid\/presidente-del-caid-exhorta-a-explorar-vias-que-amplien-la-cobertura-y-calidad-de-los-servicios-2\/#primaryimage"},"image":{"@id":"https:\/\/caid.gob.do\/caid\/presidente-del-caid-exhorta-a-explorar-vias-que-amplien-la-cobertura-y-calidad-de-los-servicios-2\/#primaryimage"},"thumbnailUrl":"https:\/\/caid.gob.do\/caid\/wp-content\/uploads\/padre-scaled.jpg","datePublished":"2023-01-23T20:37:30+00:00","dateModified":"2023-07-31T19:39:26+00:00","breadcrumb":{"@id":"https:\/\/caid.gob.do\/caid\/presidente-del-caid-exhorta-a-explorar-vias-que-amplien-la-cobertura-y-calidad-de-los-servicios-2\/#breadcrumb"},"inLanguage":"es-DO","potentialAction":[{"@type":"ReadAction","target":["https:\/\/caid.gob.do\/caid\/presidente-del-caid-exhorta-a-explorar-vias-que-amplien-la-cobertura-y-calidad-de-los-servicios-2\/"]}]},{"@type":"ImageObject","inLanguage":"es-DO","@id":"https:\/\/caid.gob.do\/caid\/presidente-del-caid-exhorta-a-explorar-vias-que-amplien-la-cobertura-y-calidad-de-los-servicios-2\/#primaryimage","url":"https:\/\/caid.gob.do\/caid\/wp-content\/uploads\/padre-scaled.jpg","contentUrl":"https:\/\/caid.gob.do\/caid\/wp-content\/uploads\/padre-scaled.jpg","width":2560,"height":1922},{"@type":"BreadcrumbList","@id":"https:\/\/caid.gob.do\/caid\/presidente-del-caid-exhorta-a-explorar-vias-que-amplien-la-cobertura-y-calidad-de-los-servicios-2\/#breadcrumb","itemListElement":[{"@type":"ListItem","position":1,"name":"Est\u00e1s aqu\u00ed:","item":"https:\/\/caid.gob.do\/caid\/"},{"@type":"ListItem","position":2,"name":"Publicaciones institucionales","item":"https:\/\/caid.gob.do\/caid\/category\/publicaciones-institucionales\/"},{"@type":"ListItem","position":3,"name":"Palabras del padre Jorge William Hern\u00e1ndez, presidente del Consejo Directivo del CAID, durante el taller de evaluaci\u00f3n del marco estrat\u00e9gico institucional"}]},{"@type":"WebSite","@id":"https:\/\/caid.gob.do\/caid\/#website","url":"https:\/\/caid.gob.do\/caid\/","name":"CAID","description":"Centro de Atenci\u00f3n Integral a la Discapacidad","publisher":{"@id":"https:\/\/caid.gob.do\/caid\/#organization"},"potentialAction":[{"@type":"SearchAction","target":{"@type":"EntryPoint","urlTemplate":"https:\/\/caid.gob.do\/caid\/?s={search_term_string}"},"query-input":{"@type":"PropertyValueSpecification","valueRequired":true,"valueName":"search_term_string"}}],"inLanguage":"es-DO"},{"@type":"Organization","@id":"https:\/\/caid.gob.do\/caid\/#organization","name":"Centro de Atenci\u00f3n Integral para la Discapacidad","url":"https:\/\/caid.gob.do\/caid\/","logo":{"@type":"ImageObject","inLanguage":"es-DO","@id":"https:\/\/caid.gob.do\/caid\/#\/schema\/logo\/image\/","url":"https:\/\/caid.gob.do\/caid\/wp-content\/uploads\/CAID-LOGOS-EN-PNG_Mesa-de-trabajo-1-2-1024x505-1.png","contentUrl":"https:\/\/caid.gob.do\/caid\/wp-content\/uploads\/CAID-LOGOS-EN-PNG_Mesa-de-trabajo-1-2-1024x505-1.png","width":1024,"height":505,"caption":"Centro de Atenci\u00f3n Integral para la Discapacidad"},"image":{"@id":"https:\/\/caid.gob.do\/caid\/#\/schema\/logo\/image\/"},"sameAs":["https:\/\/www.facebook.com\/redcaidrd","https:\/\/x.com\/CAIDRDO","https:\/\/www.instagram.com\/caidrd\/","https:\/\/www.youtube.com\/channel\/UCLnt-fnRlxQdgJQwjgWkrCg"]},{"@type":"Person","@id":"https:\/\/caid.gob.do\/caid\/#\/schema\/person\/eabe18a8e75d76804c0ab7a18828fb37","name":"j.ortega","image":{"@type":"ImageObject","inLanguage":"es-DO","@id":"https:\/\/secure.gravatar.com\/avatar\/375f8cefc66fc63362d75424f6f727ddbbecd8c33b29ce1234841e4c4c30563f?s=96&d=mm&r=g","url":"https:\/\/secure.gravatar.com\/avatar\/375f8cefc66fc63362d75424f6f727ddbbecd8c33b29ce1234841e4c4c30563f?s=96&d=mm&r=g","contentUrl":"https:\/\/secure.gravatar.com\/avatar\/375f8cefc66fc63362d75424f6f727ddbbecd8c33b29ce1234841e4c4c30563f?s=96&d=mm&r=g","caption":"j.ortega"},"sameAs":["https:\/\/caid.gob.do\/caid"],"url":"https:\/\/caid.gob.do\/caid\/author\/j-ortega\/"}]}},"jetpack_featured_media_url":"https:\/\/caid.gob.do\/caid\/wp-content\/uploads\/padre-scaled.jpg","jetpack_sharing_enabled":true,"_links":{"self":[{"href":"https:\/\/caid.gob.do\/caid\/wp-json\/wp\/v2\/posts\/9474","targetHints":{"allow":["GET"]}}],"collection":[{"href":"https:\/\/caid.gob.do\/caid\/wp-json\/wp\/v2\/posts"}],"about":[{"href":"https:\/\/caid.gob.do\/caid\/wp-json\/wp\/v2\/types\/post"}],"author":[{"embeddable":true,"href":"https:\/\/caid.gob.do\/caid\/wp-json\/wp\/v2\/users\/1"}],"replies":[{"embeddable":true,"href":"https:\/\/caid.gob.do\/caid\/wp-json\/wp\/v2\/comments?post=9474"}],"version-history":[{"count":16,"href":"https:\/\/caid.gob.do\/caid\/wp-json\/wp\/v2\/posts\/9474\/revisions"}],"predecessor-version":[{"id":9514,"href":"https:\/\/caid.gob.do\/caid\/wp-json\/wp\/v2\/posts\/9474\/revisions\/9514"}],"wp:featuredmedia":[{"embeddable":true,"href":"https:\/\/caid.gob.do\/caid\/wp-json\/wp\/v2\/media\/9468"}],"wp:attachment":[{"href":"https:\/\/caid.gob.do\/caid\/wp-json\/wp\/v2\/media?parent=9474"}],"wp:term":[{"taxonomy":"category","embeddable":true,"href":"https:\/\/caid.gob.do\/caid\/wp-json\/wp\/v2\/categories?post=9474"},{"taxonomy":"post_tag","embeddable":true,"href":"https:\/\/caid.gob.do\/caid\/wp-json\/wp\/v2\/tags?post=9474"}],"curies":[{"name":"wp","href":"https:\/\/api.w.org\/{rel}","templated":true}]}}