{"id":992,"date":"2022-03-21T11:44:22","date_gmt":"2022-03-21T15:44:22","guid":{"rendered":"https:\/\/caid.gob.do\/?p=992"},"modified":"2023-08-14T09:41:52","modified_gmt":"2023-08-14T13:41:52","slug":"caid-celebra-8vo-aniversario","status":"publish","type":"post","link":"https:\/\/caid.gob.do\/caid\/caid-celebra-8vo-aniversario\/","title":{"rendered":"CAID celebra 8vo. Aniversario"},"content":{"rendered":"\n<p><strong>Lunes, 29 Noviembre 2021<\/strong><\/p>\n\n\n\n<div class=\"wp-block-image\"><figure class=\"aligncenter size-full is-resized\"><img loading=\"lazy\" decoding=\"async\" src=\"https:\/\/caid.gob.do\/caid\/wp-content\/uploads\/2022\/03\/c2521bfee169c226099b9168e0b93ff0_L.jpg\" alt=\"\" class=\"wp-image-993\" width=\"860\" height=\"549\" \/><\/figure><\/div>\n\n\n\n<p>Santo Domingo, D.N.<\/p>\n\n\n\n<p>Al cumplirse ocho a\u00f1os del inicio de sus labores, el Centro de Atenci\u00f3n Integral para la Discapacidad, celebr\u00f3 los logros alcanzados en este a\u00f1o de gesti\u00f3n, y afianz\u00f3 el compromiso de brindar asistencia con calidad profesional y tecnol\u00f3gica a la poblaci\u00f3n con condiciones de discapacidad.<\/p>\n\n\n\n<p>Desde su inauguraci\u00f3n, el CAID ha funcionado bajo un esp\u00edritu de&nbsp; solidaridad que crea sinergias entre las pol\u00edticas p\u00fablicas, los diferentes sectores p\u00fablicos, privados, productivos y sociales, para unir recursos y multiplicar resultados por el bien com\u00fan de los ni\u00f1os y ni\u00f1as con&nbsp; Trastorno del Espectro Autista, S\u00edndrome de Down y Par\u00e1lisis Cerebral, en edades de 0 a 12 a\u00f1os.<\/p>\n\n\n\n<p>Para conmemorar esta importante fecha, en las sedes CAID Santo Domingo Oeste, CAID Santiago y CAID San Juan, &nbsp;se celebraron diferentes actividades a trav\u00e9s de las cuales se presentaron&nbsp; las memorias del \u00faltimo &nbsp;a\u00f1o de gesti\u00f3n, incluyendo misas de&nbsp; \u201cAcci\u00f3n de Gracias\u201d, mismas que contaron con la participaci\u00f3n&nbsp; de representantes de distintos sectores p\u00fablicos y privados, especialistas de la salud y un gran n\u00famero de las familias que forman parte del CAID.<\/p>\n","protected":false},"excerpt":{"rendered":"<p>Lunes, 29 Noviembre 2021 Santo Domingo, D.N. Al cumplirse ocho a\u00f1os del inicio de sus labores, el Centro de Atenci\u00f3n Integral para la Discapacidad, celebr\u00f3 los logros alcanzados en este a\u00f1o de gesti\u00f3n, y afianz\u00f3 el compromiso de brindar asistencia con calidad profesional y tecnol\u00f3gica a la poblaci\u00f3n con condiciones de discapacidad. Desde su inauguraci\u00f3n, [&hellip;]<\/p>\n","protected":false},"author":1,"featured_media":993,"comment_status":"open","ping_status":"open","sticky":false,"template":"","format":"standard","meta":{"_acf_changed":false,"_jetpack_memberships_contains_paid_content":false,"footnotes":""},"categories":[3],"tags":[50],"class_list":["post-992","post","type-post","status-publish","format-standard","has-post-thumbnail","hentry","category-noticias","tag-santo-domingo"],"acf":[],"yoast_head":"<!-- This site is optimized with the Yoast SEO plugin v27.0 - https:\/\/yoast.com\/product\/yoast-seo-wordpress\/ -->\r\n<title>CAID celebra 8vo. Aniversario - CAID<\/title>\r\n<meta name=\"robots\" content=\"index, follow, max-snippet:-1, max-image-preview:large, max-video-preview:-1\" \/>\r\n<link rel=\"canonical\" href=\"https:\/\/caid.gob.do\/caid\/caid-celebra-8vo-aniversario\/\" \/>\r\n<meta property=\"og:locale\" content=\"es_ES\" \/>\r\n<meta property=\"og:type\" content=\"article\" \/>\r\n<meta property=\"og:title\" content=\"CAID celebra 8vo. Aniversario - CAID\" \/>\r\n<meta property=\"og:description\" content=\"Lunes, 29 Noviembre 2021 Santo Domingo, D.N. Al cumplirse ocho a\u00f1os del inicio de sus labores, el Centro de Atenci\u00f3n Integral para la Discapacidad, celebr\u00f3 los logros alcanzados en este a\u00f1o de gesti\u00f3n, y afianz\u00f3 el compromiso de brindar asistencia con calidad profesional y tecnol\u00f3gica a la poblaci\u00f3n con condiciones de discapacidad. Desde su inauguraci\u00f3n, [&hellip;]\" \/>\r\n<meta property=\"og:url\" content=\"https:\/\/caid.gob.do\/caid\/caid-celebra-8vo-aniversario\/\" \/>\r\n<meta property=\"og:site_name\" content=\"CAID\" \/>\r\n<meta property=\"article:publisher\" content=\"https:\/\/www.facebook.com\/redcaidrd\" \/>\r\n<meta property=\"article:published_time\" content=\"2022-03-21T15:44:22+00:00\" \/>\r\n<meta property=\"article:modified_time\" content=\"2023-08-14T13:41:52+00:00\" \/>\r\n<meta property=\"og:image\" content=\"https:\/\/caid.gob.do\/caid\/wp-content\/uploads\/caid-fachada-oeste-2-e1661787876735.jpeg\" \/>\r\n\t<meta property=\"og:image:width\" content=\"1280\" \/>\r\n\t<meta property=\"og:image:height\" content=\"528\" \/>\r\n\t<meta property=\"og:image:type\" content=\"image\/jpeg\" \/>\r\n<meta name=\"author\" content=\"j.ortega\" \/>\r\n<meta name=\"twitter:card\" content=\"summary_large_image\" \/>\r\n<meta name=\"twitter:creator\" content=\"@CAIDRDO\" \/>\r\n<meta name=\"twitter:site\" content=\"@CAIDRDO\" \/>\r\n<meta name=\"twitter:label1\" content=\"Written by\" \/>\n\t<meta name=\"twitter:data1\" content=\"j.ortega\" \/>\n\t<meta name=\"twitter:label2\" content=\"Est. reading time\" \/>\n\t<meta name=\"twitter:data2\" content=\"1 minuto\" \/>\r\n<script type=\"application\/ld+json\" class=\"yoast-schema-graph\">{\"@context\":\"https:\/\/schema.org\",\"@graph\":[{\"@type\":\"Article\",\"@id\":\"https:\/\/caid.gob.do\/caid\/caid-celebra-8vo-aniversario\/#article\",\"isPartOf\":{\"@id\":\"https:\/\/caid.gob.do\/caid\/caid-celebra-8vo-aniversario\/\"},\"author\":{\"name\":\"j.ortega\",\"@id\":\"https:\/\/caid.gob.do\/caid\/#\/schema\/person\/eabe18a8e75d76804c0ab7a18828fb37\"},\"headline\":\"CAID celebra 8vo. Aniversario\",\"datePublished\":\"2022-03-21T15:44:22+00:00\",\"dateModified\":\"2023-08-14T13:41:52+00:00\",\"mainEntityOfPage\":{\"@id\":\"https:\/\/caid.gob.do\/caid\/caid-celebra-8vo-aniversario\/\"},\"wordCount\":216,\"commentCount\":0,\"publisher\":{\"@id\":\"https:\/\/caid.gob.do\/caid\/#organization\"},\"image\":{\"@id\":\"https:\/\/caid.gob.do\/caid\/caid-celebra-8vo-aniversario\/#primaryimage\"},\"thumbnailUrl\":\"\",\"keywords\":[\"Santo Domingo\"],\"articleSection\":[\"Noticias\"],\"inLanguage\":\"es-DO\",\"potentialAction\":[{\"@type\":\"CommentAction\",\"name\":\"Comment\",\"target\":[\"https:\/\/caid.gob.do\/caid\/caid-celebra-8vo-aniversario\/#respond\"]}]},{\"@type\":\"WebPage\",\"@id\":\"https:\/\/caid.gob.do\/caid\/caid-celebra-8vo-aniversario\/\",\"url\":\"https:\/\/caid.gob.do\/caid\/caid-celebra-8vo-aniversario\/\",\"name\":\"CAID celebra 8vo. Aniversario - CAID\",\"isPartOf\":{\"@id\":\"https:\/\/caid.gob.do\/caid\/#website\"},\"primaryImageOfPage\":{\"@id\":\"https:\/\/caid.gob.do\/caid\/caid-celebra-8vo-aniversario\/#primaryimage\"},\"image\":{\"@id\":\"https:\/\/caid.gob.do\/caid\/caid-celebra-8vo-aniversario\/#primaryimage\"},\"thumbnailUrl\":\"\",\"datePublished\":\"2022-03-21T15:44:22+00:00\",\"dateModified\":\"2023-08-14T13:41:52+00:00\",\"breadcrumb\":{\"@id\":\"https:\/\/caid.gob.do\/caid\/caid-celebra-8vo-aniversario\/#breadcrumb\"},\"inLanguage\":\"es-DO\",\"potentialAction\":[{\"@type\":\"ReadAction\",\"target\":[\"https:\/\/caid.gob.do\/caid\/caid-celebra-8vo-aniversario\/\"]}]},{\"@type\":\"ImageObject\",\"inLanguage\":\"es-DO\",\"@id\":\"https:\/\/caid.gob.do\/caid\/caid-celebra-8vo-aniversario\/#primaryimage\",\"url\":\"\",\"contentUrl\":\"\"},{\"@type\":\"BreadcrumbList\",\"@id\":\"https:\/\/caid.gob.do\/caid\/caid-celebra-8vo-aniversario\/#breadcrumb\",\"itemListElement\":[{\"@type\":\"ListItem\",\"position\":1,\"name\":\"Est\u00e1s aqu\u00ed:\",\"item\":\"https:\/\/caid.gob.do\/caid\/\"},{\"@type\":\"ListItem\",\"position\":2,\"name\":\"Noticias\",\"item\":\"https:\/\/caid.gob.do\/caid\/category\/noticias\/\"},{\"@type\":\"ListItem\",\"position\":3,\"name\":\"CAID celebra 8vo. Aniversario\"}]},{\"@type\":\"WebSite\",\"@id\":\"https:\/\/caid.gob.do\/caid\/#website\",\"url\":\"https:\/\/caid.gob.do\/caid\/\",\"name\":\"CAID\",\"description\":\"Centro de Atenci\u00f3n Integral a la Discapacidad\",\"publisher\":{\"@id\":\"https:\/\/caid.gob.do\/caid\/#organization\"},\"potentialAction\":[{\"@type\":\"SearchAction\",\"target\":{\"@type\":\"EntryPoint\",\"urlTemplate\":\"https:\/\/caid.gob.do\/caid\/?s={search_term_string}\"},\"query-input\":{\"@type\":\"PropertyValueSpecification\",\"valueRequired\":true,\"valueName\":\"search_term_string\"}}],\"inLanguage\":\"es-DO\"},{\"@type\":\"Organization\",\"@id\":\"https:\/\/caid.gob.do\/caid\/#organization\",\"name\":\"Centro de Atenci\u00f3n Integral para la Discapacidad\",\"url\":\"https:\/\/caid.gob.do\/caid\/\",\"logo\":{\"@type\":\"ImageObject\",\"inLanguage\":\"es-DO\",\"@id\":\"https:\/\/caid.gob.do\/caid\/#\/schema\/logo\/image\/\",\"url\":\"https:\/\/caid.gob.do\/caid\/wp-content\/uploads\/CAID-LOGOS-EN-PNG_Mesa-de-trabajo-1-2-1024x505-1.png\",\"contentUrl\":\"https:\/\/caid.gob.do\/caid\/wp-content\/uploads\/CAID-LOGOS-EN-PNG_Mesa-de-trabajo-1-2-1024x505-1.png\",\"width\":1024,\"height\":505,\"caption\":\"Centro de Atenci\u00f3n Integral para la Discapacidad\"},\"image\":{\"@id\":\"https:\/\/caid.gob.do\/caid\/#\/schema\/logo\/image\/\"},\"sameAs\":[\"https:\/\/www.facebook.com\/redcaidrd\",\"https:\/\/x.com\/CAIDRDO\",\"https:\/\/www.instagram.com\/caidrd\/\",\"https:\/\/www.youtube.com\/channel\/UCLnt-fnRlxQdgJQwjgWkrCg\"]},{\"@type\":\"Person\",\"@id\":\"https:\/\/caid.gob.do\/caid\/#\/schema\/person\/eabe18a8e75d76804c0ab7a18828fb37\",\"name\":\"j.ortega\",\"image\":{\"@type\":\"ImageObject\",\"inLanguage\":\"es-DO\",\"@id\":\"https:\/\/caid.gob.do\/caid\/#\/schema\/person\/image\/\",\"url\":\"https:\/\/secure.gravatar.com\/avatar\/375f8cefc66fc63362d75424f6f727ddbbecd8c33b29ce1234841e4c4c30563f?s=96&d=mm&r=g\",\"contentUrl\":\"https:\/\/secure.gravatar.com\/avatar\/375f8cefc66fc63362d75424f6f727ddbbecd8c33b29ce1234841e4c4c30563f?s=96&d=mm&r=g\",\"caption\":\"j.ortega\"},\"sameAs\":[\"https:\/\/caid.gob.do\/caid\"],\"url\":\"https:\/\/caid.gob.do\/caid\/author\/j-ortega\/\"}]}<\/script>\r\n<!-- \/ Yoast SEO plugin. -->","yoast_head_json":{"title":"CAID celebra 8vo. Aniversario - CAID","robots":{"index":"index","follow":"follow","max-snippet":"max-snippet:-1","max-image-preview":"max-image-preview:large","max-video-preview":"max-video-preview:-1"},"canonical":"https:\/\/caid.gob.do\/caid\/caid-celebra-8vo-aniversario\/","og_locale":"es_ES","og_type":"article","og_title":"CAID celebra 8vo. Aniversario - CAID","og_description":"Lunes, 29 Noviembre 2021 Santo Domingo, D.N. Al cumplirse ocho a\u00f1os del inicio de sus labores, el Centro de Atenci\u00f3n Integral para la Discapacidad, celebr\u00f3 los logros alcanzados en este a\u00f1o de gesti\u00f3n, y afianz\u00f3 el compromiso de brindar asistencia con calidad profesional y tecnol\u00f3gica a la poblaci\u00f3n con condiciones de discapacidad. Desde su inauguraci\u00f3n, [&hellip;]","og_url":"https:\/\/caid.gob.do\/caid\/caid-celebra-8vo-aniversario\/","og_site_name":"CAID","article_publisher":"https:\/\/www.facebook.com\/redcaidrd","article_published_time":"2022-03-21T15:44:22+00:00","article_modified_time":"2023-08-14T13:41:52+00:00","og_image":[{"width":1280,"height":528,"url":"https:\/\/caid.gob.do\/caid\/wp-content\/uploads\/caid-fachada-oeste-2-e1661787876735.jpeg","type":"image\/jpeg"}],"author":"j.ortega","twitter_card":"summary_large_image","twitter_creator":"@CAIDRDO","twitter_site":"@CAIDRDO","twitter_misc":{"Written by":"j.ortega","Est. reading time":"1 minuto"},"schema":{"@context":"https:\/\/schema.org","@graph":[{"@type":"Article","@id":"https:\/\/caid.gob.do\/caid\/caid-celebra-8vo-aniversario\/#article","isPartOf":{"@id":"https:\/\/caid.gob.do\/caid\/caid-celebra-8vo-aniversario\/"},"author":{"name":"j.ortega","@id":"https:\/\/caid.gob.do\/caid\/#\/schema\/person\/eabe18a8e75d76804c0ab7a18828fb37"},"headline":"CAID celebra 8vo. Aniversario","datePublished":"2022-03-21T15:44:22+00:00","dateModified":"2023-08-14T13:41:52+00:00","mainEntityOfPage":{"@id":"https:\/\/caid.gob.do\/caid\/caid-celebra-8vo-aniversario\/"},"wordCount":216,"commentCount":0,"publisher":{"@id":"https:\/\/caid.gob.do\/caid\/#organization"},"image":{"@id":"https:\/\/caid.gob.do\/caid\/caid-celebra-8vo-aniversario\/#primaryimage"},"thumbnailUrl":"","keywords":["Santo Domingo"],"articleSection":["Noticias"],"inLanguage":"es-DO","potentialAction":[{"@type":"CommentAction","name":"Comment","target":["https:\/\/caid.gob.do\/caid\/caid-celebra-8vo-aniversario\/#respond"]}]},{"@type":"WebPage","@id":"https:\/\/caid.gob.do\/caid\/caid-celebra-8vo-aniversario\/","url":"https:\/\/caid.gob.do\/caid\/caid-celebra-8vo-aniversario\/","name":"CAID celebra 8vo. Aniversario - CAID","isPartOf":{"@id":"https:\/\/caid.gob.do\/caid\/#website"},"primaryImageOfPage":{"@id":"https:\/\/caid.gob.do\/caid\/caid-celebra-8vo-aniversario\/#primaryimage"},"image":{"@id":"https:\/\/caid.gob.do\/caid\/caid-celebra-8vo-aniversario\/#primaryimage"},"thumbnailUrl":"","datePublished":"2022-03-21T15:44:22+00:00","dateModified":"2023-08-14T13:41:52+00:00","breadcrumb":{"@id":"https:\/\/caid.gob.do\/caid\/caid-celebra-8vo-aniversario\/#breadcrumb"},"inLanguage":"es-DO","potentialAction":[{"@type":"ReadAction","target":["https:\/\/caid.gob.do\/caid\/caid-celebra-8vo-aniversario\/"]}]},{"@type":"ImageObject","inLanguage":"es-DO","@id":"https:\/\/caid.gob.do\/caid\/caid-celebra-8vo-aniversario\/#primaryimage","url":"","contentUrl":""},{"@type":"BreadcrumbList","@id":"https:\/\/caid.gob.do\/caid\/caid-celebra-8vo-aniversario\/#breadcrumb","itemListElement":[{"@type":"ListItem","position":1,"name":"Est\u00e1s aqu\u00ed:","item":"https:\/\/caid.gob.do\/caid\/"},{"@type":"ListItem","position":2,"name":"Noticias","item":"https:\/\/caid.gob.do\/caid\/category\/noticias\/"},{"@type":"ListItem","position":3,"name":"CAID celebra 8vo. Aniversario"}]},{"@type":"WebSite","@id":"https:\/\/caid.gob.do\/caid\/#website","url":"https:\/\/caid.gob.do\/caid\/","name":"CAID","description":"Centro de Atenci\u00f3n Integral a la Discapacidad","publisher":{"@id":"https:\/\/caid.gob.do\/caid\/#organization"},"potentialAction":[{"@type":"SearchAction","target":{"@type":"EntryPoint","urlTemplate":"https:\/\/caid.gob.do\/caid\/?s={search_term_string}"},"query-input":{"@type":"PropertyValueSpecification","valueRequired":true,"valueName":"search_term_string"}}],"inLanguage":"es-DO"},{"@type":"Organization","@id":"https:\/\/caid.gob.do\/caid\/#organization","name":"Centro de Atenci\u00f3n Integral para la Discapacidad","url":"https:\/\/caid.gob.do\/caid\/","logo":{"@type":"ImageObject","inLanguage":"es-DO","@id":"https:\/\/caid.gob.do\/caid\/#\/schema\/logo\/image\/","url":"https:\/\/caid.gob.do\/caid\/wp-content\/uploads\/CAID-LOGOS-EN-PNG_Mesa-de-trabajo-1-2-1024x505-1.png","contentUrl":"https:\/\/caid.gob.do\/caid\/wp-content\/uploads\/CAID-LOGOS-EN-PNG_Mesa-de-trabajo-1-2-1024x505-1.png","width":1024,"height":505,"caption":"Centro de Atenci\u00f3n Integral para la Discapacidad"},"image":{"@id":"https:\/\/caid.gob.do\/caid\/#\/schema\/logo\/image\/"},"sameAs":["https:\/\/www.facebook.com\/redcaidrd","https:\/\/x.com\/CAIDRDO","https:\/\/www.instagram.com\/caidrd\/","https:\/\/www.youtube.com\/channel\/UCLnt-fnRlxQdgJQwjgWkrCg"]},{"@type":"Person","@id":"https:\/\/caid.gob.do\/caid\/#\/schema\/person\/eabe18a8e75d76804c0ab7a18828fb37","name":"j.ortega","image":{"@type":"ImageObject","inLanguage":"es-DO","@id":"https:\/\/caid.gob.do\/caid\/#\/schema\/person\/image\/","url":"https:\/\/secure.gravatar.com\/avatar\/375f8cefc66fc63362d75424f6f727ddbbecd8c33b29ce1234841e4c4c30563f?s=96&d=mm&r=g","contentUrl":"https:\/\/secure.gravatar.com\/avatar\/375f8cefc66fc63362d75424f6f727ddbbecd8c33b29ce1234841e4c4c30563f?s=96&d=mm&r=g","caption":"j.ortega"},"sameAs":["https:\/\/caid.gob.do\/caid"],"url":"https:\/\/caid.gob.do\/caid\/author\/j-ortega\/"}]}},"jetpack_featured_media_url":"","jetpack_sharing_enabled":true,"_links":{"self":[{"href":"https:\/\/caid.gob.do\/caid\/wp-json\/wp\/v2\/posts\/992","targetHints":{"allow":["GET"]}}],"collection":[{"href":"https:\/\/caid.gob.do\/caid\/wp-json\/wp\/v2\/posts"}],"about":[{"href":"https:\/\/caid.gob.do\/caid\/wp-json\/wp\/v2\/types\/post"}],"author":[{"embeddable":true,"href":"https:\/\/caid.gob.do\/caid\/wp-json\/wp\/v2\/users\/1"}],"replies":[{"embeddable":true,"href":"https:\/\/caid.gob.do\/caid\/wp-json\/wp\/v2\/comments?post=992"}],"version-history":[{"count":1,"href":"https:\/\/caid.gob.do\/caid\/wp-json\/wp\/v2\/posts\/992\/revisions"}],"predecessor-version":[{"id":13822,"href":"https:\/\/caid.gob.do\/caid\/wp-json\/wp\/v2\/posts\/992\/revisions\/13822"}],"wp:featuredmedia":[{"embeddable":true,"href":"https:\/\/caid.gob.do\/caid\/wp-json\/"}],"wp:attachment":[{"href":"https:\/\/caid.gob.do\/caid\/wp-json\/wp\/v2\/media?parent=992"}],"wp:term":[{"taxonomy":"category","embeddable":true,"href":"https:\/\/caid.gob.do\/caid\/wp-json\/wp\/v2\/categories?post=992"},{"taxonomy":"post_tag","embeddable":true,"href":"https:\/\/caid.gob.do\/caid\/wp-json\/wp\/v2\/tags?post=992"}],"curies":[{"name":"wp","href":"https:\/\/api.w.org\/{rel}","templated":true}]}}