{"id":998,"date":"2022-03-21T11:55:17","date_gmt":"2022-03-21T15:55:17","guid":{"rendered":"https:\/\/caid.gob.do\/?p=998"},"modified":"2023-08-14T09:42:16","modified_gmt":"2023-08-14T13:42:16","slug":"festival-infantil-de-talentos-caid-san-juan","status":"publish","type":"post","link":"https:\/\/caid.gob.do\/caid\/festival-infantil-de-talentos-caid-san-juan\/","title":{"rendered":"Festival infantil de talentos CAID San Juan"},"content":{"rendered":"\n<p><strong>Lunes, 06 Diciembre 2021<\/strong><\/p>\n\n\n\n<p>Con motivo de la navidad, el Centro de Atenci\u00f3n Integral para la Discapacidad (CAID) San Juan, celebr\u00f3 un festival infantil de talentos, donde los grandes protagonistas fueron los ni\u00f1os usuarios de sus servicios.<\/p>\n\n\n\n<p>En este evento los ni\u00f1os y ni\u00f1as cantaron, declamaron, leyeron cuentos, modelaron, presentaron un mural y manualidades realizadas por ellos, destac\u00e1ndose que una canci\u00f3n y uno de los cuentos presentados en el repertorio fueron autor\u00eda de los propios ni\u00f1os, mostrando que sin importar su condici\u00f3n, cada ni\u00f1o tiene su talento.<\/p>\n\n\n\n<p>El festival empez\u00f3 con una c\u00e1lida bienvenida dada por la ni\u00f1a Skeilyn a todos los presentes, entre los que estaban padres, madres, cuidadores, personal de todas las \u00e1reas del CAID. Seguido de esto se procedi\u00f3 a la decoraci\u00f3n y al encendido simb\u00f3lico del \u00e1rbol de navidad, por parte de los m\u00e1s peque\u00f1ines, del \u00e1rea de Atenci\u00f3n Temprana del Centro.<\/p>\n\n\n\n<p>Los nuevos escritores que debutaron en el evento son el ni\u00f1o Jerinson, quien ley\u00f3 el cuento \u201cRegalos en Navidad\u201d de su autor\u00eda y la ni\u00f1a Kaylinne quien interpret\u00f3 su canci\u00f3n \u201cLa Navidad es Hermosa\u201d, robando el asombro y los aplausos de los presentes.<\/p>\n\n\n\n<p>Por su parte y en diferentes momentos, los ni\u00f1os Richard, Wilmer y Mois\u00e9s realizaron la lectura de sendos poemas, pero a Mois\u00e9s el p\u00fablico le sorprendi\u00f3 cant\u00e1ndole \u201cCumplea\u00f1os feliz\u201d al final de su presentaci\u00f3n, al anunciarse que estaba celebrando su natalicio ese d\u00eda.<\/p>\n\n\n\n<p>Las&nbsp; presentaciones art\u00edsticas fueron muy variadas, llamando mucho la atenci\u00f3n de los presentes la sesi\u00f3n de modelaje que realizaron los ni\u00f1os Skeilyn y Erick, llevando cada uno una pancarta que dec\u00eda: \u201cFeliz navidad CAID\u201d y \u201cQue el mejor adorno en navidad sea una gran sonrisa\u201d.<\/p>\n\n\n\n<p>El p\u00fablico se emocion\u00f3, cant\u00f3 y bail\u00f3 a coro con el ni\u00f1o Richard, quien utilizando una pista de karaoke interpret\u00f3 magistralmente una hermosa y movida canci\u00f3n de navidad. Mientras que el ni\u00f1o Samuel cerr\u00f3 el evento con la entrega de vistosas tarjetas navide\u00f1as a los presentes, preparadas por ni\u00f1os y terapeutas del Centro.<\/p>\n\n\n\n<p>El&nbsp; Dr. Fausto Mart\u00ednez, director del CAID, en unas emotivas palabras destac\u00f3 lo propicio de la temporada navide\u00f1a para que los ni\u00f1os nos demuestren que ellos pueden, que solo debemos darle las herramientas y la oportunidad, asegurando que toda esta demostraci\u00f3n de talento fue posible gracias a la disponibilidad de los padres y a la entrega del personal del CAID que estuvo preparando a los ni\u00f1os y acompa\u00f1ando a las familias.<\/p>\n\n\n\n<p>Por su parte, algunos padres expresaron su agradecimiento por todo el apoyo que cada d\u00eda sus hijos y familias reciben de todo el personal del CAID, destacando que es un privilegio y un orgullo poder ver que sus hijos puedan ser parte de un festival de talentos organizado por el Centro.<\/p>\n\n\n\n<figure class=\"wp-block-gallery has-nested-images columns-default is-cropped wp-block-gallery-1 is-layout-flex wp-block-gallery-is-layout-flex\">\n<figure class=\"wp-block-image size-large\"><img decoding=\"async\" data-id=\"1002\" src=\"https:\/\/caid.gob.do\/caid\/wp-content\/uploads\/2022\/03\/Talent-Show-SJ-_002-1-1024x576.jpg\" alt=\"\" class=\"wp-image-1002\" \/><\/figure>\n\n\n\n<figure class=\"wp-block-image size-large\"><img decoding=\"async\" data-id=\"999\" src=\"https:\/\/caid.gob.do\/caid\/wp-content\/uploads\/2022\/03\/Talent-Show-SJ-_003-1-1024x576.jpg\" alt=\"\" class=\"wp-image-999\" \/><\/figure>\n\n\n\n<figure class=\"wp-block-image size-large\"><img decoding=\"async\" data-id=\"1000\" src=\"https:\/\/caid.gob.do\/caid\/wp-content\/uploads\/2022\/03\/Talent-Show-SJ-_004-1024x576.jpg\" alt=\"\" class=\"wp-image-1000\" \/><\/figure>\n\n\n\n<figure class=\"wp-block-image size-large\"><img decoding=\"async\" data-id=\"1001\" src=\"https:\/\/caid.gob.do\/caid\/wp-content\/uploads\/2022\/03\/Talent-Show-SJ-_005-1024x576.jpg\" alt=\"\" class=\"wp-image-1001\" \/><\/figure>\n<\/figure>\n","protected":false},"excerpt":{"rendered":"<p>Lunes, 06 Diciembre 2021 Con motivo de la navidad, el Centro de Atenci\u00f3n Integral para la Discapacidad (CAID) San Juan, celebr\u00f3 un festival infantil de talentos, donde los grandes protagonistas fueron los ni\u00f1os usuarios de sus servicios. En este evento los ni\u00f1os y ni\u00f1as cantaron, declamaron, leyeron cuentos, modelaron, presentaron un mural y manualidades realizadas [&hellip;]<\/p>\n","protected":false},"author":1,"featured_media":1003,"comment_status":"open","ping_status":"open","sticky":false,"template":"","format":"standard","meta":{"_acf_changed":false,"_jetpack_memberships_contains_paid_content":false,"footnotes":""},"categories":[3],"tags":[52],"class_list":["post-998","post","type-post","status-publish","format-standard","has-post-thumbnail","hentry","category-noticias","tag-san-juan-de-la-maguana"],"acf":[],"yoast_head":"<!-- This site is optimized with the Yoast SEO plugin v27.0 - https:\/\/yoast.com\/product\/yoast-seo-wordpress\/ -->\r\n<title>Festival infantil de talentos CAID San Juan - CAID<\/title>\r\n<meta name=\"robots\" content=\"index, follow, max-snippet:-1, max-image-preview:large, max-video-preview:-1\" \/>\r\n<link rel=\"canonical\" href=\"https:\/\/caid.gob.do\/caid\/festival-infantil-de-talentos-caid-san-juan\/\" \/>\r\n<meta property=\"og:locale\" content=\"es_ES\" \/>\r\n<meta property=\"og:type\" content=\"article\" \/>\r\n<meta property=\"og:title\" content=\"Festival infantil de talentos CAID San Juan - CAID\" \/>\r\n<meta property=\"og:description\" content=\"Lunes, 06 Diciembre 2021 Con motivo de la navidad, el Centro de Atenci\u00f3n Integral para la Discapacidad (CAID) San Juan, celebr\u00f3 un festival infantil de talentos, donde los grandes protagonistas fueron los ni\u00f1os usuarios de sus servicios. En este evento los ni\u00f1os y ni\u00f1as cantaron, declamaron, leyeron cuentos, modelaron, presentaron un mural y manualidades realizadas [&hellip;]\" \/>\r\n<meta property=\"og:url\" content=\"https:\/\/caid.gob.do\/caid\/festival-infantil-de-talentos-caid-san-juan\/\" \/>\r\n<meta property=\"og:site_name\" content=\"CAID\" \/>\r\n<meta property=\"article:publisher\" content=\"https:\/\/www.facebook.com\/redcaidrd\" \/>\r\n<meta property=\"article:published_time\" content=\"2022-03-21T15:55:17+00:00\" \/>\r\n<meta property=\"article:modified_time\" content=\"2023-08-14T13:42:16+00:00\" \/>\r\n<meta property=\"og:image\" content=\"https:\/\/caid.gob.do\/caid\/wp-content\/uploads\/caid-fachada-oeste-2-e1661787876735.jpeg\" \/>\r\n\t<meta property=\"og:image:width\" content=\"1280\" \/>\r\n\t<meta property=\"og:image:height\" content=\"528\" \/>\r\n\t<meta property=\"og:image:type\" content=\"image\/jpeg\" \/>\r\n<meta name=\"author\" content=\"j.ortega\" \/>\r\n<meta name=\"twitter:card\" content=\"summary_large_image\" \/>\r\n<meta name=\"twitter:creator\" content=\"@CAIDRDO\" \/>\r\n<meta name=\"twitter:site\" content=\"@CAIDRDO\" \/>\r\n<meta name=\"twitter:label1\" content=\"Written by\" \/>\n\t<meta name=\"twitter:data1\" content=\"j.ortega\" \/>\n\t<meta name=\"twitter:label2\" content=\"Est. reading time\" \/>\n\t<meta name=\"twitter:data2\" content=\"2 minutos\" \/>\r\n<script type=\"application\/ld+json\" class=\"yoast-schema-graph\">{\"@context\":\"https:\/\/schema.org\",\"@graph\":[{\"@type\":\"Article\",\"@id\":\"https:\/\/caid.gob.do\/caid\/festival-infantil-de-talentos-caid-san-juan\/#article\",\"isPartOf\":{\"@id\":\"https:\/\/caid.gob.do\/caid\/festival-infantil-de-talentos-caid-san-juan\/\"},\"author\":{\"name\":\"j.ortega\",\"@id\":\"https:\/\/caid.gob.do\/caid\/#\/schema\/person\/eabe18a8e75d76804c0ab7a18828fb37\"},\"headline\":\"Festival infantil de talentos CAID San Juan\",\"datePublished\":\"2022-03-21T15:55:17+00:00\",\"dateModified\":\"2023-08-14T13:42:16+00:00\",\"mainEntityOfPage\":{\"@id\":\"https:\/\/caid.gob.do\/caid\/festival-infantil-de-talentos-caid-san-juan\/\"},\"wordCount\":506,\"commentCount\":0,\"publisher\":{\"@id\":\"https:\/\/caid.gob.do\/caid\/#organization\"},\"image\":{\"@id\":\"https:\/\/caid.gob.do\/caid\/festival-infantil-de-talentos-caid-san-juan\/#primaryimage\"},\"thumbnailUrl\":\"\",\"keywords\":[\"San Juan de la Maguana\"],\"articleSection\":[\"Noticias\"],\"inLanguage\":\"es-DO\",\"potentialAction\":[{\"@type\":\"CommentAction\",\"name\":\"Comment\",\"target\":[\"https:\/\/caid.gob.do\/caid\/festival-infantil-de-talentos-caid-san-juan\/#respond\"]}]},{\"@type\":\"WebPage\",\"@id\":\"https:\/\/caid.gob.do\/caid\/festival-infantil-de-talentos-caid-san-juan\/\",\"url\":\"https:\/\/caid.gob.do\/caid\/festival-infantil-de-talentos-caid-san-juan\/\",\"name\":\"Festival infantil de talentos CAID San Juan - CAID\",\"isPartOf\":{\"@id\":\"https:\/\/caid.gob.do\/caid\/#website\"},\"primaryImageOfPage\":{\"@id\":\"https:\/\/caid.gob.do\/caid\/festival-infantil-de-talentos-caid-san-juan\/#primaryimage\"},\"image\":{\"@id\":\"https:\/\/caid.gob.do\/caid\/festival-infantil-de-talentos-caid-san-juan\/#primaryimage\"},\"thumbnailUrl\":\"\",\"datePublished\":\"2022-03-21T15:55:17+00:00\",\"dateModified\":\"2023-08-14T13:42:16+00:00\",\"breadcrumb\":{\"@id\":\"https:\/\/caid.gob.do\/caid\/festival-infantil-de-talentos-caid-san-juan\/#breadcrumb\"},\"inLanguage\":\"es-DO\",\"potentialAction\":[{\"@type\":\"ReadAction\",\"target\":[\"https:\/\/caid.gob.do\/caid\/festival-infantil-de-talentos-caid-san-juan\/\"]}]},{\"@type\":\"ImageObject\",\"inLanguage\":\"es-DO\",\"@id\":\"https:\/\/caid.gob.do\/caid\/festival-infantil-de-talentos-caid-san-juan\/#primaryimage\",\"url\":\"\",\"contentUrl\":\"\"},{\"@type\":\"BreadcrumbList\",\"@id\":\"https:\/\/caid.gob.do\/caid\/festival-infantil-de-talentos-caid-san-juan\/#breadcrumb\",\"itemListElement\":[{\"@type\":\"ListItem\",\"position\":1,\"name\":\"Est\u00e1s aqu\u00ed:\",\"item\":\"https:\/\/caid.gob.do\/caid\/\"},{\"@type\":\"ListItem\",\"position\":2,\"name\":\"Noticias\",\"item\":\"https:\/\/caid.gob.do\/caid\/category\/noticias\/\"},{\"@type\":\"ListItem\",\"position\":3,\"name\":\"Festival infantil de talentos CAID San Juan\"}]},{\"@type\":\"WebSite\",\"@id\":\"https:\/\/caid.gob.do\/caid\/#website\",\"url\":\"https:\/\/caid.gob.do\/caid\/\",\"name\":\"CAID\",\"description\":\"Centro de Atenci\u00f3n Integral a la Discapacidad\",\"publisher\":{\"@id\":\"https:\/\/caid.gob.do\/caid\/#organization\"},\"potentialAction\":[{\"@type\":\"SearchAction\",\"target\":{\"@type\":\"EntryPoint\",\"urlTemplate\":\"https:\/\/caid.gob.do\/caid\/?s={search_term_string}\"},\"query-input\":{\"@type\":\"PropertyValueSpecification\",\"valueRequired\":true,\"valueName\":\"search_term_string\"}}],\"inLanguage\":\"es-DO\"},{\"@type\":\"Organization\",\"@id\":\"https:\/\/caid.gob.do\/caid\/#organization\",\"name\":\"Centro de Atenci\u00f3n Integral para la Discapacidad\",\"url\":\"https:\/\/caid.gob.do\/caid\/\",\"logo\":{\"@type\":\"ImageObject\",\"inLanguage\":\"es-DO\",\"@id\":\"https:\/\/caid.gob.do\/caid\/#\/schema\/logo\/image\/\",\"url\":\"https:\/\/caid.gob.do\/caid\/wp-content\/uploads\/CAID-LOGOS-EN-PNG_Mesa-de-trabajo-1-2-1024x505-1.png\",\"contentUrl\":\"https:\/\/caid.gob.do\/caid\/wp-content\/uploads\/CAID-LOGOS-EN-PNG_Mesa-de-trabajo-1-2-1024x505-1.png\",\"width\":1024,\"height\":505,\"caption\":\"Centro de Atenci\u00f3n Integral para la Discapacidad\"},\"image\":{\"@id\":\"https:\/\/caid.gob.do\/caid\/#\/schema\/logo\/image\/\"},\"sameAs\":[\"https:\/\/www.facebook.com\/redcaidrd\",\"https:\/\/x.com\/CAIDRDO\",\"https:\/\/www.instagram.com\/caidrd\/\",\"https:\/\/www.youtube.com\/channel\/UCLnt-fnRlxQdgJQwjgWkrCg\"]},{\"@type\":\"Person\",\"@id\":\"https:\/\/caid.gob.do\/caid\/#\/schema\/person\/eabe18a8e75d76804c0ab7a18828fb37\",\"name\":\"j.ortega\",\"image\":{\"@type\":\"ImageObject\",\"inLanguage\":\"es-DO\",\"@id\":\"https:\/\/caid.gob.do\/caid\/#\/schema\/person\/image\/\",\"url\":\"https:\/\/secure.gravatar.com\/avatar\/375f8cefc66fc63362d75424f6f727ddbbecd8c33b29ce1234841e4c4c30563f?s=96&d=mm&r=g\",\"contentUrl\":\"https:\/\/secure.gravatar.com\/avatar\/375f8cefc66fc63362d75424f6f727ddbbecd8c33b29ce1234841e4c4c30563f?s=96&d=mm&r=g\",\"caption\":\"j.ortega\"},\"sameAs\":[\"https:\/\/caid.gob.do\/caid\"],\"url\":\"https:\/\/caid.gob.do\/caid\/author\/j-ortega\/\"}]}<\/script>\r\n<!-- \/ Yoast SEO plugin. -->","yoast_head_json":{"title":"Festival infantil de talentos CAID San Juan - CAID","robots":{"index":"index","follow":"follow","max-snippet":"max-snippet:-1","max-image-preview":"max-image-preview:large","max-video-preview":"max-video-preview:-1"},"canonical":"https:\/\/caid.gob.do\/caid\/festival-infantil-de-talentos-caid-san-juan\/","og_locale":"es_ES","og_type":"article","og_title":"Festival infantil de talentos CAID San Juan - CAID","og_description":"Lunes, 06 Diciembre 2021 Con motivo de la navidad, el Centro de Atenci\u00f3n Integral para la Discapacidad (CAID) San Juan, celebr\u00f3 un festival infantil de talentos, donde los grandes protagonistas fueron los ni\u00f1os usuarios de sus servicios. En este evento los ni\u00f1os y ni\u00f1as cantaron, declamaron, leyeron cuentos, modelaron, presentaron un mural y manualidades realizadas [&hellip;]","og_url":"https:\/\/caid.gob.do\/caid\/festival-infantil-de-talentos-caid-san-juan\/","og_site_name":"CAID","article_publisher":"https:\/\/www.facebook.com\/redcaidrd","article_published_time":"2022-03-21T15:55:17+00:00","article_modified_time":"2023-08-14T13:42:16+00:00","og_image":[{"width":1280,"height":528,"url":"https:\/\/caid.gob.do\/caid\/wp-content\/uploads\/caid-fachada-oeste-2-e1661787876735.jpeg","type":"image\/jpeg"}],"author":"j.ortega","twitter_card":"summary_large_image","twitter_creator":"@CAIDRDO","twitter_site":"@CAIDRDO","twitter_misc":{"Written by":"j.ortega","Est. reading time":"2 minutos"},"schema":{"@context":"https:\/\/schema.org","@graph":[{"@type":"Article","@id":"https:\/\/caid.gob.do\/caid\/festival-infantil-de-talentos-caid-san-juan\/#article","isPartOf":{"@id":"https:\/\/caid.gob.do\/caid\/festival-infantil-de-talentos-caid-san-juan\/"},"author":{"name":"j.ortega","@id":"https:\/\/caid.gob.do\/caid\/#\/schema\/person\/eabe18a8e75d76804c0ab7a18828fb37"},"headline":"Festival infantil de talentos CAID San Juan","datePublished":"2022-03-21T15:55:17+00:00","dateModified":"2023-08-14T13:42:16+00:00","mainEntityOfPage":{"@id":"https:\/\/caid.gob.do\/caid\/festival-infantil-de-talentos-caid-san-juan\/"},"wordCount":506,"commentCount":0,"publisher":{"@id":"https:\/\/caid.gob.do\/caid\/#organization"},"image":{"@id":"https:\/\/caid.gob.do\/caid\/festival-infantil-de-talentos-caid-san-juan\/#primaryimage"},"thumbnailUrl":"","keywords":["San Juan de la Maguana"],"articleSection":["Noticias"],"inLanguage":"es-DO","potentialAction":[{"@type":"CommentAction","name":"Comment","target":["https:\/\/caid.gob.do\/caid\/festival-infantil-de-talentos-caid-san-juan\/#respond"]}]},{"@type":"WebPage","@id":"https:\/\/caid.gob.do\/caid\/festival-infantil-de-talentos-caid-san-juan\/","url":"https:\/\/caid.gob.do\/caid\/festival-infantil-de-talentos-caid-san-juan\/","name":"Festival infantil de talentos CAID San Juan - CAID","isPartOf":{"@id":"https:\/\/caid.gob.do\/caid\/#website"},"primaryImageOfPage":{"@id":"https:\/\/caid.gob.do\/caid\/festival-infantil-de-talentos-caid-san-juan\/#primaryimage"},"image":{"@id":"https:\/\/caid.gob.do\/caid\/festival-infantil-de-talentos-caid-san-juan\/#primaryimage"},"thumbnailUrl":"","datePublished":"2022-03-21T15:55:17+00:00","dateModified":"2023-08-14T13:42:16+00:00","breadcrumb":{"@id":"https:\/\/caid.gob.do\/caid\/festival-infantil-de-talentos-caid-san-juan\/#breadcrumb"},"inLanguage":"es-DO","potentialAction":[{"@type":"ReadAction","target":["https:\/\/caid.gob.do\/caid\/festival-infantil-de-talentos-caid-san-juan\/"]}]},{"@type":"ImageObject","inLanguage":"es-DO","@id":"https:\/\/caid.gob.do\/caid\/festival-infantil-de-talentos-caid-san-juan\/#primaryimage","url":"","contentUrl":""},{"@type":"BreadcrumbList","@id":"https:\/\/caid.gob.do\/caid\/festival-infantil-de-talentos-caid-san-juan\/#breadcrumb","itemListElement":[{"@type":"ListItem","position":1,"name":"Est\u00e1s aqu\u00ed:","item":"https:\/\/caid.gob.do\/caid\/"},{"@type":"ListItem","position":2,"name":"Noticias","item":"https:\/\/caid.gob.do\/caid\/category\/noticias\/"},{"@type":"ListItem","position":3,"name":"Festival infantil de talentos CAID San Juan"}]},{"@type":"WebSite","@id":"https:\/\/caid.gob.do\/caid\/#website","url":"https:\/\/caid.gob.do\/caid\/","name":"CAID","description":"Centro de Atenci\u00f3n Integral a la Discapacidad","publisher":{"@id":"https:\/\/caid.gob.do\/caid\/#organization"},"potentialAction":[{"@type":"SearchAction","target":{"@type":"EntryPoint","urlTemplate":"https:\/\/caid.gob.do\/caid\/?s={search_term_string}"},"query-input":{"@type":"PropertyValueSpecification","valueRequired":true,"valueName":"search_term_string"}}],"inLanguage":"es-DO"},{"@type":"Organization","@id":"https:\/\/caid.gob.do\/caid\/#organization","name":"Centro de Atenci\u00f3n Integral para la Discapacidad","url":"https:\/\/caid.gob.do\/caid\/","logo":{"@type":"ImageObject","inLanguage":"es-DO","@id":"https:\/\/caid.gob.do\/caid\/#\/schema\/logo\/image\/","url":"https:\/\/caid.gob.do\/caid\/wp-content\/uploads\/CAID-LOGOS-EN-PNG_Mesa-de-trabajo-1-2-1024x505-1.png","contentUrl":"https:\/\/caid.gob.do\/caid\/wp-content\/uploads\/CAID-LOGOS-EN-PNG_Mesa-de-trabajo-1-2-1024x505-1.png","width":1024,"height":505,"caption":"Centro de Atenci\u00f3n Integral para la Discapacidad"},"image":{"@id":"https:\/\/caid.gob.do\/caid\/#\/schema\/logo\/image\/"},"sameAs":["https:\/\/www.facebook.com\/redcaidrd","https:\/\/x.com\/CAIDRDO","https:\/\/www.instagram.com\/caidrd\/","https:\/\/www.youtube.com\/channel\/UCLnt-fnRlxQdgJQwjgWkrCg"]},{"@type":"Person","@id":"https:\/\/caid.gob.do\/caid\/#\/schema\/person\/eabe18a8e75d76804c0ab7a18828fb37","name":"j.ortega","image":{"@type":"ImageObject","inLanguage":"es-DO","@id":"https:\/\/caid.gob.do\/caid\/#\/schema\/person\/image\/","url":"https:\/\/secure.gravatar.com\/avatar\/375f8cefc66fc63362d75424f6f727ddbbecd8c33b29ce1234841e4c4c30563f?s=96&d=mm&r=g","contentUrl":"https:\/\/secure.gravatar.com\/avatar\/375f8cefc66fc63362d75424f6f727ddbbecd8c33b29ce1234841e4c4c30563f?s=96&d=mm&r=g","caption":"j.ortega"},"sameAs":["https:\/\/caid.gob.do\/caid"],"url":"https:\/\/caid.gob.do\/caid\/author\/j-ortega\/"}]}},"jetpack_featured_media_url":"","jetpack_sharing_enabled":true,"_links":{"self":[{"href":"https:\/\/caid.gob.do\/caid\/wp-json\/wp\/v2\/posts\/998","targetHints":{"allow":["GET"]}}],"collection":[{"href":"https:\/\/caid.gob.do\/caid\/wp-json\/wp\/v2\/posts"}],"about":[{"href":"https:\/\/caid.gob.do\/caid\/wp-json\/wp\/v2\/types\/post"}],"author":[{"embeddable":true,"href":"https:\/\/caid.gob.do\/caid\/wp-json\/wp\/v2\/users\/1"}],"replies":[{"embeddable":true,"href":"https:\/\/caid.gob.do\/caid\/wp-json\/wp\/v2\/comments?post=998"}],"version-history":[{"count":1,"href":"https:\/\/caid.gob.do\/caid\/wp-json\/wp\/v2\/posts\/998\/revisions"}],"predecessor-version":[{"id":13823,"href":"https:\/\/caid.gob.do\/caid\/wp-json\/wp\/v2\/posts\/998\/revisions\/13823"}],"wp:featuredmedia":[{"embeddable":true,"href":"https:\/\/caid.gob.do\/caid\/wp-json\/"}],"wp:attachment":[{"href":"https:\/\/caid.gob.do\/caid\/wp-json\/wp\/v2\/media?parent=998"}],"wp:term":[{"taxonomy":"category","embeddable":true,"href":"https:\/\/caid.gob.do\/caid\/wp-json\/wp\/v2\/categories?post=998"},{"taxonomy":"post_tag","embeddable":true,"href":"https:\/\/caid.gob.do\/caid\/wp-json\/wp\/v2\/tags?post=998"}],"curies":[{"name":"wp","href":"https:\/\/api.w.org\/{rel}","templated":true}]}}